{"id":19643,"date":"2023-08-26T23:19:08","date_gmt":"2023-08-26T21:19:08","guid":{"rendered":"https:\/\/congo-actu.net\/?p=19643"},"modified":"2023-08-26T23:19:09","modified_gmt":"2023-08-26T21:19:09","slug":"rdc-felix-tshisekedi-designe-candidat-de-udps-pour-lelection-presidentielle-2023","status":"publish","type":"post","link":"https:\/\/congo-actu.net\/index.php\/2023\/08\/26\/rdc-felix-tshisekedi-designe-candidat-de-udps-pour-lelection-presidentielle-2023\/","title":{"rendered":"RDC : F\u00e9lix Tshisekedi d\u00e9sign\u00e9 candidat de UDPS pour l&rsquo;\u00e9lection pr\u00e9sidentielle 2023"},"content":{"rendered":"\n<p><strong>En congr\u00e8s extraordinaire ce samedi 26 ao\u00fbt \u00e0 Kinshasa, l&rsquo;Union pour la D\u00e9mocratie et le Progr\u00e8s Social (UDPS\/Tshisekedi), a choisi F\u00e9lix Tshisekedi comme candidat \u00e0 la pr\u00e9sidentielle de d\u00e9cembre 2023.<\/strong><\/p>\n\n\n\n<p>Ce choix est \u00e9galement soutenu par tous les partis de l&rsquo;Union sacr\u00e9e de la nation. F\u00e9lix Tshisekedi est candidat d\u00e9sign\u00e9 pour sa propre succession.<\/p>\n\n\n\n<p>Le pr\u00e9sident du S\u00e9nat, Bahati Lukwebo de l&rsquo;AFDC-A et Billy Kambale de l&rsquo;Union pour la nation congolaise (UNC) de Vital Kamerhe \u00e9taient pr\u00e9sents \u00e0 ce congr\u00e8s extraordinaire.<\/p>\n\n\n\n<p>Il sied de rappeler que l&rsquo;Union pour la Nation Congolaise (UNC) parti cher \u00e0 Vital Kamerhe avait le 19 ao\u00fbt dernier d\u00e9sign\u00e9 F\u00e9lix Tshisekedi comme unique candidat pr\u00e9sident aux \u00e9lections de d\u00e9cembre 2023.<\/p>\n","protected":false},"excerpt":{"rendered":"<p>En congr\u00e8s extraordinaire ce samedi 26 ao\u00fbt \u00e0 Kinshasa, l&rsquo;Union pour la D\u00e9mocratie et le Progr\u00e8s Social (UDPS\/Tshisekedi), a choisi F\u00e9lix Tshisekedi comme candidat \u00e0 la pr\u00e9sidentielle de d\u00e9cembre 2023. Ce choix est \u00e9galement soutenu par tous les partis de l&rsquo;Union sacr\u00e9e de la nation. F\u00e9lix Tshisekedi est candidat d\u00e9sign\u00e9 pour sa propre succession. Le<\/p>\n","protected":false},"author":9,"featured_media":19644,"comment_status":"open","ping_status":"open","sticky":false,"template":"","format":"standard","meta":{"footnotes":""},"categories":[40],"tags":[699,93,1113,1826],"class_list":{"0":"post-19643","1":"post","2":"type-post","3":"status-publish","4":"format-standard","5":"has-post-thumbnail","7":"category-politique","8":"tag-felix-antoine-tshisekedi-tshilombo","9":"tag-rdc","10":"tag-udps-tshisekedi","11":"tag-union-pour-la-democratie-et-le-progres-social"},"yoast_head":"<!-- This site is optimized with the Yoast SEO plugin v27.4 - https:\/\/yoast.com\/product\/yoast-seo-wordpress\/ -->\n<title>RDC : F\u00e9lix Tshisekedi d\u00e9sign\u00e9 candidat de UDPS pour l&#039;\u00e9lection pr\u00e9sidentielle 2023 - Congo-actu.net<\/title>\n<meta name=\"robots\" content=\"index, follow, max-snippet:-1, max-image-preview:large, max-video-preview:-1\" \/>\n<link rel=\"canonical\" href=\"https:\/\/congo-actu.net\/index.php\/2023\/08\/26\/rdc-felix-tshisekedi-designe-candidat-de-udps-pour-lelection-presidentielle-2023\/\" \/>\n<meta property=\"og:locale\" content=\"fr_FR\" \/>\n<meta property=\"og:type\" content=\"article\" \/>\n<meta property=\"og:title\" content=\"RDC : F\u00e9lix Tshisekedi d\u00e9sign\u00e9 candidat de UDPS pour l&#039;\u00e9lection pr\u00e9sidentielle 2023 - Congo-actu.net\" \/>\n<meta property=\"og:description\" content=\"En congr\u00e8s extraordinaire ce samedi 26 ao\u00fbt \u00e0 Kinshasa, l&rsquo;Union pour la D\u00e9mocratie et le Progr\u00e8s Social (UDPS\/Tshisekedi), a choisi F\u00e9lix Tshisekedi comme candidat \u00e0 la pr\u00e9sidentielle de d\u00e9cembre 2023. Ce choix est \u00e9galement soutenu par tous les partis de l&rsquo;Union sacr\u00e9e de la nation. F\u00e9lix Tshisekedi est candidat d\u00e9sign\u00e9 pour sa propre succession. Le\" \/>\n<meta property=\"og:url\" content=\"https:\/\/congo-actu.net\/index.php\/2023\/08\/26\/rdc-felix-tshisekedi-designe-candidat-de-udps-pour-lelection-presidentielle-2023\/\" \/>\n<meta property=\"og:site_name\" content=\"Congo-actu.net\" \/>\n<meta property=\"article:published_time\" content=\"2023-08-26T21:19:08+00:00\" \/>\n<meta property=\"article:modified_time\" content=\"2023-08-26T21:19:09+00:00\" \/>\n<meta property=\"og:image\" content=\"https:\/\/congo-actu.net\/wp-content\/uploads\/2023\/08\/1692977000177.jpg\" \/>\n\t<meta property=\"og:image:width\" content=\"712\" \/>\n\t<meta property=\"og:image:height\" content=\"475\" \/>\n\t<meta property=\"og:image:type\" content=\"image\/jpeg\" \/>\n<meta name=\"author\" content=\"Serge Nkaya\" \/>\n<meta name=\"twitter:card\" content=\"summary_large_image\" \/>\n<meta name=\"twitter:label1\" content=\"\u00c9crit par\" \/>\n\t<meta name=\"twitter:data1\" content=\"Serge Nkaya\" \/>\n\t<meta name=\"twitter:label2\" content=\"Dur\u00e9e de lecture estim\u00e9e\" \/>\n\t<meta name=\"twitter:data2\" content=\"1 minute\" \/>\n<script type=\"application\/ld+json\" class=\"yoast-schema-graph\">{\"@context\":\"https:\\\/\\\/schema.org\",\"@graph\":[{\"@type\":\"Article\",\"@id\":\"https:\\\/\\\/congo-actu.net\\\/index.php\\\/2023\\\/08\\\/26\\\/rdc-felix-tshisekedi-designe-candidat-de-udps-pour-lelection-presidentielle-2023\\\/#article\",\"isPartOf\":{\"@id\":\"https:\\\/\\\/congo-actu.net\\\/index.php\\\/2023\\\/08\\\/26\\\/rdc-felix-tshisekedi-designe-candidat-de-udps-pour-lelection-presidentielle-2023\\\/\"},\"author\":{\"name\":\"Serge Nkaya\",\"@id\":\"https:\\\/\\\/congo-actu.net\\\/#\\\/schema\\\/person\\\/d1f7718a117521d324ef50b166246e67\"},\"headline\":\"RDC : F\u00e9lix Tshisekedi d\u00e9sign\u00e9 candidat de UDPS pour l&rsquo;\u00e9lection pr\u00e9sidentielle 2023\",\"datePublished\":\"2023-08-26T21:19:08+00:00\",\"dateModified\":\"2023-08-26T21:19:09+00:00\",\"mainEntityOfPage\":{\"@id\":\"https:\\\/\\\/congo-actu.net\\\/index.php\\\/2023\\\/08\\\/26\\\/rdc-felix-tshisekedi-designe-candidat-de-udps-pour-lelection-presidentielle-2023\\\/\"},\"wordCount\":145,\"commentCount\":0,\"image\":{\"@id\":\"https:\\\/\\\/congo-actu.net\\\/index.php\\\/2023\\\/08\\\/26\\\/rdc-felix-tshisekedi-designe-candidat-de-udps-pour-lelection-presidentielle-2023\\\/#primaryimage\"},\"thumbnailUrl\":\"https:\\\/\\\/congo-actu.net\\\/wp-content\\\/uploads\\\/2023\\\/08\\\/1692977000177.jpg\",\"keywords\":[\"F\u00e9lix Antoine Tshisekedi Tshilombo\",\"RDC\",\"UDPS\\\/TSHISEKEDI\",\"Union pour la D\u00e9mocratie et le Progr\u00e8s Social\"],\"articleSection\":[\"Politique\"],\"inLanguage\":\"fr-FR\",\"potentialAction\":[{\"@type\":\"CommentAction\",\"name\":\"Comment\",\"target\":[\"https:\\\/\\\/congo-actu.net\\\/index.php\\\/2023\\\/08\\\/26\\\/rdc-felix-tshisekedi-designe-candidat-de-udps-pour-lelection-presidentielle-2023\\\/#respond\"]}]},{\"@type\":\"WebPage\",\"@id\":\"https:\\\/\\\/congo-actu.net\\\/index.php\\\/2023\\\/08\\\/26\\\/rdc-felix-tshisekedi-designe-candidat-de-udps-pour-lelection-presidentielle-2023\\\/\",\"url\":\"https:\\\/\\\/congo-actu.net\\\/index.php\\\/2023\\\/08\\\/26\\\/rdc-felix-tshisekedi-designe-candidat-de-udps-pour-lelection-presidentielle-2023\\\/\",\"name\":\"RDC : F\u00e9lix Tshisekedi d\u00e9sign\u00e9 candidat de UDPS pour l'\u00e9lection pr\u00e9sidentielle 2023 - Congo-actu.net\",\"isPartOf\":{\"@id\":\"https:\\\/\\\/congo-actu.net\\\/#website\"},\"primaryImageOfPage\":{\"@id\":\"https:\\\/\\\/congo-actu.net\\\/index.php\\\/2023\\\/08\\\/26\\\/rdc-felix-tshisekedi-designe-candidat-de-udps-pour-lelection-presidentielle-2023\\\/#primaryimage\"},\"image\":{\"@id\":\"https:\\\/\\\/congo-actu.net\\\/index.php\\\/2023\\\/08\\\/26\\\/rdc-felix-tshisekedi-designe-candidat-de-udps-pour-lelection-presidentielle-2023\\\/#primaryimage\"},\"thumbnailUrl\":\"https:\\\/\\\/congo-actu.net\\\/wp-content\\\/uploads\\\/2023\\\/08\\\/1692977000177.jpg\",\"datePublished\":\"2023-08-26T21:19:08+00:00\",\"dateModified\":\"2023-08-26T21:19:09+00:00\",\"author\":{\"@id\":\"https:\\\/\\\/congo-actu.net\\\/#\\\/schema\\\/person\\\/d1f7718a117521d324ef50b166246e67\"},\"breadcrumb\":{\"@id\":\"https:\\\/\\\/congo-actu.net\\\/index.php\\\/2023\\\/08\\\/26\\\/rdc-felix-tshisekedi-designe-candidat-de-udps-pour-lelection-presidentielle-2023\\\/#breadcrumb\"},\"inLanguage\":\"fr-FR\",\"potentialAction\":[{\"@type\":\"ReadAction\",\"target\":[\"https:\\\/\\\/congo-actu.net\\\/index.php\\\/2023\\\/08\\\/26\\\/rdc-felix-tshisekedi-designe-candidat-de-udps-pour-lelection-presidentielle-2023\\\/\"]}]},{\"@type\":\"ImageObject\",\"inLanguage\":\"fr-FR\",\"@id\":\"https:\\\/\\\/congo-actu.net\\\/index.php\\\/2023\\\/08\\\/26\\\/rdc-felix-tshisekedi-designe-candidat-de-udps-pour-lelection-presidentielle-2023\\\/#primaryimage\",\"url\":\"https:\\\/\\\/congo-actu.net\\\/wp-content\\\/uploads\\\/2023\\\/08\\\/1692977000177.jpg\",\"contentUrl\":\"https:\\\/\\\/congo-actu.net\\\/wp-content\\\/uploads\\\/2023\\\/08\\\/1692977000177.jpg\",\"width\":712,\"height\":475},{\"@type\":\"BreadcrumbList\",\"@id\":\"https:\\\/\\\/congo-actu.net\\\/index.php\\\/2023\\\/08\\\/26\\\/rdc-felix-tshisekedi-designe-candidat-de-udps-pour-lelection-presidentielle-2023\\\/#breadcrumb\",\"itemListElement\":[{\"@type\":\"ListItem\",\"position\":1,\"name\":\"Accueil\",\"item\":\"https:\\\/\\\/congo-actu.net\\\/\"},{\"@type\":\"ListItem\",\"position\":2,\"name\":\"RDC : F\u00e9lix Tshisekedi d\u00e9sign\u00e9 candidat de UDPS pour l&rsquo;\u00e9lection pr\u00e9sidentielle 2023\"}]},{\"@type\":\"WebSite\",\"@id\":\"https:\\\/\\\/congo-actu.net\\\/#website\",\"url\":\"https:\\\/\\\/congo-actu.net\\\/\",\"name\":\"Congo-actu.net\",\"description\":\"Les nouvelles de la RDC et d&#039;ailleurs en un clic\",\"potentialAction\":[{\"@type\":\"SearchAction\",\"target\":{\"@type\":\"EntryPoint\",\"urlTemplate\":\"https:\\\/\\\/congo-actu.net\\\/?s={search_term_string}\"},\"query-input\":{\"@type\":\"PropertyValueSpecification\",\"valueRequired\":true,\"valueName\":\"search_term_string\"}}],\"inLanguage\":\"fr-FR\"},{\"@type\":\"Person\",\"@id\":\"https:\\\/\\\/congo-actu.net\\\/#\\\/schema\\\/person\\\/d1f7718a117521d324ef50b166246e67\",\"name\":\"Serge Nkaya\",\"image\":{\"@type\":\"ImageObject\",\"inLanguage\":\"fr-FR\",\"@id\":\"https:\\\/\\\/congo-actu.net\\\/wp-content\\\/litespeed\\\/avatar\\\/6d5ebb0956823bd229d204e786813664.jpg?ver=1776721311\",\"url\":\"https:\\\/\\\/congo-actu.net\\\/wp-content\\\/litespeed\\\/avatar\\\/6d5ebb0956823bd229d204e786813664.jpg?ver=1776721311\",\"contentUrl\":\"https:\\\/\\\/congo-actu.net\\\/wp-content\\\/litespeed\\\/avatar\\\/6d5ebb0956823bd229d204e786813664.jpg?ver=1776721311\",\"caption\":\"Serge Nkaya\"},\"url\":\"https:\\\/\\\/congo-actu.net\\\/index.php\\\/author\\\/serge-nkaya\\\/\"}]}<\/script>\n<!-- \/ Yoast SEO plugin. -->","yoast_head_json":{"title":"RDC : F\u00e9lix Tshisekedi d\u00e9sign\u00e9 candidat de UDPS pour l'\u00e9lection pr\u00e9sidentielle 2023 - Congo-actu.net","robots":{"index":"index","follow":"follow","max-snippet":"max-snippet:-1","max-image-preview":"max-image-preview:large","max-video-preview":"max-video-preview:-1"},"canonical":"https:\/\/congo-actu.net\/index.php\/2023\/08\/26\/rdc-felix-tshisekedi-designe-candidat-de-udps-pour-lelection-presidentielle-2023\/","og_locale":"fr_FR","og_type":"article","og_title":"RDC : F\u00e9lix Tshisekedi d\u00e9sign\u00e9 candidat de UDPS pour l'\u00e9lection pr\u00e9sidentielle 2023 - Congo-actu.net","og_description":"En congr\u00e8s extraordinaire ce samedi 26 ao\u00fbt \u00e0 Kinshasa, l&rsquo;Union pour la D\u00e9mocratie et le Progr\u00e8s Social (UDPS\/Tshisekedi), a choisi F\u00e9lix Tshisekedi comme candidat \u00e0 la pr\u00e9sidentielle de d\u00e9cembre 2023. Ce choix est \u00e9galement soutenu par tous les partis de l&rsquo;Union sacr\u00e9e de la nation. F\u00e9lix Tshisekedi est candidat d\u00e9sign\u00e9 pour sa propre succession. Le","og_url":"https:\/\/congo-actu.net\/index.php\/2023\/08\/26\/rdc-felix-tshisekedi-designe-candidat-de-udps-pour-lelection-presidentielle-2023\/","og_site_name":"Congo-actu.net","article_published_time":"2023-08-26T21:19:08+00:00","article_modified_time":"2023-08-26T21:19:09+00:00","og_image":[{"width":712,"height":475,"url":"https:\/\/congo-actu.net\/wp-content\/uploads\/2023\/08\/1692977000177.jpg","type":"image\/jpeg"}],"author":"Serge Nkaya","twitter_card":"summary_large_image","twitter_misc":{"\u00c9crit par":"Serge Nkaya","Dur\u00e9e de lecture estim\u00e9e":"1 minute"},"schema":{"@context":"https:\/\/schema.org","@graph":[{"@type":"Article","@id":"https:\/\/congo-actu.net\/index.php\/2023\/08\/26\/rdc-felix-tshisekedi-designe-candidat-de-udps-pour-lelection-presidentielle-2023\/#article","isPartOf":{"@id":"https:\/\/congo-actu.net\/index.php\/2023\/08\/26\/rdc-felix-tshisekedi-designe-candidat-de-udps-pour-lelection-presidentielle-2023\/"},"author":{"name":"Serge Nkaya","@id":"https:\/\/congo-actu.net\/#\/schema\/person\/d1f7718a117521d324ef50b166246e67"},"headline":"RDC : F\u00e9lix Tshisekedi d\u00e9sign\u00e9 candidat de UDPS pour l&rsquo;\u00e9lection pr\u00e9sidentielle 2023","datePublished":"2023-08-26T21:19:08+00:00","dateModified":"2023-08-26T21:19:09+00:00","mainEntityOfPage":{"@id":"https:\/\/congo-actu.net\/index.php\/2023\/08\/26\/rdc-felix-tshisekedi-designe-candidat-de-udps-pour-lelection-presidentielle-2023\/"},"wordCount":145,"commentCount":0,"image":{"@id":"https:\/\/congo-actu.net\/index.php\/2023\/08\/26\/rdc-felix-tshisekedi-designe-candidat-de-udps-pour-lelection-presidentielle-2023\/#primaryimage"},"thumbnailUrl":"https:\/\/congo-actu.net\/wp-content\/uploads\/2023\/08\/1692977000177.jpg","keywords":["F\u00e9lix Antoine Tshisekedi Tshilombo","RDC","UDPS\/TSHISEKEDI","Union pour la D\u00e9mocratie et le Progr\u00e8s Social"],"articleSection":["Politique"],"inLanguage":"fr-FR","potentialAction":[{"@type":"CommentAction","name":"Comment","target":["https:\/\/congo-actu.net\/index.php\/2023\/08\/26\/rdc-felix-tshisekedi-designe-candidat-de-udps-pour-lelection-presidentielle-2023\/#respond"]}]},{"@type":"WebPage","@id":"https:\/\/congo-actu.net\/index.php\/2023\/08\/26\/rdc-felix-tshisekedi-designe-candidat-de-udps-pour-lelection-presidentielle-2023\/","url":"https:\/\/congo-actu.net\/index.php\/2023\/08\/26\/rdc-felix-tshisekedi-designe-candidat-de-udps-pour-lelection-presidentielle-2023\/","name":"RDC : F\u00e9lix Tshisekedi d\u00e9sign\u00e9 candidat de UDPS pour l'\u00e9lection pr\u00e9sidentielle 2023 - Congo-actu.net","isPartOf":{"@id":"https:\/\/congo-actu.net\/#website"},"primaryImageOfPage":{"@id":"https:\/\/congo-actu.net\/index.php\/2023\/08\/26\/rdc-felix-tshisekedi-designe-candidat-de-udps-pour-lelection-presidentielle-2023\/#primaryimage"},"image":{"@id":"https:\/\/congo-actu.net\/index.php\/2023\/08\/26\/rdc-felix-tshisekedi-designe-candidat-de-udps-pour-lelection-presidentielle-2023\/#primaryimage"},"thumbnailUrl":"https:\/\/congo-actu.net\/wp-content\/uploads\/2023\/08\/1692977000177.jpg","datePublished":"2023-08-26T21:19:08+00:00","dateModified":"2023-08-26T21:19:09+00:00","author":{"@id":"https:\/\/congo-actu.net\/#\/schema\/person\/d1f7718a117521d324ef50b166246e67"},"breadcrumb":{"@id":"https:\/\/congo-actu.net\/index.php\/2023\/08\/26\/rdc-felix-tshisekedi-designe-candidat-de-udps-pour-lelection-presidentielle-2023\/#breadcrumb"},"inLanguage":"fr-FR","potentialAction":[{"@type":"ReadAction","target":["https:\/\/congo-actu.net\/index.php\/2023\/08\/26\/rdc-felix-tshisekedi-designe-candidat-de-udps-pour-lelection-presidentielle-2023\/"]}]},{"@type":"ImageObject","inLanguage":"fr-FR","@id":"https:\/\/congo-actu.net\/index.php\/2023\/08\/26\/rdc-felix-tshisekedi-designe-candidat-de-udps-pour-lelection-presidentielle-2023\/#primaryimage","url":"https:\/\/congo-actu.net\/wp-content\/uploads\/2023\/08\/1692977000177.jpg","contentUrl":"https:\/\/congo-actu.net\/wp-content\/uploads\/2023\/08\/1692977000177.jpg","width":712,"height":475},{"@type":"BreadcrumbList","@id":"https:\/\/congo-actu.net\/index.php\/2023\/08\/26\/rdc-felix-tshisekedi-designe-candidat-de-udps-pour-lelection-presidentielle-2023\/#breadcrumb","itemListElement":[{"@type":"ListItem","position":1,"name":"Accueil","item":"https:\/\/congo-actu.net\/"},{"@type":"ListItem","position":2,"name":"RDC : F\u00e9lix Tshisekedi d\u00e9sign\u00e9 candidat de UDPS pour l&rsquo;\u00e9lection pr\u00e9sidentielle 2023"}]},{"@type":"WebSite","@id":"https:\/\/congo-actu.net\/#website","url":"https:\/\/congo-actu.net\/","name":"Congo-actu.net","description":"Les nouvelles de la RDC et d&#039;ailleurs en un clic","potentialAction":[{"@type":"SearchAction","target":{"@type":"EntryPoint","urlTemplate":"https:\/\/congo-actu.net\/?s={search_term_string}"},"query-input":{"@type":"PropertyValueSpecification","valueRequired":true,"valueName":"search_term_string"}}],"inLanguage":"fr-FR"},{"@type":"Person","@id":"https:\/\/congo-actu.net\/#\/schema\/person\/d1f7718a117521d324ef50b166246e67","name":"Serge Nkaya","image":{"@type":"ImageObject","inLanguage":"fr-FR","@id":"https:\/\/congo-actu.net\/wp-content\/litespeed\/avatar\/6d5ebb0956823bd229d204e786813664.jpg?ver=1776721311","url":"https:\/\/congo-actu.net\/wp-content\/litespeed\/avatar\/6d5ebb0956823bd229d204e786813664.jpg?ver=1776721311","contentUrl":"https:\/\/congo-actu.net\/wp-content\/litespeed\/avatar\/6d5ebb0956823bd229d204e786813664.jpg?ver=1776721311","caption":"Serge Nkaya"},"url":"https:\/\/congo-actu.net\/index.php\/author\/serge-nkaya\/"}]}},"amp_enabled":true,"_links":{"self":[{"href":"https:\/\/congo-actu.net\/index.php\/wp-json\/wp\/v2\/posts\/19643","targetHints":{"allow":["GET"]}}],"collection":[{"href":"https:\/\/congo-actu.net\/index.php\/wp-json\/wp\/v2\/posts"}],"about":[{"href":"https:\/\/congo-actu.net\/index.php\/wp-json\/wp\/v2\/types\/post"}],"author":[{"embeddable":true,"href":"https:\/\/congo-actu.net\/index.php\/wp-json\/wp\/v2\/users\/9"}],"replies":[{"embeddable":true,"href":"https:\/\/congo-actu.net\/index.php\/wp-json\/wp\/v2\/comments?post=19643"}],"version-history":[{"count":1,"href":"https:\/\/congo-actu.net\/index.php\/wp-json\/wp\/v2\/posts\/19643\/revisions"}],"predecessor-version":[{"id":19645,"href":"https:\/\/congo-actu.net\/index.php\/wp-json\/wp\/v2\/posts\/19643\/revisions\/19645"}],"wp:featuredmedia":[{"embeddable":true,"href":"https:\/\/congo-actu.net\/index.php\/wp-json\/wp\/v2\/media\/19644"}],"wp:attachment":[{"href":"https:\/\/congo-actu.net\/index.php\/wp-json\/wp\/v2\/media?parent=19643"}],"wp:term":[{"taxonomy":"category","embeddable":true,"href":"https:\/\/congo-actu.net\/index.php\/wp-json\/wp\/v2\/categories?post=19643"},{"taxonomy":"post_tag","embeddable":true,"href":"https:\/\/congo-actu.net\/index.php\/wp-json\/wp\/v2\/tags?post=19643"}],"curies":[{"name":"wp","href":"https:\/\/api.w.org\/{rel}","templated":true}]}}