{"id":19730,"date":"2023-09-02T12:32:11","date_gmt":"2023-09-02T10:32:11","guid":{"rendered":"https:\/\/congo-actu.net\/?p=19730"},"modified":"2023-09-02T12:32:12","modified_gmt":"2023-09-02T10:32:12","slug":"rdc-nous-sommes-convaincus-que-ce-4eme-cycle-electoral-va-contribuer-a-la-consolidation-de-la-democratie-et-la-paix-dans-notre-cher-pays-denis-kadima","status":"publish","type":"post","link":"https:\/\/congo-actu.net\/index.php\/2023\/09\/02\/rdc-nous-sommes-convaincus-que-ce-4eme-cycle-electoral-va-contribuer-a-la-consolidation-de-la-democratie-et-la-paix-dans-notre-cher-pays-denis-kadima\/","title":{"rendered":"RDC : \u00ab\u00a0Nous sommes convaincus que ce 4\u00e8me cycle \u00e9lectoral va contribuer \u00e0 la consolidation de la d\u00e9mocratie et la paix dans notre cher pays\u00a0\u00bb (D\u00e9nis Kadima)"},"content":{"rendered":"\n<p><strong>La Commission \u00e9lectorale nationale ind\u00e9pendante (CENI) a convoqu\u00e9 ce vendredi 01 septembre, l&rsquo;\u00e9lectorat pour le scrutin pr\u00e9sidentiel en R\u00e9publique D\u00e9mocratique du Congo (RDC). La c\u00e9r\u00e9monie du jour a eu pour cadre la salle Abb\u00e9 Malumalu situ\u00e9e au si\u00e8ge de la centrale \u00e9lectorale \u00e0 Gombe, ville de Kinshasa.<\/strong><\/p>\n\n\n\n<p>Le pr\u00e9sident de la CENI a indiqu\u00e9 ces scrutins qui seront organis\u00e9s sous son \u00e9gide, vont permettre de contribuer \u00e0 la consolidation de la d\u00e9mocratie et la paix en RDC.<\/p>\n\n\n\n<p>\u00ab\u00a0<em>L\u2019\u00e9quipe que je dirige travaille avec int\u00e9grit\u00e9 et le fait ainsi par conviction. Nous sommes convaincus que ce 4\u00e8me cycle \u00e9lectoral va hausser le standard en mati\u00e8re \u00e9lectorale et ainsi contribuer \u00e0 la consolidation de la d\u00e9mocratie et de la paix dans notre cher pays\u00a0\u00bb<\/em>, a lanc\u00e9 Denis Kadima.<\/p>\n\n\n\n<p>Le num\u00e9ro un de la centrale \u00e9lectorale a affirm\u00e9 que ce quatri\u00e8me cycle \u00e9lectoral ne sera pas la cause des conflits en RDC.<\/p>\n\n\n\n<p>\u00ab\u00a0<em>Ainsi \u00e0 ces proph\u00e8tes de malheur qui esp\u00e8rent et affirment \u00e0 haute voix que la CENI sera la cause d&rsquo;un violent conflit post-\u00e9lectoral qui justifierait une grave instabilit\u00e9 politique et qui conduirait \u00e0 un changement de r\u00e9gime anti-d\u00e9mocratique, nous leur r\u00e9pondons simplement en deux mots : sans effets\u00a0\u00bb,<\/em> a-t-il conclu.<\/p>\n\n\n\n<p>Il sied de noter que la convocation de l&rsquo;\u00e9lectorat sera suivie par le d\u00e9p\u00f4t des candidatures qui va d\u00e9marrer le 09 septembre pour se cl\u00f4turer le 08 octobre 2023.<\/p>\n","protected":false},"excerpt":{"rendered":"<p>La Commission \u00e9lectorale nationale ind\u00e9pendante (CENI) a convoqu\u00e9 ce vendredi 01 septembre, l&rsquo;\u00e9lectorat pour le scrutin pr\u00e9sidentiel en R\u00e9publique D\u00e9mocratique du Congo (RDC). La c\u00e9r\u00e9monie du jour a eu pour cadre la salle Abb\u00e9 Malumalu situ\u00e9e au si\u00e8ge de la centrale \u00e9lectorale \u00e0 Gombe, ville de Kinshasa. Le pr\u00e9sident de la CENI a indiqu\u00e9 ces<\/p>\n","protected":false},"author":2,"featured_media":19731,"comment_status":"open","ping_status":"open","sticky":false,"template":"","format":"standard","meta":{"footnotes":""},"categories":[40],"tags":[58,831,3915,93],"class_list":{"0":"post-19730","1":"post","2":"type-post","3":"status-publish","4":"format-standard","5":"has-post-thumbnail","7":"category-politique","8":"tag-ceni","9":"tag-commission-electorale-nationale-independante","10":"tag-denis-kadima-2","11":"tag-rdc"},"yoast_head":"<!-- This site is optimized with the Yoast SEO plugin v27.4 - https:\/\/yoast.com\/product\/yoast-seo-wordpress\/ -->\n<title>RDC : &quot;Nous sommes convaincus que ce 4\u00e8me cycle \u00e9lectoral va contribuer \u00e0 la consolidation de la d\u00e9mocratie et la paix dans notre cher pays&quot; (D\u00e9nis Kadima) - Congo-actu.net<\/title>\n<meta name=\"robots\" content=\"index, follow, max-snippet:-1, max-image-preview:large, max-video-preview:-1\" \/>\n<link rel=\"canonical\" href=\"https:\/\/congo-actu.net\/index.php\/2023\/09\/02\/rdc-nous-sommes-convaincus-que-ce-4eme-cycle-electoral-va-contribuer-a-la-consolidation-de-la-democratie-et-la-paix-dans-notre-cher-pays-denis-kadima\/\" \/>\n<meta property=\"og:locale\" content=\"fr_FR\" \/>\n<meta property=\"og:type\" content=\"article\" \/>\n<meta property=\"og:title\" content=\"RDC : &quot;Nous sommes convaincus que ce 4\u00e8me cycle \u00e9lectoral va contribuer \u00e0 la consolidation de la d\u00e9mocratie et la paix dans notre cher pays&quot; (D\u00e9nis Kadima) - Congo-actu.net\" \/>\n<meta property=\"og:description\" content=\"La Commission \u00e9lectorale nationale ind\u00e9pendante (CENI) a convoqu\u00e9 ce vendredi 01 septembre, l&rsquo;\u00e9lectorat pour le scrutin pr\u00e9sidentiel en R\u00e9publique D\u00e9mocratique du Congo (RDC). La c\u00e9r\u00e9monie du jour a eu pour cadre la salle Abb\u00e9 Malumalu situ\u00e9e au si\u00e8ge de la centrale \u00e9lectorale \u00e0 Gombe, ville de Kinshasa. Le pr\u00e9sident de la CENI a indiqu\u00e9 ces\" \/>\n<meta property=\"og:url\" content=\"https:\/\/congo-actu.net\/index.php\/2023\/09\/02\/rdc-nous-sommes-convaincus-que-ce-4eme-cycle-electoral-va-contribuer-a-la-consolidation-de-la-democratie-et-la-paix-dans-notre-cher-pays-denis-kadima\/\" \/>\n<meta property=\"og:site_name\" content=\"Congo-actu.net\" \/>\n<meta property=\"article:published_time\" content=\"2023-09-02T10:32:11+00:00\" \/>\n<meta property=\"article:modified_time\" content=\"2023-09-02T10:32:12+00:00\" \/>\n<meta property=\"og:image\" content=\"https:\/\/congo-actu.net\/wp-content\/uploads\/2023\/09\/IMG-20230806-WA0013.jpg\" \/>\n\t<meta property=\"og:image:width\" content=\"800\" \/>\n\t<meta property=\"og:image:height\" content=\"600\" \/>\n\t<meta property=\"og:image:type\" content=\"image\/jpeg\" \/>\n<meta name=\"author\" content=\"Christian Ngeleka\" \/>\n<meta name=\"twitter:card\" content=\"summary_large_image\" \/>\n<meta name=\"twitter:label1\" content=\"\u00c9crit par\" \/>\n\t<meta name=\"twitter:data1\" content=\"Christian Ngeleka\" \/>\n\t<meta name=\"twitter:label2\" content=\"Dur\u00e9e de lecture estim\u00e9e\" \/>\n\t<meta name=\"twitter:data2\" content=\"2 minutes\" \/>\n<script type=\"application\/ld+json\" class=\"yoast-schema-graph\">{\"@context\":\"https:\\\/\\\/schema.org\",\"@graph\":[{\"@type\":\"Article\",\"@id\":\"https:\\\/\\\/congo-actu.net\\\/index.php\\\/2023\\\/09\\\/02\\\/rdc-nous-sommes-convaincus-que-ce-4eme-cycle-electoral-va-contribuer-a-la-consolidation-de-la-democratie-et-la-paix-dans-notre-cher-pays-denis-kadima\\\/#article\",\"isPartOf\":{\"@id\":\"https:\\\/\\\/congo-actu.net\\\/index.php\\\/2023\\\/09\\\/02\\\/rdc-nous-sommes-convaincus-que-ce-4eme-cycle-electoral-va-contribuer-a-la-consolidation-de-la-democratie-et-la-paix-dans-notre-cher-pays-denis-kadima\\\/\"},\"author\":{\"name\":\"Christian Ngeleka\",\"@id\":\"https:\\\/\\\/congo-actu.net\\\/#\\\/schema\\\/person\\\/ebf1d900f8442f92e5b84065d2423bc6\"},\"headline\":\"RDC : \u00ab\u00a0Nous sommes convaincus que ce 4\u00e8me cycle \u00e9lectoral va contribuer \u00e0 la consolidation de la d\u00e9mocratie et la paix dans notre cher pays\u00a0\u00bb (D\u00e9nis Kadima)\",\"datePublished\":\"2023-09-02T10:32:11+00:00\",\"dateModified\":\"2023-09-02T10:32:12+00:00\",\"mainEntityOfPage\":{\"@id\":\"https:\\\/\\\/congo-actu.net\\\/index.php\\\/2023\\\/09\\\/02\\\/rdc-nous-sommes-convaincus-que-ce-4eme-cycle-electoral-va-contribuer-a-la-consolidation-de-la-democratie-et-la-paix-dans-notre-cher-pays-denis-kadima\\\/\"},\"wordCount\":274,\"commentCount\":0,\"image\":{\"@id\":\"https:\\\/\\\/congo-actu.net\\\/index.php\\\/2023\\\/09\\\/02\\\/rdc-nous-sommes-convaincus-que-ce-4eme-cycle-electoral-va-contribuer-a-la-consolidation-de-la-democratie-et-la-paix-dans-notre-cher-pays-denis-kadima\\\/#primaryimage\"},\"thumbnailUrl\":\"https:\\\/\\\/congo-actu.net\\\/wp-content\\\/uploads\\\/2023\\\/09\\\/IMG-20230806-WA0013.jpg\",\"keywords\":[\"CENI\",\"Commission \u00c9lectorale Nationale Ind\u00e9pendante\",\"D\u00e9nis Kadima\",\"RDC\"],\"articleSection\":[\"Politique\"],\"inLanguage\":\"fr-FR\",\"potentialAction\":[{\"@type\":\"CommentAction\",\"name\":\"Comment\",\"target\":[\"https:\\\/\\\/congo-actu.net\\\/index.php\\\/2023\\\/09\\\/02\\\/rdc-nous-sommes-convaincus-que-ce-4eme-cycle-electoral-va-contribuer-a-la-consolidation-de-la-democratie-et-la-paix-dans-notre-cher-pays-denis-kadima\\\/#respond\"]}]},{\"@type\":\"WebPage\",\"@id\":\"https:\\\/\\\/congo-actu.net\\\/index.php\\\/2023\\\/09\\\/02\\\/rdc-nous-sommes-convaincus-que-ce-4eme-cycle-electoral-va-contribuer-a-la-consolidation-de-la-democratie-et-la-paix-dans-notre-cher-pays-denis-kadima\\\/\",\"url\":\"https:\\\/\\\/congo-actu.net\\\/index.php\\\/2023\\\/09\\\/02\\\/rdc-nous-sommes-convaincus-que-ce-4eme-cycle-electoral-va-contribuer-a-la-consolidation-de-la-democratie-et-la-paix-dans-notre-cher-pays-denis-kadima\\\/\",\"name\":\"RDC : \\\"Nous sommes convaincus que ce 4\u00e8me cycle \u00e9lectoral va contribuer \u00e0 la consolidation de la d\u00e9mocratie et la paix dans notre cher pays\\\" (D\u00e9nis Kadima) - Congo-actu.net\",\"isPartOf\":{\"@id\":\"https:\\\/\\\/congo-actu.net\\\/#website\"},\"primaryImageOfPage\":{\"@id\":\"https:\\\/\\\/congo-actu.net\\\/index.php\\\/2023\\\/09\\\/02\\\/rdc-nous-sommes-convaincus-que-ce-4eme-cycle-electoral-va-contribuer-a-la-consolidation-de-la-democratie-et-la-paix-dans-notre-cher-pays-denis-kadima\\\/#primaryimage\"},\"image\":{\"@id\":\"https:\\\/\\\/congo-actu.net\\\/index.php\\\/2023\\\/09\\\/02\\\/rdc-nous-sommes-convaincus-que-ce-4eme-cycle-electoral-va-contribuer-a-la-consolidation-de-la-democratie-et-la-paix-dans-notre-cher-pays-denis-kadima\\\/#primaryimage\"},\"thumbnailUrl\":\"https:\\\/\\\/congo-actu.net\\\/wp-content\\\/uploads\\\/2023\\\/09\\\/IMG-20230806-WA0013.jpg\",\"datePublished\":\"2023-09-02T10:32:11+00:00\",\"dateModified\":\"2023-09-02T10:32:12+00:00\",\"author\":{\"@id\":\"https:\\\/\\\/congo-actu.net\\\/#\\\/schema\\\/person\\\/ebf1d900f8442f92e5b84065d2423bc6\"},\"breadcrumb\":{\"@id\":\"https:\\\/\\\/congo-actu.net\\\/index.php\\\/2023\\\/09\\\/02\\\/rdc-nous-sommes-convaincus-que-ce-4eme-cycle-electoral-va-contribuer-a-la-consolidation-de-la-democratie-et-la-paix-dans-notre-cher-pays-denis-kadima\\\/#breadcrumb\"},\"inLanguage\":\"fr-FR\",\"potentialAction\":[{\"@type\":\"ReadAction\",\"target\":[\"https:\\\/\\\/congo-actu.net\\\/index.php\\\/2023\\\/09\\\/02\\\/rdc-nous-sommes-convaincus-que-ce-4eme-cycle-electoral-va-contribuer-a-la-consolidation-de-la-democratie-et-la-paix-dans-notre-cher-pays-denis-kadima\\\/\"]}]},{\"@type\":\"ImageObject\",\"inLanguage\":\"fr-FR\",\"@id\":\"https:\\\/\\\/congo-actu.net\\\/index.php\\\/2023\\\/09\\\/02\\\/rdc-nous-sommes-convaincus-que-ce-4eme-cycle-electoral-va-contribuer-a-la-consolidation-de-la-democratie-et-la-paix-dans-notre-cher-pays-denis-kadima\\\/#primaryimage\",\"url\":\"https:\\\/\\\/congo-actu.net\\\/wp-content\\\/uploads\\\/2023\\\/09\\\/IMG-20230806-WA0013.jpg\",\"contentUrl\":\"https:\\\/\\\/congo-actu.net\\\/wp-content\\\/uploads\\\/2023\\\/09\\\/IMG-20230806-WA0013.jpg\",\"width\":800,\"height\":600},{\"@type\":\"BreadcrumbList\",\"@id\":\"https:\\\/\\\/congo-actu.net\\\/index.php\\\/2023\\\/09\\\/02\\\/rdc-nous-sommes-convaincus-que-ce-4eme-cycle-electoral-va-contribuer-a-la-consolidation-de-la-democratie-et-la-paix-dans-notre-cher-pays-denis-kadima\\\/#breadcrumb\",\"itemListElement\":[{\"@type\":\"ListItem\",\"position\":1,\"name\":\"Accueil\",\"item\":\"https:\\\/\\\/congo-actu.net\\\/\"},{\"@type\":\"ListItem\",\"position\":2,\"name\":\"RDC : \u00ab\u00a0Nous sommes convaincus que ce 4\u00e8me cycle \u00e9lectoral va contribuer \u00e0 la consolidation de la d\u00e9mocratie et la paix dans notre cher pays\u00a0\u00bb (D\u00e9nis Kadima)\"}]},{\"@type\":\"WebSite\",\"@id\":\"https:\\\/\\\/congo-actu.net\\\/#website\",\"url\":\"https:\\\/\\\/congo-actu.net\\\/\",\"name\":\"Congo-actu.net\",\"description\":\"Les nouvelles de la RDC et d&#039;ailleurs en un clic\",\"potentialAction\":[{\"@type\":\"SearchAction\",\"target\":{\"@type\":\"EntryPoint\",\"urlTemplate\":\"https:\\\/\\\/congo-actu.net\\\/?s={search_term_string}\"},\"query-input\":{\"@type\":\"PropertyValueSpecification\",\"valueRequired\":true,\"valueName\":\"search_term_string\"}}],\"inLanguage\":\"fr-FR\"},{\"@type\":\"Person\",\"@id\":\"https:\\\/\\\/congo-actu.net\\\/#\\\/schema\\\/person\\\/ebf1d900f8442f92e5b84065d2423bc6\",\"name\":\"Christian Ngeleka\",\"image\":{\"@type\":\"ImageObject\",\"inLanguage\":\"fr-FR\",\"@id\":\"https:\\\/\\\/congo-actu.net\\\/wp-content\\\/litespeed\\\/avatar\\\/267570a50b37451de19a5339884f28c8.jpg?ver=1776721312\",\"url\":\"https:\\\/\\\/congo-actu.net\\\/wp-content\\\/litespeed\\\/avatar\\\/267570a50b37451de19a5339884f28c8.jpg?ver=1776721312\",\"contentUrl\":\"https:\\\/\\\/congo-actu.net\\\/wp-content\\\/litespeed\\\/avatar\\\/267570a50b37451de19a5339884f28c8.jpg?ver=1776721312\",\"caption\":\"Christian Ngeleka\"},\"url\":\"https:\\\/\\\/congo-actu.net\\\/index.php\\\/author\\\/chris-ngeleka\\\/\"}]}<\/script>\n<!-- \/ Yoast SEO plugin. -->","yoast_head_json":{"title":"RDC : \"Nous sommes convaincus que ce 4\u00e8me cycle \u00e9lectoral va contribuer \u00e0 la consolidation de la d\u00e9mocratie et la paix dans notre cher pays\" (D\u00e9nis Kadima) - Congo-actu.net","robots":{"index":"index","follow":"follow","max-snippet":"max-snippet:-1","max-image-preview":"max-image-preview:large","max-video-preview":"max-video-preview:-1"},"canonical":"https:\/\/congo-actu.net\/index.php\/2023\/09\/02\/rdc-nous-sommes-convaincus-que-ce-4eme-cycle-electoral-va-contribuer-a-la-consolidation-de-la-democratie-et-la-paix-dans-notre-cher-pays-denis-kadima\/","og_locale":"fr_FR","og_type":"article","og_title":"RDC : \"Nous sommes convaincus que ce 4\u00e8me cycle \u00e9lectoral va contribuer \u00e0 la consolidation de la d\u00e9mocratie et la paix dans notre cher pays\" (D\u00e9nis Kadima) - Congo-actu.net","og_description":"La Commission \u00e9lectorale nationale ind\u00e9pendante (CENI) a convoqu\u00e9 ce vendredi 01 septembre, l&rsquo;\u00e9lectorat pour le scrutin pr\u00e9sidentiel en R\u00e9publique D\u00e9mocratique du Congo (RDC). La c\u00e9r\u00e9monie du jour a eu pour cadre la salle Abb\u00e9 Malumalu situ\u00e9e au si\u00e8ge de la centrale \u00e9lectorale \u00e0 Gombe, ville de Kinshasa. Le pr\u00e9sident de la CENI a indiqu\u00e9 ces","og_url":"https:\/\/congo-actu.net\/index.php\/2023\/09\/02\/rdc-nous-sommes-convaincus-que-ce-4eme-cycle-electoral-va-contribuer-a-la-consolidation-de-la-democratie-et-la-paix-dans-notre-cher-pays-denis-kadima\/","og_site_name":"Congo-actu.net","article_published_time":"2023-09-02T10:32:11+00:00","article_modified_time":"2023-09-02T10:32:12+00:00","og_image":[{"width":800,"height":600,"url":"https:\/\/congo-actu.net\/wp-content\/uploads\/2023\/09\/IMG-20230806-WA0013.jpg","type":"image\/jpeg"}],"author":"Christian Ngeleka","twitter_card":"summary_large_image","twitter_misc":{"\u00c9crit par":"Christian Ngeleka","Dur\u00e9e de lecture estim\u00e9e":"2 minutes"},"schema":{"@context":"https:\/\/schema.org","@graph":[{"@type":"Article","@id":"https:\/\/congo-actu.net\/index.php\/2023\/09\/02\/rdc-nous-sommes-convaincus-que-ce-4eme-cycle-electoral-va-contribuer-a-la-consolidation-de-la-democratie-et-la-paix-dans-notre-cher-pays-denis-kadima\/#article","isPartOf":{"@id":"https:\/\/congo-actu.net\/index.php\/2023\/09\/02\/rdc-nous-sommes-convaincus-que-ce-4eme-cycle-electoral-va-contribuer-a-la-consolidation-de-la-democratie-et-la-paix-dans-notre-cher-pays-denis-kadima\/"},"author":{"name":"Christian Ngeleka","@id":"https:\/\/congo-actu.net\/#\/schema\/person\/ebf1d900f8442f92e5b84065d2423bc6"},"headline":"RDC : \u00ab\u00a0Nous sommes convaincus que ce 4\u00e8me cycle \u00e9lectoral va contribuer \u00e0 la consolidation de la d\u00e9mocratie et la paix dans notre cher pays\u00a0\u00bb (D\u00e9nis Kadima)","datePublished":"2023-09-02T10:32:11+00:00","dateModified":"2023-09-02T10:32:12+00:00","mainEntityOfPage":{"@id":"https:\/\/congo-actu.net\/index.php\/2023\/09\/02\/rdc-nous-sommes-convaincus-que-ce-4eme-cycle-electoral-va-contribuer-a-la-consolidation-de-la-democratie-et-la-paix-dans-notre-cher-pays-denis-kadima\/"},"wordCount":274,"commentCount":0,"image":{"@id":"https:\/\/congo-actu.net\/index.php\/2023\/09\/02\/rdc-nous-sommes-convaincus-que-ce-4eme-cycle-electoral-va-contribuer-a-la-consolidation-de-la-democratie-et-la-paix-dans-notre-cher-pays-denis-kadima\/#primaryimage"},"thumbnailUrl":"https:\/\/congo-actu.net\/wp-content\/uploads\/2023\/09\/IMG-20230806-WA0013.jpg","keywords":["CENI","Commission \u00c9lectorale Nationale Ind\u00e9pendante","D\u00e9nis Kadima","RDC"],"articleSection":["Politique"],"inLanguage":"fr-FR","potentialAction":[{"@type":"CommentAction","name":"Comment","target":["https:\/\/congo-actu.net\/index.php\/2023\/09\/02\/rdc-nous-sommes-convaincus-que-ce-4eme-cycle-electoral-va-contribuer-a-la-consolidation-de-la-democratie-et-la-paix-dans-notre-cher-pays-denis-kadima\/#respond"]}]},{"@type":"WebPage","@id":"https:\/\/congo-actu.net\/index.php\/2023\/09\/02\/rdc-nous-sommes-convaincus-que-ce-4eme-cycle-electoral-va-contribuer-a-la-consolidation-de-la-democratie-et-la-paix-dans-notre-cher-pays-denis-kadima\/","url":"https:\/\/congo-actu.net\/index.php\/2023\/09\/02\/rdc-nous-sommes-convaincus-que-ce-4eme-cycle-electoral-va-contribuer-a-la-consolidation-de-la-democratie-et-la-paix-dans-notre-cher-pays-denis-kadima\/","name":"RDC : \"Nous sommes convaincus que ce 4\u00e8me cycle \u00e9lectoral va contribuer \u00e0 la consolidation de la d\u00e9mocratie et la paix dans notre cher pays\" (D\u00e9nis Kadima) - Congo-actu.net","isPartOf":{"@id":"https:\/\/congo-actu.net\/#website"},"primaryImageOfPage":{"@id":"https:\/\/congo-actu.net\/index.php\/2023\/09\/02\/rdc-nous-sommes-convaincus-que-ce-4eme-cycle-electoral-va-contribuer-a-la-consolidation-de-la-democratie-et-la-paix-dans-notre-cher-pays-denis-kadima\/#primaryimage"},"image":{"@id":"https:\/\/congo-actu.net\/index.php\/2023\/09\/02\/rdc-nous-sommes-convaincus-que-ce-4eme-cycle-electoral-va-contribuer-a-la-consolidation-de-la-democratie-et-la-paix-dans-notre-cher-pays-denis-kadima\/#primaryimage"},"thumbnailUrl":"https:\/\/congo-actu.net\/wp-content\/uploads\/2023\/09\/IMG-20230806-WA0013.jpg","datePublished":"2023-09-02T10:32:11+00:00","dateModified":"2023-09-02T10:32:12+00:00","author":{"@id":"https:\/\/congo-actu.net\/#\/schema\/person\/ebf1d900f8442f92e5b84065d2423bc6"},"breadcrumb":{"@id":"https:\/\/congo-actu.net\/index.php\/2023\/09\/02\/rdc-nous-sommes-convaincus-que-ce-4eme-cycle-electoral-va-contribuer-a-la-consolidation-de-la-democratie-et-la-paix-dans-notre-cher-pays-denis-kadima\/#breadcrumb"},"inLanguage":"fr-FR","potentialAction":[{"@type":"ReadAction","target":["https:\/\/congo-actu.net\/index.php\/2023\/09\/02\/rdc-nous-sommes-convaincus-que-ce-4eme-cycle-electoral-va-contribuer-a-la-consolidation-de-la-democratie-et-la-paix-dans-notre-cher-pays-denis-kadima\/"]}]},{"@type":"ImageObject","inLanguage":"fr-FR","@id":"https:\/\/congo-actu.net\/index.php\/2023\/09\/02\/rdc-nous-sommes-convaincus-que-ce-4eme-cycle-electoral-va-contribuer-a-la-consolidation-de-la-democratie-et-la-paix-dans-notre-cher-pays-denis-kadima\/#primaryimage","url":"https:\/\/congo-actu.net\/wp-content\/uploads\/2023\/09\/IMG-20230806-WA0013.jpg","contentUrl":"https:\/\/congo-actu.net\/wp-content\/uploads\/2023\/09\/IMG-20230806-WA0013.jpg","width":800,"height":600},{"@type":"BreadcrumbList","@id":"https:\/\/congo-actu.net\/index.php\/2023\/09\/02\/rdc-nous-sommes-convaincus-que-ce-4eme-cycle-electoral-va-contribuer-a-la-consolidation-de-la-democratie-et-la-paix-dans-notre-cher-pays-denis-kadima\/#breadcrumb","itemListElement":[{"@type":"ListItem","position":1,"name":"Accueil","item":"https:\/\/congo-actu.net\/"},{"@type":"ListItem","position":2,"name":"RDC : \u00ab\u00a0Nous sommes convaincus que ce 4\u00e8me cycle \u00e9lectoral va contribuer \u00e0 la consolidation de la d\u00e9mocratie et la paix dans notre cher pays\u00a0\u00bb (D\u00e9nis Kadima)"}]},{"@type":"WebSite","@id":"https:\/\/congo-actu.net\/#website","url":"https:\/\/congo-actu.net\/","name":"Congo-actu.net","description":"Les nouvelles de la RDC et d&#039;ailleurs en un clic","potentialAction":[{"@type":"SearchAction","target":{"@type":"EntryPoint","urlTemplate":"https:\/\/congo-actu.net\/?s={search_term_string}"},"query-input":{"@type":"PropertyValueSpecification","valueRequired":true,"valueName":"search_term_string"}}],"inLanguage":"fr-FR"},{"@type":"Person","@id":"https:\/\/congo-actu.net\/#\/schema\/person\/ebf1d900f8442f92e5b84065d2423bc6","name":"Christian Ngeleka","image":{"@type":"ImageObject","inLanguage":"fr-FR","@id":"https:\/\/congo-actu.net\/wp-content\/litespeed\/avatar\/267570a50b37451de19a5339884f28c8.jpg?ver=1776721312","url":"https:\/\/congo-actu.net\/wp-content\/litespeed\/avatar\/267570a50b37451de19a5339884f28c8.jpg?ver=1776721312","contentUrl":"https:\/\/congo-actu.net\/wp-content\/litespeed\/avatar\/267570a50b37451de19a5339884f28c8.jpg?ver=1776721312","caption":"Christian Ngeleka"},"url":"https:\/\/congo-actu.net\/index.php\/author\/chris-ngeleka\/"}]}},"amp_enabled":true,"_links":{"self":[{"href":"https:\/\/congo-actu.net\/index.php\/wp-json\/wp\/v2\/posts\/19730","targetHints":{"allow":["GET"]}}],"collection":[{"href":"https:\/\/congo-actu.net\/index.php\/wp-json\/wp\/v2\/posts"}],"about":[{"href":"https:\/\/congo-actu.net\/index.php\/wp-json\/wp\/v2\/types\/post"}],"author":[{"embeddable":true,"href":"https:\/\/congo-actu.net\/index.php\/wp-json\/wp\/v2\/users\/2"}],"replies":[{"embeddable":true,"href":"https:\/\/congo-actu.net\/index.php\/wp-json\/wp\/v2\/comments?post=19730"}],"version-history":[{"count":1,"href":"https:\/\/congo-actu.net\/index.php\/wp-json\/wp\/v2\/posts\/19730\/revisions"}],"predecessor-version":[{"id":19732,"href":"https:\/\/congo-actu.net\/index.php\/wp-json\/wp\/v2\/posts\/19730\/revisions\/19732"}],"wp:featuredmedia":[{"embeddable":true,"href":"https:\/\/congo-actu.net\/index.php\/wp-json\/wp\/v2\/media\/19731"}],"wp:attachment":[{"href":"https:\/\/congo-actu.net\/index.php\/wp-json\/wp\/v2\/media?parent=19730"}],"wp:term":[{"taxonomy":"category","embeddable":true,"href":"https:\/\/congo-actu.net\/index.php\/wp-json\/wp\/v2\/categories?post=19730"},{"taxonomy":"post_tag","embeddable":true,"href":"https:\/\/congo-actu.net\/index.php\/wp-json\/wp\/v2\/tags?post=19730"}],"curies":[{"name":"wp","href":"https:\/\/api.w.org\/{rel}","templated":true}]}}