{"id":19736,"date":"2023-09-03T17:39:48","date_gmt":"2023-09-03T15:39:48","guid":{"rendered":"https:\/\/congo-actu.net\/?p=19736"},"modified":"2023-09-03T17:39:49","modified_gmt":"2023-09-03T15:39:49","slug":"kinshasa-felix-tshisekedi-inaugure-la-premiere-usine-de-production-des-carreaux-et-faiences-made-in-congo","status":"publish","type":"post","link":"https:\/\/congo-actu.net\/index.php\/2023\/09\/03\/kinshasa-felix-tshisekedi-inaugure-la-premiere-usine-de-production-des-carreaux-et-faiences-made-in-congo\/","title":{"rendered":"Kinshasa : F\u00e9lix Tshisekedi inaugure la premi\u00e8re usine de production des carreaux et fa\u00efences \u00ab\u00a0made in congo\u00a0\u00bb"},"content":{"rendered":"\n<p><strong>Le pr\u00e9sident de la R\u00e9publique a proc\u00e9d\u00e9 ce samedi 02 septembre, au lancement de la premi\u00e8re production des carreaux et fa\u00efences estampill\u00e9es \u00ab\u00a0made in congo\u00a0\u00bb pour l\u2019approvisionnement de la ville de Kinshasa et ses environs.<\/strong><\/p>\n\n\n\n<p>La c\u00e9r\u00e9monie s\u2019est d\u00e9roul\u00e9e dans la zone \u00e9conomique sp\u00e9ciale pilote de Maluku o\u00f9 l\u2019entreprise chinoise \u00ab\u00a0Saphir Ceramics\u00a0\u00bb, sp\u00e9cialis\u00e9e dans la fabrication des carreaux et fa\u00efences, s&rsquo;est install\u00e9e.<\/p>\n\n\n\n<p>Dans sa prise de parole, le Directeur g\u00e9n\u00e9ral de l\u2019Agence de Zone \u00e9conomique sp\u00e9ciale, a indiqu\u00e9 que la mise en place de cette entreprise a permis de cr\u00e9er au total, six mille (6000) emplois. Poursuivant, il a indiqu\u00e9 que le capital d&rsquo;investissement s&rsquo;\u00e9l\u00e8ve \u00e0 plus de cent millions (100.000.000) de dollars am\u00e9ricains.<\/p>\n\n\n\n<p>L&rsquo;objectif poursuivi par le gouvernement \u00e0 travers les zones \u00e9conomiques sp\u00e9ciales est de r\u00e9duire la facture de l&rsquo;importation et de promouvoir la production locale, ainsi que la cr\u00e9ation d&#8217;emploi.<\/p>\n\n\n\n<p>\u00ab\u00a0Ce jour m\u00e9rite d&rsquo;\u00eatre c\u00e9l\u00e9br\u00e9 comme le 30 juin. Si Lumumba et Kasavubu ont men\u00e9 un combat pour l&rsquo;ind\u00e9pendance politique, aujourd&rsquo;hui le combat de F\u00e9lix Tshisekedi nous fait entrer dans une ind\u00e9pendance \u00e9conomique.\u00a0\u00bb, a d\u00e9clar\u00e9 Julien Paluku, Ministre de l\u2019Industrie.<\/p>\n\n\n\n<p>Avec une superficie totale de 880 ha, la zone \u00e9conomique sp\u00e9ciale de Maluku se d\u00e9veloppe sur 244 ha pour cette premi\u00e8re partie du projet.<\/p>\n\n\n\n<p><br>Elle compte six entreprises agr\u00e9\u00e9es pour la production. Il s&rsquo;agit de la soci\u00e9t\u00e9 Saphir Caramics avec la production des carreaux et fa\u00efence; Varum Beverages Rdc Sarl qui va fabriquer des boissons gazeuses Pepsi; Ebenezer International Sarl; TK Timber Sasu; Sopaco Sarlu qui va s\u2019occuper de la transformation d\u2019huile de palme raffin\u00e9e, fabrication de savons de m\u00e9nage et margarine; fabrication des bouillons de table, de la mayonnaise, de la pur\u00e9e de tomate et d\u2019autres produits alimentaires.<\/p>\n","protected":false},"excerpt":{"rendered":"<p>Le pr\u00e9sident de la R\u00e9publique a proc\u00e9d\u00e9 ce samedi 02 septembre, au lancement de la premi\u00e8re production des carreaux et fa\u00efences estampill\u00e9es \u00ab\u00a0made in congo\u00a0\u00bb pour l\u2019approvisionnement de la ville de Kinshasa et ses environs. La c\u00e9r\u00e9monie s\u2019est d\u00e9roul\u00e9e dans la zone \u00e9conomique sp\u00e9ciale pilote de Maluku o\u00f9 l\u2019entreprise chinoise \u00ab\u00a0Saphir Ceramics\u00a0\u00bb, sp\u00e9cialis\u00e9e dans la<\/p>\n","protected":false},"author":2,"featured_media":19737,"comment_status":"open","ping_status":"open","sticky":false,"template":"","format":"standard","meta":{"footnotes":""},"categories":[36],"tags":[699,6985,6986,721,93],"class_list":{"0":"post-19736","1":"post","2":"type-post","3":"status-publish","4":"format-standard","5":"has-post-thumbnail","7":"category-economie","8":"tag-felix-antoine-tshisekedi-tshilombo","9":"tag-industrie","10":"tag-julien-paluku","11":"tag-kinshasa","12":"tag-rdc"},"yoast_head":"<!-- This site is optimized with the Yoast SEO plugin v27.4 - https:\/\/yoast.com\/product\/yoast-seo-wordpress\/ -->\n<title>Kinshasa : F\u00e9lix Tshisekedi inaugure la premi\u00e8re usine de production des carreaux et fa\u00efences &quot;made in congo&quot; - Congo-actu.net<\/title>\n<meta name=\"robots\" content=\"index, follow, max-snippet:-1, max-image-preview:large, max-video-preview:-1\" \/>\n<link rel=\"canonical\" href=\"https:\/\/congo-actu.net\/index.php\/2023\/09\/03\/kinshasa-felix-tshisekedi-inaugure-la-premiere-usine-de-production-des-carreaux-et-faiences-made-in-congo\/\" \/>\n<meta property=\"og:locale\" content=\"fr_FR\" \/>\n<meta property=\"og:type\" content=\"article\" \/>\n<meta property=\"og:title\" content=\"Kinshasa : F\u00e9lix Tshisekedi inaugure la premi\u00e8re usine de production des carreaux et fa\u00efences &quot;made in congo&quot; - Congo-actu.net\" \/>\n<meta property=\"og:description\" content=\"Le pr\u00e9sident de la R\u00e9publique a proc\u00e9d\u00e9 ce samedi 02 septembre, au lancement de la premi\u00e8re production des carreaux et fa\u00efences estampill\u00e9es \u00ab\u00a0made in congo\u00a0\u00bb pour l\u2019approvisionnement de la ville de Kinshasa et ses environs. La c\u00e9r\u00e9monie s\u2019est d\u00e9roul\u00e9e dans la zone \u00e9conomique sp\u00e9ciale pilote de Maluku o\u00f9 l\u2019entreprise chinoise \u00ab\u00a0Saphir Ceramics\u00a0\u00bb, sp\u00e9cialis\u00e9e dans la\" \/>\n<meta property=\"og:url\" content=\"https:\/\/congo-actu.net\/index.php\/2023\/09\/03\/kinshasa-felix-tshisekedi-inaugure-la-premiere-usine-de-production-des-carreaux-et-faiences-made-in-congo\/\" \/>\n<meta property=\"og:site_name\" content=\"Congo-actu.net\" \/>\n<meta property=\"article:published_time\" content=\"2023-09-03T15:39:48+00:00\" \/>\n<meta property=\"article:modified_time\" content=\"2023-09-03T15:39:49+00:00\" \/>\n<meta property=\"og:image\" content=\"https:\/\/congo-actu.net\/wp-content\/uploads\/2023\/09\/1693743116988.jpg\" \/>\n\t<meta property=\"og:image:width\" content=\"720\" \/>\n\t<meta property=\"og:image:height\" content=\"480\" \/>\n\t<meta property=\"og:image:type\" content=\"image\/jpeg\" \/>\n<meta name=\"author\" content=\"Christian Ngeleka\" \/>\n<meta name=\"twitter:card\" content=\"summary_large_image\" \/>\n<meta name=\"twitter:label1\" content=\"\u00c9crit par\" \/>\n\t<meta name=\"twitter:data1\" content=\"Christian Ngeleka\" \/>\n\t<meta name=\"twitter:label2\" content=\"Dur\u00e9e de lecture estim\u00e9e\" \/>\n\t<meta name=\"twitter:data2\" content=\"2 minutes\" \/>\n<script type=\"application\/ld+json\" class=\"yoast-schema-graph\">{\"@context\":\"https:\\\/\\\/schema.org\",\"@graph\":[{\"@type\":\"Article\",\"@id\":\"https:\\\/\\\/congo-actu.net\\\/index.php\\\/2023\\\/09\\\/03\\\/kinshasa-felix-tshisekedi-inaugure-la-premiere-usine-de-production-des-carreaux-et-faiences-made-in-congo\\\/#article\",\"isPartOf\":{\"@id\":\"https:\\\/\\\/congo-actu.net\\\/index.php\\\/2023\\\/09\\\/03\\\/kinshasa-felix-tshisekedi-inaugure-la-premiere-usine-de-production-des-carreaux-et-faiences-made-in-congo\\\/\"},\"author\":{\"name\":\"Christian Ngeleka\",\"@id\":\"https:\\\/\\\/congo-actu.net\\\/#\\\/schema\\\/person\\\/ebf1d900f8442f92e5b84065d2423bc6\"},\"headline\":\"Kinshasa : F\u00e9lix Tshisekedi inaugure la premi\u00e8re usine de production des carreaux et fa\u00efences \u00ab\u00a0made in congo\u00a0\u00bb\",\"datePublished\":\"2023-09-03T15:39:48+00:00\",\"dateModified\":\"2023-09-03T15:39:49+00:00\",\"mainEntityOfPage\":{\"@id\":\"https:\\\/\\\/congo-actu.net\\\/index.php\\\/2023\\\/09\\\/03\\\/kinshasa-felix-tshisekedi-inaugure-la-premiere-usine-de-production-des-carreaux-et-faiences-made-in-congo\\\/\"},\"wordCount\":351,\"commentCount\":0,\"image\":{\"@id\":\"https:\\\/\\\/congo-actu.net\\\/index.php\\\/2023\\\/09\\\/03\\\/kinshasa-felix-tshisekedi-inaugure-la-premiere-usine-de-production-des-carreaux-et-faiences-made-in-congo\\\/#primaryimage\"},\"thumbnailUrl\":\"https:\\\/\\\/congo-actu.net\\\/wp-content\\\/uploads\\\/2023\\\/09\\\/1693743116988.jpg\",\"keywords\":[\"F\u00e9lix Antoine Tshisekedi Tshilombo\",\"Industrie\",\"Julien paluku\",\"Kinshasa\",\"RDC\"],\"articleSection\":[\"Economie\"],\"inLanguage\":\"fr-FR\",\"potentialAction\":[{\"@type\":\"CommentAction\",\"name\":\"Comment\",\"target\":[\"https:\\\/\\\/congo-actu.net\\\/index.php\\\/2023\\\/09\\\/03\\\/kinshasa-felix-tshisekedi-inaugure-la-premiere-usine-de-production-des-carreaux-et-faiences-made-in-congo\\\/#respond\"]}]},{\"@type\":\"WebPage\",\"@id\":\"https:\\\/\\\/congo-actu.net\\\/index.php\\\/2023\\\/09\\\/03\\\/kinshasa-felix-tshisekedi-inaugure-la-premiere-usine-de-production-des-carreaux-et-faiences-made-in-congo\\\/\",\"url\":\"https:\\\/\\\/congo-actu.net\\\/index.php\\\/2023\\\/09\\\/03\\\/kinshasa-felix-tshisekedi-inaugure-la-premiere-usine-de-production-des-carreaux-et-faiences-made-in-congo\\\/\",\"name\":\"Kinshasa : F\u00e9lix Tshisekedi inaugure la premi\u00e8re usine de production des carreaux et fa\u00efences \\\"made in congo\\\" - Congo-actu.net\",\"isPartOf\":{\"@id\":\"https:\\\/\\\/congo-actu.net\\\/#website\"},\"primaryImageOfPage\":{\"@id\":\"https:\\\/\\\/congo-actu.net\\\/index.php\\\/2023\\\/09\\\/03\\\/kinshasa-felix-tshisekedi-inaugure-la-premiere-usine-de-production-des-carreaux-et-faiences-made-in-congo\\\/#primaryimage\"},\"image\":{\"@id\":\"https:\\\/\\\/congo-actu.net\\\/index.php\\\/2023\\\/09\\\/03\\\/kinshasa-felix-tshisekedi-inaugure-la-premiere-usine-de-production-des-carreaux-et-faiences-made-in-congo\\\/#primaryimage\"},\"thumbnailUrl\":\"https:\\\/\\\/congo-actu.net\\\/wp-content\\\/uploads\\\/2023\\\/09\\\/1693743116988.jpg\",\"datePublished\":\"2023-09-03T15:39:48+00:00\",\"dateModified\":\"2023-09-03T15:39:49+00:00\",\"author\":{\"@id\":\"https:\\\/\\\/congo-actu.net\\\/#\\\/schema\\\/person\\\/ebf1d900f8442f92e5b84065d2423bc6\"},\"breadcrumb\":{\"@id\":\"https:\\\/\\\/congo-actu.net\\\/index.php\\\/2023\\\/09\\\/03\\\/kinshasa-felix-tshisekedi-inaugure-la-premiere-usine-de-production-des-carreaux-et-faiences-made-in-congo\\\/#breadcrumb\"},\"inLanguage\":\"fr-FR\",\"potentialAction\":[{\"@type\":\"ReadAction\",\"target\":[\"https:\\\/\\\/congo-actu.net\\\/index.php\\\/2023\\\/09\\\/03\\\/kinshasa-felix-tshisekedi-inaugure-la-premiere-usine-de-production-des-carreaux-et-faiences-made-in-congo\\\/\"]}]},{\"@type\":\"ImageObject\",\"inLanguage\":\"fr-FR\",\"@id\":\"https:\\\/\\\/congo-actu.net\\\/index.php\\\/2023\\\/09\\\/03\\\/kinshasa-felix-tshisekedi-inaugure-la-premiere-usine-de-production-des-carreaux-et-faiences-made-in-congo\\\/#primaryimage\",\"url\":\"https:\\\/\\\/congo-actu.net\\\/wp-content\\\/uploads\\\/2023\\\/09\\\/1693743116988.jpg\",\"contentUrl\":\"https:\\\/\\\/congo-actu.net\\\/wp-content\\\/uploads\\\/2023\\\/09\\\/1693743116988.jpg\",\"width\":720,\"height\":480},{\"@type\":\"BreadcrumbList\",\"@id\":\"https:\\\/\\\/congo-actu.net\\\/index.php\\\/2023\\\/09\\\/03\\\/kinshasa-felix-tshisekedi-inaugure-la-premiere-usine-de-production-des-carreaux-et-faiences-made-in-congo\\\/#breadcrumb\",\"itemListElement\":[{\"@type\":\"ListItem\",\"position\":1,\"name\":\"Accueil\",\"item\":\"https:\\\/\\\/congo-actu.net\\\/\"},{\"@type\":\"ListItem\",\"position\":2,\"name\":\"Kinshasa : F\u00e9lix Tshisekedi inaugure la premi\u00e8re usine de production des carreaux et fa\u00efences \u00ab\u00a0made in congo\u00a0\u00bb\"}]},{\"@type\":\"WebSite\",\"@id\":\"https:\\\/\\\/congo-actu.net\\\/#website\",\"url\":\"https:\\\/\\\/congo-actu.net\\\/\",\"name\":\"Congo-actu.net\",\"description\":\"Les nouvelles de la RDC et d&#039;ailleurs en un clic\",\"potentialAction\":[{\"@type\":\"SearchAction\",\"target\":{\"@type\":\"EntryPoint\",\"urlTemplate\":\"https:\\\/\\\/congo-actu.net\\\/?s={search_term_string}\"},\"query-input\":{\"@type\":\"PropertyValueSpecification\",\"valueRequired\":true,\"valueName\":\"search_term_string\"}}],\"inLanguage\":\"fr-FR\"},{\"@type\":\"Person\",\"@id\":\"https:\\\/\\\/congo-actu.net\\\/#\\\/schema\\\/person\\\/ebf1d900f8442f92e5b84065d2423bc6\",\"name\":\"Christian Ngeleka\",\"image\":{\"@type\":\"ImageObject\",\"inLanguage\":\"fr-FR\",\"@id\":\"https:\\\/\\\/congo-actu.net\\\/wp-content\\\/litespeed\\\/avatar\\\/267570a50b37451de19a5339884f28c8.jpg?ver=1776721312\",\"url\":\"https:\\\/\\\/congo-actu.net\\\/wp-content\\\/litespeed\\\/avatar\\\/267570a50b37451de19a5339884f28c8.jpg?ver=1776721312\",\"contentUrl\":\"https:\\\/\\\/congo-actu.net\\\/wp-content\\\/litespeed\\\/avatar\\\/267570a50b37451de19a5339884f28c8.jpg?ver=1776721312\",\"caption\":\"Christian Ngeleka\"},\"url\":\"https:\\\/\\\/congo-actu.net\\\/index.php\\\/author\\\/chris-ngeleka\\\/\"}]}<\/script>\n<!-- \/ Yoast SEO plugin. -->","yoast_head_json":{"title":"Kinshasa : F\u00e9lix Tshisekedi inaugure la premi\u00e8re usine de production des carreaux et fa\u00efences \"made in congo\" - Congo-actu.net","robots":{"index":"index","follow":"follow","max-snippet":"max-snippet:-1","max-image-preview":"max-image-preview:large","max-video-preview":"max-video-preview:-1"},"canonical":"https:\/\/congo-actu.net\/index.php\/2023\/09\/03\/kinshasa-felix-tshisekedi-inaugure-la-premiere-usine-de-production-des-carreaux-et-faiences-made-in-congo\/","og_locale":"fr_FR","og_type":"article","og_title":"Kinshasa : F\u00e9lix Tshisekedi inaugure la premi\u00e8re usine de production des carreaux et fa\u00efences \"made in congo\" - Congo-actu.net","og_description":"Le pr\u00e9sident de la R\u00e9publique a proc\u00e9d\u00e9 ce samedi 02 septembre, au lancement de la premi\u00e8re production des carreaux et fa\u00efences estampill\u00e9es \u00ab\u00a0made in congo\u00a0\u00bb pour l\u2019approvisionnement de la ville de Kinshasa et ses environs. La c\u00e9r\u00e9monie s\u2019est d\u00e9roul\u00e9e dans la zone \u00e9conomique sp\u00e9ciale pilote de Maluku o\u00f9 l\u2019entreprise chinoise \u00ab\u00a0Saphir Ceramics\u00a0\u00bb, sp\u00e9cialis\u00e9e dans la","og_url":"https:\/\/congo-actu.net\/index.php\/2023\/09\/03\/kinshasa-felix-tshisekedi-inaugure-la-premiere-usine-de-production-des-carreaux-et-faiences-made-in-congo\/","og_site_name":"Congo-actu.net","article_published_time":"2023-09-03T15:39:48+00:00","article_modified_time":"2023-09-03T15:39:49+00:00","og_image":[{"width":720,"height":480,"url":"https:\/\/congo-actu.net\/wp-content\/uploads\/2023\/09\/1693743116988.jpg","type":"image\/jpeg"}],"author":"Christian Ngeleka","twitter_card":"summary_large_image","twitter_misc":{"\u00c9crit par":"Christian Ngeleka","Dur\u00e9e de lecture estim\u00e9e":"2 minutes"},"schema":{"@context":"https:\/\/schema.org","@graph":[{"@type":"Article","@id":"https:\/\/congo-actu.net\/index.php\/2023\/09\/03\/kinshasa-felix-tshisekedi-inaugure-la-premiere-usine-de-production-des-carreaux-et-faiences-made-in-congo\/#article","isPartOf":{"@id":"https:\/\/congo-actu.net\/index.php\/2023\/09\/03\/kinshasa-felix-tshisekedi-inaugure-la-premiere-usine-de-production-des-carreaux-et-faiences-made-in-congo\/"},"author":{"name":"Christian Ngeleka","@id":"https:\/\/congo-actu.net\/#\/schema\/person\/ebf1d900f8442f92e5b84065d2423bc6"},"headline":"Kinshasa : F\u00e9lix Tshisekedi inaugure la premi\u00e8re usine de production des carreaux et fa\u00efences \u00ab\u00a0made in congo\u00a0\u00bb","datePublished":"2023-09-03T15:39:48+00:00","dateModified":"2023-09-03T15:39:49+00:00","mainEntityOfPage":{"@id":"https:\/\/congo-actu.net\/index.php\/2023\/09\/03\/kinshasa-felix-tshisekedi-inaugure-la-premiere-usine-de-production-des-carreaux-et-faiences-made-in-congo\/"},"wordCount":351,"commentCount":0,"image":{"@id":"https:\/\/congo-actu.net\/index.php\/2023\/09\/03\/kinshasa-felix-tshisekedi-inaugure-la-premiere-usine-de-production-des-carreaux-et-faiences-made-in-congo\/#primaryimage"},"thumbnailUrl":"https:\/\/congo-actu.net\/wp-content\/uploads\/2023\/09\/1693743116988.jpg","keywords":["F\u00e9lix Antoine Tshisekedi Tshilombo","Industrie","Julien paluku","Kinshasa","RDC"],"articleSection":["Economie"],"inLanguage":"fr-FR","potentialAction":[{"@type":"CommentAction","name":"Comment","target":["https:\/\/congo-actu.net\/index.php\/2023\/09\/03\/kinshasa-felix-tshisekedi-inaugure-la-premiere-usine-de-production-des-carreaux-et-faiences-made-in-congo\/#respond"]}]},{"@type":"WebPage","@id":"https:\/\/congo-actu.net\/index.php\/2023\/09\/03\/kinshasa-felix-tshisekedi-inaugure-la-premiere-usine-de-production-des-carreaux-et-faiences-made-in-congo\/","url":"https:\/\/congo-actu.net\/index.php\/2023\/09\/03\/kinshasa-felix-tshisekedi-inaugure-la-premiere-usine-de-production-des-carreaux-et-faiences-made-in-congo\/","name":"Kinshasa : F\u00e9lix Tshisekedi inaugure la premi\u00e8re usine de production des carreaux et fa\u00efences \"made in congo\" - Congo-actu.net","isPartOf":{"@id":"https:\/\/congo-actu.net\/#website"},"primaryImageOfPage":{"@id":"https:\/\/congo-actu.net\/index.php\/2023\/09\/03\/kinshasa-felix-tshisekedi-inaugure-la-premiere-usine-de-production-des-carreaux-et-faiences-made-in-congo\/#primaryimage"},"image":{"@id":"https:\/\/congo-actu.net\/index.php\/2023\/09\/03\/kinshasa-felix-tshisekedi-inaugure-la-premiere-usine-de-production-des-carreaux-et-faiences-made-in-congo\/#primaryimage"},"thumbnailUrl":"https:\/\/congo-actu.net\/wp-content\/uploads\/2023\/09\/1693743116988.jpg","datePublished":"2023-09-03T15:39:48+00:00","dateModified":"2023-09-03T15:39:49+00:00","author":{"@id":"https:\/\/congo-actu.net\/#\/schema\/person\/ebf1d900f8442f92e5b84065d2423bc6"},"breadcrumb":{"@id":"https:\/\/congo-actu.net\/index.php\/2023\/09\/03\/kinshasa-felix-tshisekedi-inaugure-la-premiere-usine-de-production-des-carreaux-et-faiences-made-in-congo\/#breadcrumb"},"inLanguage":"fr-FR","potentialAction":[{"@type":"ReadAction","target":["https:\/\/congo-actu.net\/index.php\/2023\/09\/03\/kinshasa-felix-tshisekedi-inaugure-la-premiere-usine-de-production-des-carreaux-et-faiences-made-in-congo\/"]}]},{"@type":"ImageObject","inLanguage":"fr-FR","@id":"https:\/\/congo-actu.net\/index.php\/2023\/09\/03\/kinshasa-felix-tshisekedi-inaugure-la-premiere-usine-de-production-des-carreaux-et-faiences-made-in-congo\/#primaryimage","url":"https:\/\/congo-actu.net\/wp-content\/uploads\/2023\/09\/1693743116988.jpg","contentUrl":"https:\/\/congo-actu.net\/wp-content\/uploads\/2023\/09\/1693743116988.jpg","width":720,"height":480},{"@type":"BreadcrumbList","@id":"https:\/\/congo-actu.net\/index.php\/2023\/09\/03\/kinshasa-felix-tshisekedi-inaugure-la-premiere-usine-de-production-des-carreaux-et-faiences-made-in-congo\/#breadcrumb","itemListElement":[{"@type":"ListItem","position":1,"name":"Accueil","item":"https:\/\/congo-actu.net\/"},{"@type":"ListItem","position":2,"name":"Kinshasa : F\u00e9lix Tshisekedi inaugure la premi\u00e8re usine de production des carreaux et fa\u00efences \u00ab\u00a0made in congo\u00a0\u00bb"}]},{"@type":"WebSite","@id":"https:\/\/congo-actu.net\/#website","url":"https:\/\/congo-actu.net\/","name":"Congo-actu.net","description":"Les nouvelles de la RDC et d&#039;ailleurs en un clic","potentialAction":[{"@type":"SearchAction","target":{"@type":"EntryPoint","urlTemplate":"https:\/\/congo-actu.net\/?s={search_term_string}"},"query-input":{"@type":"PropertyValueSpecification","valueRequired":true,"valueName":"search_term_string"}}],"inLanguage":"fr-FR"},{"@type":"Person","@id":"https:\/\/congo-actu.net\/#\/schema\/person\/ebf1d900f8442f92e5b84065d2423bc6","name":"Christian Ngeleka","image":{"@type":"ImageObject","inLanguage":"fr-FR","@id":"https:\/\/congo-actu.net\/wp-content\/litespeed\/avatar\/267570a50b37451de19a5339884f28c8.jpg?ver=1776721312","url":"https:\/\/congo-actu.net\/wp-content\/litespeed\/avatar\/267570a50b37451de19a5339884f28c8.jpg?ver=1776721312","contentUrl":"https:\/\/congo-actu.net\/wp-content\/litespeed\/avatar\/267570a50b37451de19a5339884f28c8.jpg?ver=1776721312","caption":"Christian Ngeleka"},"url":"https:\/\/congo-actu.net\/index.php\/author\/chris-ngeleka\/"}]}},"amp_enabled":true,"_links":{"self":[{"href":"https:\/\/congo-actu.net\/index.php\/wp-json\/wp\/v2\/posts\/19736","targetHints":{"allow":["GET"]}}],"collection":[{"href":"https:\/\/congo-actu.net\/index.php\/wp-json\/wp\/v2\/posts"}],"about":[{"href":"https:\/\/congo-actu.net\/index.php\/wp-json\/wp\/v2\/types\/post"}],"author":[{"embeddable":true,"href":"https:\/\/congo-actu.net\/index.php\/wp-json\/wp\/v2\/users\/2"}],"replies":[{"embeddable":true,"href":"https:\/\/congo-actu.net\/index.php\/wp-json\/wp\/v2\/comments?post=19736"}],"version-history":[{"count":1,"href":"https:\/\/congo-actu.net\/index.php\/wp-json\/wp\/v2\/posts\/19736\/revisions"}],"predecessor-version":[{"id":19738,"href":"https:\/\/congo-actu.net\/index.php\/wp-json\/wp\/v2\/posts\/19736\/revisions\/19738"}],"wp:featuredmedia":[{"embeddable":true,"href":"https:\/\/congo-actu.net\/index.php\/wp-json\/wp\/v2\/media\/19737"}],"wp:attachment":[{"href":"https:\/\/congo-actu.net\/index.php\/wp-json\/wp\/v2\/media?parent=19736"}],"wp:term":[{"taxonomy":"category","embeddable":true,"href":"https:\/\/congo-actu.net\/index.php\/wp-json\/wp\/v2\/categories?post=19736"},{"taxonomy":"post_tag","embeddable":true,"href":"https:\/\/congo-actu.net\/index.php\/wp-json\/wp\/v2\/tags?post=19736"}],"curies":[{"name":"wp","href":"https:\/\/api.w.org\/{rel}","templated":true}]}}