{"id":19809,"date":"2023-09-07T21:30:14","date_gmt":"2023-09-07T19:30:14","guid":{"rendered":"https:\/\/congo-actu.net\/?p=19809"},"modified":"2023-09-07T21:30:16","modified_gmt":"2023-09-07T19:30:16","slug":"rdc-suspension-du-secretaire-executif-de-la-ceni","status":"publish","type":"post","link":"https:\/\/congo-actu.net\/index.php\/2023\/09\/07\/rdc-suspension-du-secretaire-executif-de-la-ceni\/","title":{"rendered":"RDC : Suspension du secr\u00e9taire ex\u00e9cutif de la CENI"},"content":{"rendered":"\n<p><strong>Le pr\u00e9sident de la Commission \u00c9lectorale Nationale Ind\u00e9pendante (CENI), a suspendu le secretaire ex\u00e9cutif de la centrale \u00e9lectorale pour \u00a0\u00bbfaute lourde\u00a0\u00bb. La d\u00e9cision est tomb\u00e9e ce jeudi 07 septembre.<\/strong><\/p>\n\n\n\n<p>Toto Mabiku est suspendu pour 15 jours, conform\u00e9ment au r\u00e8glement administratif et financier de la centrale \u00e9lectorale. La nature de la faute qui a conduit \u00e0 sa suspension reste jusqu&rsquo;\u00e0 pr\u00e9sent non r\u00e9v\u00e9l\u00e9e.<\/p>\n\n\n\n<p>Il sied de noter que cette suspension intervient au moment o\u00f9 le processus \u00e9lectoral tend vers l&rsquo;\u00e9tape de d\u00e9p\u00f4t des candidatures pour les \u00e9lections pr\u00e9sidentielles du 20 d\u00e9cembre 2023.<\/p>\n","protected":false},"excerpt":{"rendered":"<p>Le pr\u00e9sident de la Commission \u00c9lectorale Nationale Ind\u00e9pendante (CENI), a suspendu le secretaire ex\u00e9cutif de la centrale \u00e9lectorale pour \u00a0\u00bbfaute lourde\u00a0\u00bb. La d\u00e9cision est tomb\u00e9e ce jeudi 07 septembre. Toto Mabiku est suspendu pour 15 jours, conform\u00e9ment au r\u00e8glement administratif et financier de la centrale \u00e9lectorale. La nature de la faute qui a conduit \u00e0<\/p>\n","protected":false},"author":9,"featured_media":19810,"comment_status":"open","ping_status":"open","sticky":false,"template":"","format":"standard","meta":{"footnotes":""},"categories":[40],"tags":[58,831,93],"class_list":{"0":"post-19809","1":"post","2":"type-post","3":"status-publish","4":"format-standard","5":"has-post-thumbnail","7":"category-politique","8":"tag-ceni","9":"tag-commission-electorale-nationale-independante","10":"tag-rdc"},"yoast_head":"<!-- This site is optimized with the Yoast SEO plugin v27.4 - https:\/\/yoast.com\/product\/yoast-seo-wordpress\/ -->\n<title>RDC : Suspension du secr\u00e9taire ex\u00e9cutif de la CENI - Congo-actu.net<\/title>\n<meta name=\"robots\" content=\"index, follow, max-snippet:-1, max-image-preview:large, max-video-preview:-1\" \/>\n<link rel=\"canonical\" href=\"https:\/\/congo-actu.net\/index.php\/2023\/09\/07\/rdc-suspension-du-secretaire-executif-de-la-ceni\/\" \/>\n<meta property=\"og:locale\" content=\"fr_FR\" \/>\n<meta property=\"og:type\" content=\"article\" \/>\n<meta property=\"og:title\" content=\"RDC : Suspension du secr\u00e9taire ex\u00e9cutif de la CENI - Congo-actu.net\" \/>\n<meta property=\"og:description\" content=\"Le pr\u00e9sident de la Commission \u00c9lectorale Nationale Ind\u00e9pendante (CENI), a suspendu le secretaire ex\u00e9cutif de la centrale \u00e9lectorale pour \u00a0\u00bbfaute lourde\u00a0\u00bb. La d\u00e9cision est tomb\u00e9e ce jeudi 07 septembre. Toto Mabiku est suspendu pour 15 jours, conform\u00e9ment au r\u00e8glement administratif et financier de la centrale \u00e9lectorale. La nature de la faute qui a conduit \u00e0\" \/>\n<meta property=\"og:url\" content=\"https:\/\/congo-actu.net\/index.php\/2023\/09\/07\/rdc-suspension-du-secretaire-executif-de-la-ceni\/\" \/>\n<meta property=\"og:site_name\" content=\"Congo-actu.net\" \/>\n<meta property=\"article:published_time\" content=\"2023-09-07T19:30:14+00:00\" \/>\n<meta property=\"article:modified_time\" content=\"2023-09-07T19:30:16+00:00\" \/>\n<meta property=\"og:image\" content=\"https:\/\/congo-actu.net\/wp-content\/uploads\/2023\/09\/42a02203-6709-40aa-9654-d40dfd162026.jpeg\" \/>\n\t<meta property=\"og:image:width\" content=\"679\" \/>\n\t<meta property=\"og:image:height\" content=\"452\" \/>\n\t<meta property=\"og:image:type\" content=\"image\/jpeg\" \/>\n<meta name=\"author\" content=\"Serge Nkaya\" \/>\n<meta name=\"twitter:card\" content=\"summary_large_image\" \/>\n<meta name=\"twitter:label1\" content=\"\u00c9crit par\" \/>\n\t<meta name=\"twitter:data1\" content=\"Serge Nkaya\" \/>\n\t<meta name=\"twitter:label2\" content=\"Dur\u00e9e de lecture estim\u00e9e\" \/>\n\t<meta name=\"twitter:data2\" content=\"1 minute\" \/>\n<script type=\"application\/ld+json\" class=\"yoast-schema-graph\">{\"@context\":\"https:\\\/\\\/schema.org\",\"@graph\":[{\"@type\":\"Article\",\"@id\":\"https:\\\/\\\/congo-actu.net\\\/index.php\\\/2023\\\/09\\\/07\\\/rdc-suspension-du-secretaire-executif-de-la-ceni\\\/#article\",\"isPartOf\":{\"@id\":\"https:\\\/\\\/congo-actu.net\\\/index.php\\\/2023\\\/09\\\/07\\\/rdc-suspension-du-secretaire-executif-de-la-ceni\\\/\"},\"author\":{\"name\":\"Serge Nkaya\",\"@id\":\"https:\\\/\\\/congo-actu.net\\\/#\\\/schema\\\/person\\\/d1f7718a117521d324ef50b166246e67\"},\"headline\":\"RDC : Suspension du secr\u00e9taire ex\u00e9cutif de la CENI\",\"datePublished\":\"2023-09-07T19:30:14+00:00\",\"dateModified\":\"2023-09-07T19:30:16+00:00\",\"mainEntityOfPage\":{\"@id\":\"https:\\\/\\\/congo-actu.net\\\/index.php\\\/2023\\\/09\\\/07\\\/rdc-suspension-du-secretaire-executif-de-la-ceni\\\/\"},\"wordCount\":112,\"commentCount\":0,\"image\":{\"@id\":\"https:\\\/\\\/congo-actu.net\\\/index.php\\\/2023\\\/09\\\/07\\\/rdc-suspension-du-secretaire-executif-de-la-ceni\\\/#primaryimage\"},\"thumbnailUrl\":\"https:\\\/\\\/congo-actu.net\\\/wp-content\\\/uploads\\\/2023\\\/09\\\/42a02203-6709-40aa-9654-d40dfd162026.jpeg\",\"keywords\":[\"CENI\",\"Commission \u00c9lectorale Nationale Ind\u00e9pendante\",\"RDC\"],\"articleSection\":[\"Politique\"],\"inLanguage\":\"fr-FR\",\"potentialAction\":[{\"@type\":\"CommentAction\",\"name\":\"Comment\",\"target\":[\"https:\\\/\\\/congo-actu.net\\\/index.php\\\/2023\\\/09\\\/07\\\/rdc-suspension-du-secretaire-executif-de-la-ceni\\\/#respond\"]}]},{\"@type\":\"WebPage\",\"@id\":\"https:\\\/\\\/congo-actu.net\\\/index.php\\\/2023\\\/09\\\/07\\\/rdc-suspension-du-secretaire-executif-de-la-ceni\\\/\",\"url\":\"https:\\\/\\\/congo-actu.net\\\/index.php\\\/2023\\\/09\\\/07\\\/rdc-suspension-du-secretaire-executif-de-la-ceni\\\/\",\"name\":\"RDC : Suspension du secr\u00e9taire ex\u00e9cutif de la CENI - Congo-actu.net\",\"isPartOf\":{\"@id\":\"https:\\\/\\\/congo-actu.net\\\/#website\"},\"primaryImageOfPage\":{\"@id\":\"https:\\\/\\\/congo-actu.net\\\/index.php\\\/2023\\\/09\\\/07\\\/rdc-suspension-du-secretaire-executif-de-la-ceni\\\/#primaryimage\"},\"image\":{\"@id\":\"https:\\\/\\\/congo-actu.net\\\/index.php\\\/2023\\\/09\\\/07\\\/rdc-suspension-du-secretaire-executif-de-la-ceni\\\/#primaryimage\"},\"thumbnailUrl\":\"https:\\\/\\\/congo-actu.net\\\/wp-content\\\/uploads\\\/2023\\\/09\\\/42a02203-6709-40aa-9654-d40dfd162026.jpeg\",\"datePublished\":\"2023-09-07T19:30:14+00:00\",\"dateModified\":\"2023-09-07T19:30:16+00:00\",\"author\":{\"@id\":\"https:\\\/\\\/congo-actu.net\\\/#\\\/schema\\\/person\\\/d1f7718a117521d324ef50b166246e67\"},\"breadcrumb\":{\"@id\":\"https:\\\/\\\/congo-actu.net\\\/index.php\\\/2023\\\/09\\\/07\\\/rdc-suspension-du-secretaire-executif-de-la-ceni\\\/#breadcrumb\"},\"inLanguage\":\"fr-FR\",\"potentialAction\":[{\"@type\":\"ReadAction\",\"target\":[\"https:\\\/\\\/congo-actu.net\\\/index.php\\\/2023\\\/09\\\/07\\\/rdc-suspension-du-secretaire-executif-de-la-ceni\\\/\"]}]},{\"@type\":\"ImageObject\",\"inLanguage\":\"fr-FR\",\"@id\":\"https:\\\/\\\/congo-actu.net\\\/index.php\\\/2023\\\/09\\\/07\\\/rdc-suspension-du-secretaire-executif-de-la-ceni\\\/#primaryimage\",\"url\":\"https:\\\/\\\/congo-actu.net\\\/wp-content\\\/uploads\\\/2023\\\/09\\\/42a02203-6709-40aa-9654-d40dfd162026.jpeg\",\"contentUrl\":\"https:\\\/\\\/congo-actu.net\\\/wp-content\\\/uploads\\\/2023\\\/09\\\/42a02203-6709-40aa-9654-d40dfd162026.jpeg\",\"width\":679,\"height\":452},{\"@type\":\"BreadcrumbList\",\"@id\":\"https:\\\/\\\/congo-actu.net\\\/index.php\\\/2023\\\/09\\\/07\\\/rdc-suspension-du-secretaire-executif-de-la-ceni\\\/#breadcrumb\",\"itemListElement\":[{\"@type\":\"ListItem\",\"position\":1,\"name\":\"Accueil\",\"item\":\"https:\\\/\\\/congo-actu.net\\\/\"},{\"@type\":\"ListItem\",\"position\":2,\"name\":\"RDC : Suspension du secr\u00e9taire ex\u00e9cutif de la CENI\"}]},{\"@type\":\"WebSite\",\"@id\":\"https:\\\/\\\/congo-actu.net\\\/#website\",\"url\":\"https:\\\/\\\/congo-actu.net\\\/\",\"name\":\"Congo-actu.net\",\"description\":\"Les nouvelles de la RDC et d&#039;ailleurs en un clic\",\"potentialAction\":[{\"@type\":\"SearchAction\",\"target\":{\"@type\":\"EntryPoint\",\"urlTemplate\":\"https:\\\/\\\/congo-actu.net\\\/?s={search_term_string}\"},\"query-input\":{\"@type\":\"PropertyValueSpecification\",\"valueRequired\":true,\"valueName\":\"search_term_string\"}}],\"inLanguage\":\"fr-FR\"},{\"@type\":\"Person\",\"@id\":\"https:\\\/\\\/congo-actu.net\\\/#\\\/schema\\\/person\\\/d1f7718a117521d324ef50b166246e67\",\"name\":\"Serge Nkaya\",\"image\":{\"@type\":\"ImageObject\",\"inLanguage\":\"fr-FR\",\"@id\":\"https:\\\/\\\/congo-actu.net\\\/wp-content\\\/litespeed\\\/avatar\\\/6d5ebb0956823bd229d204e786813664.jpg?ver=1776721311\",\"url\":\"https:\\\/\\\/congo-actu.net\\\/wp-content\\\/litespeed\\\/avatar\\\/6d5ebb0956823bd229d204e786813664.jpg?ver=1776721311\",\"contentUrl\":\"https:\\\/\\\/congo-actu.net\\\/wp-content\\\/litespeed\\\/avatar\\\/6d5ebb0956823bd229d204e786813664.jpg?ver=1776721311\",\"caption\":\"Serge Nkaya\"},\"url\":\"https:\\\/\\\/congo-actu.net\\\/index.php\\\/author\\\/serge-nkaya\\\/\"}]}<\/script>\n<!-- \/ Yoast SEO plugin. -->","yoast_head_json":{"title":"RDC : Suspension du secr\u00e9taire ex\u00e9cutif de la CENI - Congo-actu.net","robots":{"index":"index","follow":"follow","max-snippet":"max-snippet:-1","max-image-preview":"max-image-preview:large","max-video-preview":"max-video-preview:-1"},"canonical":"https:\/\/congo-actu.net\/index.php\/2023\/09\/07\/rdc-suspension-du-secretaire-executif-de-la-ceni\/","og_locale":"fr_FR","og_type":"article","og_title":"RDC : Suspension du secr\u00e9taire ex\u00e9cutif de la CENI - Congo-actu.net","og_description":"Le pr\u00e9sident de la Commission \u00c9lectorale Nationale Ind\u00e9pendante (CENI), a suspendu le secretaire ex\u00e9cutif de la centrale \u00e9lectorale pour \u00a0\u00bbfaute lourde\u00a0\u00bb. La d\u00e9cision est tomb\u00e9e ce jeudi 07 septembre. Toto Mabiku est suspendu pour 15 jours, conform\u00e9ment au r\u00e8glement administratif et financier de la centrale \u00e9lectorale. La nature de la faute qui a conduit \u00e0","og_url":"https:\/\/congo-actu.net\/index.php\/2023\/09\/07\/rdc-suspension-du-secretaire-executif-de-la-ceni\/","og_site_name":"Congo-actu.net","article_published_time":"2023-09-07T19:30:14+00:00","article_modified_time":"2023-09-07T19:30:16+00:00","og_image":[{"width":679,"height":452,"url":"https:\/\/congo-actu.net\/wp-content\/uploads\/2023\/09\/42a02203-6709-40aa-9654-d40dfd162026.jpeg","type":"image\/jpeg"}],"author":"Serge Nkaya","twitter_card":"summary_large_image","twitter_misc":{"\u00c9crit par":"Serge Nkaya","Dur\u00e9e de lecture estim\u00e9e":"1 minute"},"schema":{"@context":"https:\/\/schema.org","@graph":[{"@type":"Article","@id":"https:\/\/congo-actu.net\/index.php\/2023\/09\/07\/rdc-suspension-du-secretaire-executif-de-la-ceni\/#article","isPartOf":{"@id":"https:\/\/congo-actu.net\/index.php\/2023\/09\/07\/rdc-suspension-du-secretaire-executif-de-la-ceni\/"},"author":{"name":"Serge Nkaya","@id":"https:\/\/congo-actu.net\/#\/schema\/person\/d1f7718a117521d324ef50b166246e67"},"headline":"RDC : Suspension du secr\u00e9taire ex\u00e9cutif de la CENI","datePublished":"2023-09-07T19:30:14+00:00","dateModified":"2023-09-07T19:30:16+00:00","mainEntityOfPage":{"@id":"https:\/\/congo-actu.net\/index.php\/2023\/09\/07\/rdc-suspension-du-secretaire-executif-de-la-ceni\/"},"wordCount":112,"commentCount":0,"image":{"@id":"https:\/\/congo-actu.net\/index.php\/2023\/09\/07\/rdc-suspension-du-secretaire-executif-de-la-ceni\/#primaryimage"},"thumbnailUrl":"https:\/\/congo-actu.net\/wp-content\/uploads\/2023\/09\/42a02203-6709-40aa-9654-d40dfd162026.jpeg","keywords":["CENI","Commission \u00c9lectorale Nationale Ind\u00e9pendante","RDC"],"articleSection":["Politique"],"inLanguage":"fr-FR","potentialAction":[{"@type":"CommentAction","name":"Comment","target":["https:\/\/congo-actu.net\/index.php\/2023\/09\/07\/rdc-suspension-du-secretaire-executif-de-la-ceni\/#respond"]}]},{"@type":"WebPage","@id":"https:\/\/congo-actu.net\/index.php\/2023\/09\/07\/rdc-suspension-du-secretaire-executif-de-la-ceni\/","url":"https:\/\/congo-actu.net\/index.php\/2023\/09\/07\/rdc-suspension-du-secretaire-executif-de-la-ceni\/","name":"RDC : Suspension du secr\u00e9taire ex\u00e9cutif de la CENI - Congo-actu.net","isPartOf":{"@id":"https:\/\/congo-actu.net\/#website"},"primaryImageOfPage":{"@id":"https:\/\/congo-actu.net\/index.php\/2023\/09\/07\/rdc-suspension-du-secretaire-executif-de-la-ceni\/#primaryimage"},"image":{"@id":"https:\/\/congo-actu.net\/index.php\/2023\/09\/07\/rdc-suspension-du-secretaire-executif-de-la-ceni\/#primaryimage"},"thumbnailUrl":"https:\/\/congo-actu.net\/wp-content\/uploads\/2023\/09\/42a02203-6709-40aa-9654-d40dfd162026.jpeg","datePublished":"2023-09-07T19:30:14+00:00","dateModified":"2023-09-07T19:30:16+00:00","author":{"@id":"https:\/\/congo-actu.net\/#\/schema\/person\/d1f7718a117521d324ef50b166246e67"},"breadcrumb":{"@id":"https:\/\/congo-actu.net\/index.php\/2023\/09\/07\/rdc-suspension-du-secretaire-executif-de-la-ceni\/#breadcrumb"},"inLanguage":"fr-FR","potentialAction":[{"@type":"ReadAction","target":["https:\/\/congo-actu.net\/index.php\/2023\/09\/07\/rdc-suspension-du-secretaire-executif-de-la-ceni\/"]}]},{"@type":"ImageObject","inLanguage":"fr-FR","@id":"https:\/\/congo-actu.net\/index.php\/2023\/09\/07\/rdc-suspension-du-secretaire-executif-de-la-ceni\/#primaryimage","url":"https:\/\/congo-actu.net\/wp-content\/uploads\/2023\/09\/42a02203-6709-40aa-9654-d40dfd162026.jpeg","contentUrl":"https:\/\/congo-actu.net\/wp-content\/uploads\/2023\/09\/42a02203-6709-40aa-9654-d40dfd162026.jpeg","width":679,"height":452},{"@type":"BreadcrumbList","@id":"https:\/\/congo-actu.net\/index.php\/2023\/09\/07\/rdc-suspension-du-secretaire-executif-de-la-ceni\/#breadcrumb","itemListElement":[{"@type":"ListItem","position":1,"name":"Accueil","item":"https:\/\/congo-actu.net\/"},{"@type":"ListItem","position":2,"name":"RDC : Suspension du secr\u00e9taire ex\u00e9cutif de la CENI"}]},{"@type":"WebSite","@id":"https:\/\/congo-actu.net\/#website","url":"https:\/\/congo-actu.net\/","name":"Congo-actu.net","description":"Les nouvelles de la RDC et d&#039;ailleurs en un clic","potentialAction":[{"@type":"SearchAction","target":{"@type":"EntryPoint","urlTemplate":"https:\/\/congo-actu.net\/?s={search_term_string}"},"query-input":{"@type":"PropertyValueSpecification","valueRequired":true,"valueName":"search_term_string"}}],"inLanguage":"fr-FR"},{"@type":"Person","@id":"https:\/\/congo-actu.net\/#\/schema\/person\/d1f7718a117521d324ef50b166246e67","name":"Serge Nkaya","image":{"@type":"ImageObject","inLanguage":"fr-FR","@id":"https:\/\/congo-actu.net\/wp-content\/litespeed\/avatar\/6d5ebb0956823bd229d204e786813664.jpg?ver=1776721311","url":"https:\/\/congo-actu.net\/wp-content\/litespeed\/avatar\/6d5ebb0956823bd229d204e786813664.jpg?ver=1776721311","contentUrl":"https:\/\/congo-actu.net\/wp-content\/litespeed\/avatar\/6d5ebb0956823bd229d204e786813664.jpg?ver=1776721311","caption":"Serge Nkaya"},"url":"https:\/\/congo-actu.net\/index.php\/author\/serge-nkaya\/"}]}},"amp_enabled":true,"_links":{"self":[{"href":"https:\/\/congo-actu.net\/index.php\/wp-json\/wp\/v2\/posts\/19809","targetHints":{"allow":["GET"]}}],"collection":[{"href":"https:\/\/congo-actu.net\/index.php\/wp-json\/wp\/v2\/posts"}],"about":[{"href":"https:\/\/congo-actu.net\/index.php\/wp-json\/wp\/v2\/types\/post"}],"author":[{"embeddable":true,"href":"https:\/\/congo-actu.net\/index.php\/wp-json\/wp\/v2\/users\/9"}],"replies":[{"embeddable":true,"href":"https:\/\/congo-actu.net\/index.php\/wp-json\/wp\/v2\/comments?post=19809"}],"version-history":[{"count":1,"href":"https:\/\/congo-actu.net\/index.php\/wp-json\/wp\/v2\/posts\/19809\/revisions"}],"predecessor-version":[{"id":19811,"href":"https:\/\/congo-actu.net\/index.php\/wp-json\/wp\/v2\/posts\/19809\/revisions\/19811"}],"wp:featuredmedia":[{"embeddable":true,"href":"https:\/\/congo-actu.net\/index.php\/wp-json\/wp\/v2\/media\/19810"}],"wp:attachment":[{"href":"https:\/\/congo-actu.net\/index.php\/wp-json\/wp\/v2\/media?parent=19809"}],"wp:term":[{"taxonomy":"category","embeddable":true,"href":"https:\/\/congo-actu.net\/index.php\/wp-json\/wp\/v2\/categories?post=19809"},{"taxonomy":"post_tag","embeddable":true,"href":"https:\/\/congo-actu.net\/index.php\/wp-json\/wp\/v2\/tags?post=19809"}],"curies":[{"name":"wp","href":"https:\/\/api.w.org\/{rel}","templated":true}]}}