{"id":19992,"date":"2023-09-21T11:22:56","date_gmt":"2023-09-21T09:22:56","guid":{"rendered":"https:\/\/congo-actu.net\/?p=19992"},"modified":"2023-09-21T11:22:58","modified_gmt":"2023-09-21T09:22:58","slug":"78eme-assemblee-generale-de-lonu-felix-tshisekedi-salue-les-sanctions-infligees-au-rwanda-par-les-usa-et-exclu-tout-dialogue-avec-le-m23","status":"publish","type":"post","link":"https:\/\/congo-actu.net\/index.php\/2023\/09\/21\/78eme-assemblee-generale-de-lonu-felix-tshisekedi-salue-les-sanctions-infligees-au-rwanda-par-les-usa-et-exclu-tout-dialogue-avec-le-m23\/","title":{"rendered":"78\u00e8me Assembl\u00e9e g\u00e9n\u00e9rale de l&rsquo;ONU: Felix Tshisekedi salue les sanctions inflig\u00e9es au Rwanda par les USA et exclu tout dialogue avec le M23"},"content":{"rendered":"\n<p><strong>Lors de son discours de ce mercredi 20 septembre, \u00e0 la 78\u00e8 session de l&rsquo;Assembl\u00e9e g\u00e9n\u00e9rale de l&rsquo;ONU, F\u00e9lix Tshisekedi a demand\u00e9 au conseil de s\u00e9curit\u00e9 de l&rsquo;ONU de sanctionner les auteurs et co-auteurs des crimes graves de guerre commis en R\u00e9publique D\u00e9mocratique du Congo (RDC), notamment le Rwanda qui agit sous couvert des terroristes du Mouvement du 23 Mars (M23).<\/strong><\/p>\n\n\n\n<p>Le chef de l&rsquo;\u00c9tat congolais regrette que les personnes responsables des crimes demeurent impunies, \u00ab\u00a0dans un silence total de l&rsquo;ONU\u00a0\u00bb.<\/p>\n\n\n\n<p><em>\u00ab\u00a0Il est injuste et inadmissible que des personnes cit\u00e9es comme responsables des crimes graves mentionn\u00e9s dans les diff\u00e9rents rapports des experts de l&rsquo;Organisation des Nations Unies, sur la situation s\u00e9curitaire en RDC reste impunies dans le silence total de notre organisation et de ses membres qui placent pourtant la lutte contre l&rsquo;impunit\u00e9 parmi leurs priorit\u00e9s en mati\u00e8re de gouvernance inter et externe<\/em>\u00ab\u00a0, F\u00e9lix Tshisekedi.<\/p>\n\n\n\n<p>F\u00e9lix Tshisekedi qui a salu\u00e9 les sanctions prises par les Etats-Unis contre le r\u00e9gime rwandais, r\u00e9affirme son refus de n\u00e9gocier avec les \u00ab\u00a0terroristes du M23\u00a0\u00bb.<\/p>\n\n\n\n<p>\u00ab\u00a0<em>Le gouvernement de la R\u00e9publique D\u00e9mocratique du Congo salue les sanctions que vient d&rsquo;infliger le gouvernement des \u00c9tats Unis au Rwanda pour son soutien au groupe terroriste du M23 et un de ses hauts responsables impliqu\u00e9s dans les aventures criminelles au Congo. Pour rappel ce groupe suppl\u00e9tif du Rwanda ne respecte aucun des engagements conclus par les chef d&rsquo;\u00e9tats de la r\u00e9gion dans le cadre de processus de Luanda et de Nairobi. En effet, non seulement qu&rsquo;ils n&rsquo;ont pas quitt\u00e9 les positions conquises, mais ils continuent \u00e0 massacrer nos populations civiles et refusent le pre-cantonnement, exigeant un dialogue qui ne leur sera jamais accord\u00e9\u00a0\u00bb, a-<\/em>t-il conclu.<\/p>\n\n\n\n<p>Il sied de noter que le gouvernement de Joe Biden a pris des sanctions contre le Rwanda en mettant fin \u00e0 leur coop\u00e9ration militaire pour son soutien \u00e0 l&rsquo;enr\u00f4lement des enfants dans les groupes arm\u00e9s.<\/p>\n","protected":false},"excerpt":{"rendered":"<p>Lors de son discours de ce mercredi 20 septembre, \u00e0 la 78\u00e8 session de l&rsquo;Assembl\u00e9e g\u00e9n\u00e9rale de l&rsquo;ONU, F\u00e9lix Tshisekedi a demand\u00e9 au conseil de s\u00e9curit\u00e9 de l&rsquo;ONU de sanctionner les auteurs et co-auteurs des crimes graves de guerre commis en R\u00e9publique D\u00e9mocratique du Congo (RDC), notamment le Rwanda qui agit sous couvert des terroristes<\/p>\n","protected":false},"author":2,"featured_media":19993,"comment_status":"open","ping_status":"open","sticky":false,"template":"","format":"standard","meta":{"footnotes":""},"categories":[43],"tags":[699,688,3772,916,3242,93,662],"class_list":{"0":"post-19992","1":"post","2":"type-post","3":"status-publish","4":"format-standard","5":"has-post-thumbnail","7":"category-securite","8":"tag-felix-antoine-tshisekedi-tshilombo","9":"tag-m23","10":"tag-mouvement-du-23-mars","11":"tag-onu","12":"tag-organisation-des-nations-unies","13":"tag-rdc","14":"tag-rwanda"},"yoast_head":"<!-- This site is optimized with the Yoast SEO plugin v27.4 - https:\/\/yoast.com\/product\/yoast-seo-wordpress\/ -->\n<title>78\u00e8me Assembl\u00e9e g\u00e9n\u00e9rale de l&#039;ONU: Felix Tshisekedi salue les sanctions inflig\u00e9es au Rwanda par les USA et exclu tout dialogue avec le M23 - Congo-actu.net<\/title>\n<meta name=\"robots\" content=\"index, follow, max-snippet:-1, max-image-preview:large, max-video-preview:-1\" \/>\n<link rel=\"canonical\" href=\"https:\/\/congo-actu.net\/index.php\/2023\/09\/21\/78eme-assemblee-generale-de-lonu-felix-tshisekedi-salue-les-sanctions-infligees-au-rwanda-par-les-usa-et-exclu-tout-dialogue-avec-le-m23\/\" \/>\n<meta property=\"og:locale\" content=\"fr_FR\" \/>\n<meta property=\"og:type\" content=\"article\" \/>\n<meta property=\"og:title\" content=\"78\u00e8me Assembl\u00e9e g\u00e9n\u00e9rale de l&#039;ONU: Felix Tshisekedi salue les sanctions inflig\u00e9es au Rwanda par les USA et exclu tout dialogue avec le M23 - Congo-actu.net\" \/>\n<meta property=\"og:description\" content=\"Lors de son discours de ce mercredi 20 septembre, \u00e0 la 78\u00e8 session de l&rsquo;Assembl\u00e9e g\u00e9n\u00e9rale de l&rsquo;ONU, F\u00e9lix Tshisekedi a demand\u00e9 au conseil de s\u00e9curit\u00e9 de l&rsquo;ONU de sanctionner les auteurs et co-auteurs des crimes graves de guerre commis en R\u00e9publique D\u00e9mocratique du Congo (RDC), notamment le Rwanda qui agit sous couvert des terroristes\" \/>\n<meta property=\"og:url\" content=\"https:\/\/congo-actu.net\/index.php\/2023\/09\/21\/78eme-assemblee-generale-de-lonu-felix-tshisekedi-salue-les-sanctions-infligees-au-rwanda-par-les-usa-et-exclu-tout-dialogue-avec-le-m23\/\" \/>\n<meta property=\"og:site_name\" content=\"Congo-actu.net\" \/>\n<meta property=\"article:published_time\" content=\"2023-09-21T09:22:56+00:00\" \/>\n<meta property=\"article:modified_time\" content=\"2023-09-21T09:22:58+00:00\" \/>\n<meta property=\"og:image\" content=\"https:\/\/congo-actu.net\/wp-content\/uploads\/2023\/09\/20230921_111951.jpg\" \/>\n\t<meta property=\"og:image:width\" content=\"500\" \/>\n\t<meta property=\"og:image:height\" content=\"341\" \/>\n\t<meta property=\"og:image:type\" content=\"image\/jpeg\" \/>\n<meta name=\"author\" content=\"Christian Ngeleka\" \/>\n<meta name=\"twitter:card\" content=\"summary_large_image\" \/>\n<meta name=\"twitter:label1\" content=\"\u00c9crit par\" \/>\n\t<meta name=\"twitter:data1\" content=\"Christian Ngeleka\" \/>\n\t<meta name=\"twitter:label2\" content=\"Dur\u00e9e de lecture estim\u00e9e\" \/>\n\t<meta name=\"twitter:data2\" content=\"2 minutes\" \/>\n<script type=\"application\/ld+json\" class=\"yoast-schema-graph\">{\"@context\":\"https:\\\/\\\/schema.org\",\"@graph\":[{\"@type\":\"Article\",\"@id\":\"https:\\\/\\\/congo-actu.net\\\/index.php\\\/2023\\\/09\\\/21\\\/78eme-assemblee-generale-de-lonu-felix-tshisekedi-salue-les-sanctions-infligees-au-rwanda-par-les-usa-et-exclu-tout-dialogue-avec-le-m23\\\/#article\",\"isPartOf\":{\"@id\":\"https:\\\/\\\/congo-actu.net\\\/index.php\\\/2023\\\/09\\\/21\\\/78eme-assemblee-generale-de-lonu-felix-tshisekedi-salue-les-sanctions-infligees-au-rwanda-par-les-usa-et-exclu-tout-dialogue-avec-le-m23\\\/\"},\"author\":{\"name\":\"Christian Ngeleka\",\"@id\":\"https:\\\/\\\/congo-actu.net\\\/#\\\/schema\\\/person\\\/ebf1d900f8442f92e5b84065d2423bc6\"},\"headline\":\"78\u00e8me Assembl\u00e9e g\u00e9n\u00e9rale de l&rsquo;ONU: Felix Tshisekedi salue les sanctions inflig\u00e9es au Rwanda par les USA et exclu tout dialogue avec le M23\",\"datePublished\":\"2023-09-21T09:22:56+00:00\",\"dateModified\":\"2023-09-21T09:22:58+00:00\",\"mainEntityOfPage\":{\"@id\":\"https:\\\/\\\/congo-actu.net\\\/index.php\\\/2023\\\/09\\\/21\\\/78eme-assemblee-generale-de-lonu-felix-tshisekedi-salue-les-sanctions-infligees-au-rwanda-par-les-usa-et-exclu-tout-dialogue-avec-le-m23\\\/\"},\"wordCount\":370,\"commentCount\":0,\"image\":{\"@id\":\"https:\\\/\\\/congo-actu.net\\\/index.php\\\/2023\\\/09\\\/21\\\/78eme-assemblee-generale-de-lonu-felix-tshisekedi-salue-les-sanctions-infligees-au-rwanda-par-les-usa-et-exclu-tout-dialogue-avec-le-m23\\\/#primaryimage\"},\"thumbnailUrl\":\"https:\\\/\\\/congo-actu.net\\\/wp-content\\\/uploads\\\/2023\\\/09\\\/20230921_111951.jpg\",\"keywords\":[\"F\u00e9lix Antoine Tshisekedi Tshilombo\",\"M23\",\"Mouvement du 23 Mars\",\"ONU\",\"Organisation des Nations Unies\",\"RDC\",\"RWANDA\"],\"articleSection\":[\"S\u00e9curit\u00e9\"],\"inLanguage\":\"fr-FR\",\"potentialAction\":[{\"@type\":\"CommentAction\",\"name\":\"Comment\",\"target\":[\"https:\\\/\\\/congo-actu.net\\\/index.php\\\/2023\\\/09\\\/21\\\/78eme-assemblee-generale-de-lonu-felix-tshisekedi-salue-les-sanctions-infligees-au-rwanda-par-les-usa-et-exclu-tout-dialogue-avec-le-m23\\\/#respond\"]}]},{\"@type\":\"WebPage\",\"@id\":\"https:\\\/\\\/congo-actu.net\\\/index.php\\\/2023\\\/09\\\/21\\\/78eme-assemblee-generale-de-lonu-felix-tshisekedi-salue-les-sanctions-infligees-au-rwanda-par-les-usa-et-exclu-tout-dialogue-avec-le-m23\\\/\",\"url\":\"https:\\\/\\\/congo-actu.net\\\/index.php\\\/2023\\\/09\\\/21\\\/78eme-assemblee-generale-de-lonu-felix-tshisekedi-salue-les-sanctions-infligees-au-rwanda-par-les-usa-et-exclu-tout-dialogue-avec-le-m23\\\/\",\"name\":\"78\u00e8me Assembl\u00e9e g\u00e9n\u00e9rale de l'ONU: Felix Tshisekedi salue les sanctions inflig\u00e9es au Rwanda par les USA et exclu tout dialogue avec le M23 - Congo-actu.net\",\"isPartOf\":{\"@id\":\"https:\\\/\\\/congo-actu.net\\\/#website\"},\"primaryImageOfPage\":{\"@id\":\"https:\\\/\\\/congo-actu.net\\\/index.php\\\/2023\\\/09\\\/21\\\/78eme-assemblee-generale-de-lonu-felix-tshisekedi-salue-les-sanctions-infligees-au-rwanda-par-les-usa-et-exclu-tout-dialogue-avec-le-m23\\\/#primaryimage\"},\"image\":{\"@id\":\"https:\\\/\\\/congo-actu.net\\\/index.php\\\/2023\\\/09\\\/21\\\/78eme-assemblee-generale-de-lonu-felix-tshisekedi-salue-les-sanctions-infligees-au-rwanda-par-les-usa-et-exclu-tout-dialogue-avec-le-m23\\\/#primaryimage\"},\"thumbnailUrl\":\"https:\\\/\\\/congo-actu.net\\\/wp-content\\\/uploads\\\/2023\\\/09\\\/20230921_111951.jpg\",\"datePublished\":\"2023-09-21T09:22:56+00:00\",\"dateModified\":\"2023-09-21T09:22:58+00:00\",\"author\":{\"@id\":\"https:\\\/\\\/congo-actu.net\\\/#\\\/schema\\\/person\\\/ebf1d900f8442f92e5b84065d2423bc6\"},\"breadcrumb\":{\"@id\":\"https:\\\/\\\/congo-actu.net\\\/index.php\\\/2023\\\/09\\\/21\\\/78eme-assemblee-generale-de-lonu-felix-tshisekedi-salue-les-sanctions-infligees-au-rwanda-par-les-usa-et-exclu-tout-dialogue-avec-le-m23\\\/#breadcrumb\"},\"inLanguage\":\"fr-FR\",\"potentialAction\":[{\"@type\":\"ReadAction\",\"target\":[\"https:\\\/\\\/congo-actu.net\\\/index.php\\\/2023\\\/09\\\/21\\\/78eme-assemblee-generale-de-lonu-felix-tshisekedi-salue-les-sanctions-infligees-au-rwanda-par-les-usa-et-exclu-tout-dialogue-avec-le-m23\\\/\"]}]},{\"@type\":\"ImageObject\",\"inLanguage\":\"fr-FR\",\"@id\":\"https:\\\/\\\/congo-actu.net\\\/index.php\\\/2023\\\/09\\\/21\\\/78eme-assemblee-generale-de-lonu-felix-tshisekedi-salue-les-sanctions-infligees-au-rwanda-par-les-usa-et-exclu-tout-dialogue-avec-le-m23\\\/#primaryimage\",\"url\":\"https:\\\/\\\/congo-actu.net\\\/wp-content\\\/uploads\\\/2023\\\/09\\\/20230921_111951.jpg\",\"contentUrl\":\"https:\\\/\\\/congo-actu.net\\\/wp-content\\\/uploads\\\/2023\\\/09\\\/20230921_111951.jpg\",\"width\":500,\"height\":341},{\"@type\":\"BreadcrumbList\",\"@id\":\"https:\\\/\\\/congo-actu.net\\\/index.php\\\/2023\\\/09\\\/21\\\/78eme-assemblee-generale-de-lonu-felix-tshisekedi-salue-les-sanctions-infligees-au-rwanda-par-les-usa-et-exclu-tout-dialogue-avec-le-m23\\\/#breadcrumb\",\"itemListElement\":[{\"@type\":\"ListItem\",\"position\":1,\"name\":\"Accueil\",\"item\":\"https:\\\/\\\/congo-actu.net\\\/\"},{\"@type\":\"ListItem\",\"position\":2,\"name\":\"78\u00e8me Assembl\u00e9e g\u00e9n\u00e9rale de l&rsquo;ONU: Felix Tshisekedi salue les sanctions inflig\u00e9es au Rwanda par les USA et exclu tout dialogue avec le M23\"}]},{\"@type\":\"WebSite\",\"@id\":\"https:\\\/\\\/congo-actu.net\\\/#website\",\"url\":\"https:\\\/\\\/congo-actu.net\\\/\",\"name\":\"Congo-actu.net\",\"description\":\"Les nouvelles de la RDC et d&#039;ailleurs en un clic\",\"potentialAction\":[{\"@type\":\"SearchAction\",\"target\":{\"@type\":\"EntryPoint\",\"urlTemplate\":\"https:\\\/\\\/congo-actu.net\\\/?s={search_term_string}\"},\"query-input\":{\"@type\":\"PropertyValueSpecification\",\"valueRequired\":true,\"valueName\":\"search_term_string\"}}],\"inLanguage\":\"fr-FR\"},{\"@type\":\"Person\",\"@id\":\"https:\\\/\\\/congo-actu.net\\\/#\\\/schema\\\/person\\\/ebf1d900f8442f92e5b84065d2423bc6\",\"name\":\"Christian Ngeleka\",\"image\":{\"@type\":\"ImageObject\",\"inLanguage\":\"fr-FR\",\"@id\":\"https:\\\/\\\/congo-actu.net\\\/wp-content\\\/litespeed\\\/avatar\\\/267570a50b37451de19a5339884f28c8.jpg?ver=1776721312\",\"url\":\"https:\\\/\\\/congo-actu.net\\\/wp-content\\\/litespeed\\\/avatar\\\/267570a50b37451de19a5339884f28c8.jpg?ver=1776721312\",\"contentUrl\":\"https:\\\/\\\/congo-actu.net\\\/wp-content\\\/litespeed\\\/avatar\\\/267570a50b37451de19a5339884f28c8.jpg?ver=1776721312\",\"caption\":\"Christian Ngeleka\"},\"url\":\"https:\\\/\\\/congo-actu.net\\\/index.php\\\/author\\\/chris-ngeleka\\\/\"}]}<\/script>\n<!-- \/ Yoast SEO plugin. -->","yoast_head_json":{"title":"78\u00e8me Assembl\u00e9e g\u00e9n\u00e9rale de l'ONU: Felix Tshisekedi salue les sanctions inflig\u00e9es au Rwanda par les USA et exclu tout dialogue avec le M23 - Congo-actu.net","robots":{"index":"index","follow":"follow","max-snippet":"max-snippet:-1","max-image-preview":"max-image-preview:large","max-video-preview":"max-video-preview:-1"},"canonical":"https:\/\/congo-actu.net\/index.php\/2023\/09\/21\/78eme-assemblee-generale-de-lonu-felix-tshisekedi-salue-les-sanctions-infligees-au-rwanda-par-les-usa-et-exclu-tout-dialogue-avec-le-m23\/","og_locale":"fr_FR","og_type":"article","og_title":"78\u00e8me Assembl\u00e9e g\u00e9n\u00e9rale de l'ONU: Felix Tshisekedi salue les sanctions inflig\u00e9es au Rwanda par les USA et exclu tout dialogue avec le M23 - Congo-actu.net","og_description":"Lors de son discours de ce mercredi 20 septembre, \u00e0 la 78\u00e8 session de l&rsquo;Assembl\u00e9e g\u00e9n\u00e9rale de l&rsquo;ONU, F\u00e9lix Tshisekedi a demand\u00e9 au conseil de s\u00e9curit\u00e9 de l&rsquo;ONU de sanctionner les auteurs et co-auteurs des crimes graves de guerre commis en R\u00e9publique D\u00e9mocratique du Congo (RDC), notamment le Rwanda qui agit sous couvert des terroristes","og_url":"https:\/\/congo-actu.net\/index.php\/2023\/09\/21\/78eme-assemblee-generale-de-lonu-felix-tshisekedi-salue-les-sanctions-infligees-au-rwanda-par-les-usa-et-exclu-tout-dialogue-avec-le-m23\/","og_site_name":"Congo-actu.net","article_published_time":"2023-09-21T09:22:56+00:00","article_modified_time":"2023-09-21T09:22:58+00:00","og_image":[{"width":500,"height":341,"url":"https:\/\/congo-actu.net\/wp-content\/uploads\/2023\/09\/20230921_111951.jpg","type":"image\/jpeg"}],"author":"Christian Ngeleka","twitter_card":"summary_large_image","twitter_misc":{"\u00c9crit par":"Christian Ngeleka","Dur\u00e9e de lecture estim\u00e9e":"2 minutes"},"schema":{"@context":"https:\/\/schema.org","@graph":[{"@type":"Article","@id":"https:\/\/congo-actu.net\/index.php\/2023\/09\/21\/78eme-assemblee-generale-de-lonu-felix-tshisekedi-salue-les-sanctions-infligees-au-rwanda-par-les-usa-et-exclu-tout-dialogue-avec-le-m23\/#article","isPartOf":{"@id":"https:\/\/congo-actu.net\/index.php\/2023\/09\/21\/78eme-assemblee-generale-de-lonu-felix-tshisekedi-salue-les-sanctions-infligees-au-rwanda-par-les-usa-et-exclu-tout-dialogue-avec-le-m23\/"},"author":{"name":"Christian Ngeleka","@id":"https:\/\/congo-actu.net\/#\/schema\/person\/ebf1d900f8442f92e5b84065d2423bc6"},"headline":"78\u00e8me Assembl\u00e9e g\u00e9n\u00e9rale de l&rsquo;ONU: Felix Tshisekedi salue les sanctions inflig\u00e9es au Rwanda par les USA et exclu tout dialogue avec le M23","datePublished":"2023-09-21T09:22:56+00:00","dateModified":"2023-09-21T09:22:58+00:00","mainEntityOfPage":{"@id":"https:\/\/congo-actu.net\/index.php\/2023\/09\/21\/78eme-assemblee-generale-de-lonu-felix-tshisekedi-salue-les-sanctions-infligees-au-rwanda-par-les-usa-et-exclu-tout-dialogue-avec-le-m23\/"},"wordCount":370,"commentCount":0,"image":{"@id":"https:\/\/congo-actu.net\/index.php\/2023\/09\/21\/78eme-assemblee-generale-de-lonu-felix-tshisekedi-salue-les-sanctions-infligees-au-rwanda-par-les-usa-et-exclu-tout-dialogue-avec-le-m23\/#primaryimage"},"thumbnailUrl":"https:\/\/congo-actu.net\/wp-content\/uploads\/2023\/09\/20230921_111951.jpg","keywords":["F\u00e9lix Antoine Tshisekedi Tshilombo","M23","Mouvement du 23 Mars","ONU","Organisation des Nations Unies","RDC","RWANDA"],"articleSection":["S\u00e9curit\u00e9"],"inLanguage":"fr-FR","potentialAction":[{"@type":"CommentAction","name":"Comment","target":["https:\/\/congo-actu.net\/index.php\/2023\/09\/21\/78eme-assemblee-generale-de-lonu-felix-tshisekedi-salue-les-sanctions-infligees-au-rwanda-par-les-usa-et-exclu-tout-dialogue-avec-le-m23\/#respond"]}]},{"@type":"WebPage","@id":"https:\/\/congo-actu.net\/index.php\/2023\/09\/21\/78eme-assemblee-generale-de-lonu-felix-tshisekedi-salue-les-sanctions-infligees-au-rwanda-par-les-usa-et-exclu-tout-dialogue-avec-le-m23\/","url":"https:\/\/congo-actu.net\/index.php\/2023\/09\/21\/78eme-assemblee-generale-de-lonu-felix-tshisekedi-salue-les-sanctions-infligees-au-rwanda-par-les-usa-et-exclu-tout-dialogue-avec-le-m23\/","name":"78\u00e8me Assembl\u00e9e g\u00e9n\u00e9rale de l'ONU: Felix Tshisekedi salue les sanctions inflig\u00e9es au Rwanda par les USA et exclu tout dialogue avec le M23 - Congo-actu.net","isPartOf":{"@id":"https:\/\/congo-actu.net\/#website"},"primaryImageOfPage":{"@id":"https:\/\/congo-actu.net\/index.php\/2023\/09\/21\/78eme-assemblee-generale-de-lonu-felix-tshisekedi-salue-les-sanctions-infligees-au-rwanda-par-les-usa-et-exclu-tout-dialogue-avec-le-m23\/#primaryimage"},"image":{"@id":"https:\/\/congo-actu.net\/index.php\/2023\/09\/21\/78eme-assemblee-generale-de-lonu-felix-tshisekedi-salue-les-sanctions-infligees-au-rwanda-par-les-usa-et-exclu-tout-dialogue-avec-le-m23\/#primaryimage"},"thumbnailUrl":"https:\/\/congo-actu.net\/wp-content\/uploads\/2023\/09\/20230921_111951.jpg","datePublished":"2023-09-21T09:22:56+00:00","dateModified":"2023-09-21T09:22:58+00:00","author":{"@id":"https:\/\/congo-actu.net\/#\/schema\/person\/ebf1d900f8442f92e5b84065d2423bc6"},"breadcrumb":{"@id":"https:\/\/congo-actu.net\/index.php\/2023\/09\/21\/78eme-assemblee-generale-de-lonu-felix-tshisekedi-salue-les-sanctions-infligees-au-rwanda-par-les-usa-et-exclu-tout-dialogue-avec-le-m23\/#breadcrumb"},"inLanguage":"fr-FR","potentialAction":[{"@type":"ReadAction","target":["https:\/\/congo-actu.net\/index.php\/2023\/09\/21\/78eme-assemblee-generale-de-lonu-felix-tshisekedi-salue-les-sanctions-infligees-au-rwanda-par-les-usa-et-exclu-tout-dialogue-avec-le-m23\/"]}]},{"@type":"ImageObject","inLanguage":"fr-FR","@id":"https:\/\/congo-actu.net\/index.php\/2023\/09\/21\/78eme-assemblee-generale-de-lonu-felix-tshisekedi-salue-les-sanctions-infligees-au-rwanda-par-les-usa-et-exclu-tout-dialogue-avec-le-m23\/#primaryimage","url":"https:\/\/congo-actu.net\/wp-content\/uploads\/2023\/09\/20230921_111951.jpg","contentUrl":"https:\/\/congo-actu.net\/wp-content\/uploads\/2023\/09\/20230921_111951.jpg","width":500,"height":341},{"@type":"BreadcrumbList","@id":"https:\/\/congo-actu.net\/index.php\/2023\/09\/21\/78eme-assemblee-generale-de-lonu-felix-tshisekedi-salue-les-sanctions-infligees-au-rwanda-par-les-usa-et-exclu-tout-dialogue-avec-le-m23\/#breadcrumb","itemListElement":[{"@type":"ListItem","position":1,"name":"Accueil","item":"https:\/\/congo-actu.net\/"},{"@type":"ListItem","position":2,"name":"78\u00e8me Assembl\u00e9e g\u00e9n\u00e9rale de l&rsquo;ONU: Felix Tshisekedi salue les sanctions inflig\u00e9es au Rwanda par les USA et exclu tout dialogue avec le M23"}]},{"@type":"WebSite","@id":"https:\/\/congo-actu.net\/#website","url":"https:\/\/congo-actu.net\/","name":"Congo-actu.net","description":"Les nouvelles de la RDC et d&#039;ailleurs en un clic","potentialAction":[{"@type":"SearchAction","target":{"@type":"EntryPoint","urlTemplate":"https:\/\/congo-actu.net\/?s={search_term_string}"},"query-input":{"@type":"PropertyValueSpecification","valueRequired":true,"valueName":"search_term_string"}}],"inLanguage":"fr-FR"},{"@type":"Person","@id":"https:\/\/congo-actu.net\/#\/schema\/person\/ebf1d900f8442f92e5b84065d2423bc6","name":"Christian Ngeleka","image":{"@type":"ImageObject","inLanguage":"fr-FR","@id":"https:\/\/congo-actu.net\/wp-content\/litespeed\/avatar\/267570a50b37451de19a5339884f28c8.jpg?ver=1776721312","url":"https:\/\/congo-actu.net\/wp-content\/litespeed\/avatar\/267570a50b37451de19a5339884f28c8.jpg?ver=1776721312","contentUrl":"https:\/\/congo-actu.net\/wp-content\/litespeed\/avatar\/267570a50b37451de19a5339884f28c8.jpg?ver=1776721312","caption":"Christian Ngeleka"},"url":"https:\/\/congo-actu.net\/index.php\/author\/chris-ngeleka\/"}]}},"amp_enabled":true,"_links":{"self":[{"href":"https:\/\/congo-actu.net\/index.php\/wp-json\/wp\/v2\/posts\/19992","targetHints":{"allow":["GET"]}}],"collection":[{"href":"https:\/\/congo-actu.net\/index.php\/wp-json\/wp\/v2\/posts"}],"about":[{"href":"https:\/\/congo-actu.net\/index.php\/wp-json\/wp\/v2\/types\/post"}],"author":[{"embeddable":true,"href":"https:\/\/congo-actu.net\/index.php\/wp-json\/wp\/v2\/users\/2"}],"replies":[{"embeddable":true,"href":"https:\/\/congo-actu.net\/index.php\/wp-json\/wp\/v2\/comments?post=19992"}],"version-history":[{"count":1,"href":"https:\/\/congo-actu.net\/index.php\/wp-json\/wp\/v2\/posts\/19992\/revisions"}],"predecessor-version":[{"id":19994,"href":"https:\/\/congo-actu.net\/index.php\/wp-json\/wp\/v2\/posts\/19992\/revisions\/19994"}],"wp:featuredmedia":[{"embeddable":true,"href":"https:\/\/congo-actu.net\/index.php\/wp-json\/wp\/v2\/media\/19993"}],"wp:attachment":[{"href":"https:\/\/congo-actu.net\/index.php\/wp-json\/wp\/v2\/media?parent=19992"}],"wp:term":[{"taxonomy":"category","embeddable":true,"href":"https:\/\/congo-actu.net\/index.php\/wp-json\/wp\/v2\/categories?post=19992"},{"taxonomy":"post_tag","embeddable":true,"href":"https:\/\/congo-actu.net\/index.php\/wp-json\/wp\/v2\/tags?post=19992"}],"curies":[{"name":"wp","href":"https:\/\/api.w.org\/{rel}","templated":true}]}}