{"id":21522,"date":"2024-01-10T09:11:51","date_gmt":"2024-01-10T08:11:51","guid":{"rendered":"https:\/\/congo-actu.net\/?p=21522"},"modified":"2024-01-10T09:15:00","modified_gmt":"2024-01-10T08:15:00","slug":"presidentielle-2023-la-belgique-felicite-felix-tshisekedi-pour-sa-reelection-et-lencourage-a-poursuivre-les-efforts-en-matiere-de-bonne-gouvernance","status":"publish","type":"post","link":"https:\/\/congo-actu.net\/index.php\/2024\/01\/10\/presidentielle-2023-la-belgique-felicite-felix-tshisekedi-pour-sa-reelection-et-lencourage-a-poursuivre-les-efforts-en-matiere-de-bonne-gouvernance\/","title":{"rendered":"Pr\u00e9sidentielle 2023 : La Belgique felicite F\u00e9lix Tshisekedi pour sa r\u00e9\u00e9lection et l&rsquo;encourage \u00e0 poursuivre les efforts en mati\u00e8re de bonne gouvernance"},"content":{"rendered":"\n<p>Le Royaume de Belgique adresse ses f\u00e9licitations \u00e0 F\u00e9lix Tshisekedi \u00e0 l&rsquo;occasion de sa r\u00e9\u00e9lection \u00e0 la t\u00eate de la R\u00e9publique D\u00e9mocratique du Congo (RDC).<\/p>\n\n\n\n<p>Dans un document ce mardi 09 janvier 2024, le ministre Belge en charge des affaires \u00e9trang\u00e8res, commerce ext\u00e9rieur et coop\u00e9ration au d\u00e9veloppement, encourage la Commission \u00c9lectorale Nationale Ind\u00e9pendante (CENI), \u00e0 sanctionner les auteurs des fraudes.<\/p>\n\n\n\n<p>\u00a0\u00bb<em>La Belgique adresse ses f\u00e9licitations \u00e0 sem F\u00e9lix Tshisekedi pour son second mandat en tant que pr\u00e9sident de la r\u00e9publique d\u00e9mocratique du congo. Nous encourageons la commission \u00e9lectorale nationale ind\u00e9pendante \u00e0 poursuivre ses investigations et prendre les mesures pour sanctionner les responsables. Il sera important de tirer les le\u00e7ons de ce quatri\u00e8me cycle d&rsquo;\u00e9lections, et de tenir compte des recommandations des rapports d\u00e9finitifs des missions d&rsquo;observation \u00e9lectorale, afin de mener les r\u00e9formes l\u00e9gales et institutionnelles n\u00e9cessaires \u00e0 l&rsquo;organisation des prochains cycles dans le respect de la constitution<\/em>\u00a0\u00bb, peut-on lire dans ce document.<\/p>\n\n\n\n<p>Le royaume de Belgique encourage \u00e9galement le pr\u00e9sident Tshisekedi Tshilombo \u00e0 poursuivre les efforts en mati\u00e8re de bonne gouvernance et de droits humains.<\/p>\n\n\n\n<p>\u00a0\u00bbL<em>a Belgique souhaite encourager le pr\u00e9sident \u00e0 initier et poursuivre les efforts en mati\u00e8re de bonne gouvernance et de droits humains, qu&rsquo;il s&rsquo;agisse d&rsquo;\u00e9galit\u00e9 des genres, de lutte contre la corruption, de r\u00e9forme du secteur de la s\u00e9curit\u00e9 et de la justice, de relever les d\u00e9fis sociaux et environnementaux, ou encore d&rsquo;am\u00e9liorer le climat des affaires<\/em>\u00a0\u00bb, a t-il \u00e9crit.<\/p>\n\n\n\n<p>En outre, la Belgique r\u00e9it\u00e9re son soutien aux efforts diplomatiques, r\u00e9gionaux, qui promeuvent la d\u00e9sescalade et la recherche d&rsquo;une pacification durable de l&rsquo;Est de la RDC.<\/p>\n\n\n\n<p>Il sied de rappeler que la Cour constitutionnelle a rendu son arr\u00eat ce mardi, confirmant les r\u00e9sultats publi\u00e9s par la centrale \u00e9lectorale. F\u00e9lix Tshisekedi est cr\u00e9dit\u00e9 de 73,47 % des suffrages exprim\u00e9s avec un taux de participation de 49%.<\/p>\n\n\n\n<p>Serge Nkaya<\/p>\n","protected":false},"excerpt":{"rendered":"<p>Le Royaume de Belgique adresse ses f\u00e9licitations \u00e0 F\u00e9lix Tshisekedi \u00e0 l&rsquo;occasion de sa r\u00e9\u00e9lection \u00e0 la t\u00eate de la R\u00e9publique D\u00e9mocratique du Congo (RDC). Dans un document ce mardi 09 janvier 2024, le ministre Belge en charge des affaires \u00e9trang\u00e8res, commerce ext\u00e9rieur et coop\u00e9ration au d\u00e9veloppement, encourage la Commission \u00c9lectorale Nationale Ind\u00e9pendante (CENI), \u00e0<\/p>\n","protected":false},"author":9,"featured_media":21523,"comment_status":"open","ping_status":"open","sticky":false,"template":"","format":"standard","meta":{"footnotes":""},"categories":[40],"tags":[729,975,3114,71,6927],"class_list":{"0":"post-21522","1":"post","2":"type-post","3":"status-publish","4":"format-standard","5":"has-post-thumbnail","7":"category-politique","8":"tag-belgique","9":"tag-cour-constitutionnelle","10":"tag-elections-2023","11":"tag-felix-tshisekedi","12":"tag-presidentielle-2023"},"yoast_head":"<!-- This site is optimized with the Yoast SEO plugin v27.4 - https:\/\/yoast.com\/product\/yoast-seo-wordpress\/ -->\n<title>Pr\u00e9sidentielle 2023 : La Belgique felicite F\u00e9lix Tshisekedi pour sa r\u00e9\u00e9lection et l&#039;encourage \u00e0 poursuivre les efforts en mati\u00e8re de bonne gouvernance - Congo-actu.net<\/title>\n<meta name=\"robots\" content=\"index, follow, max-snippet:-1, max-image-preview:large, max-video-preview:-1\" \/>\n<link rel=\"canonical\" href=\"https:\/\/congo-actu.net\/index.php\/2024\/01\/10\/presidentielle-2023-la-belgique-felicite-felix-tshisekedi-pour-sa-reelection-et-lencourage-a-poursuivre-les-efforts-en-matiere-de-bonne-gouvernance\/\" \/>\n<meta property=\"og:locale\" content=\"fr_FR\" \/>\n<meta property=\"og:type\" content=\"article\" \/>\n<meta property=\"og:title\" content=\"Pr\u00e9sidentielle 2023 : La Belgique felicite F\u00e9lix Tshisekedi pour sa r\u00e9\u00e9lection et l&#039;encourage \u00e0 poursuivre les efforts en mati\u00e8re de bonne gouvernance - Congo-actu.net\" \/>\n<meta property=\"og:description\" content=\"Le Royaume de Belgique adresse ses f\u00e9licitations \u00e0 F\u00e9lix Tshisekedi \u00e0 l&rsquo;occasion de sa r\u00e9\u00e9lection \u00e0 la t\u00eate de la R\u00e9publique D\u00e9mocratique du Congo (RDC). Dans un document ce mardi 09 janvier 2024, le ministre Belge en charge des affaires \u00e9trang\u00e8res, commerce ext\u00e9rieur et coop\u00e9ration au d\u00e9veloppement, encourage la Commission \u00c9lectorale Nationale Ind\u00e9pendante (CENI), \u00e0\" \/>\n<meta property=\"og:url\" content=\"https:\/\/congo-actu.net\/index.php\/2024\/01\/10\/presidentielle-2023-la-belgique-felicite-felix-tshisekedi-pour-sa-reelection-et-lencourage-a-poursuivre-les-efforts-en-matiere-de-bonne-gouvernance\/\" \/>\n<meta property=\"og:site_name\" content=\"Congo-actu.net\" \/>\n<meta property=\"article:published_time\" content=\"2024-01-10T08:11:51+00:00\" \/>\n<meta property=\"article:modified_time\" content=\"2024-01-10T08:15:00+00:00\" \/>\n<meta property=\"og:image\" content=\"https:\/\/congo-actu.net\/wp-content\/uploads\/2024\/01\/WhatsApp-Image-2022-06-08-at-22.09.00-720x375-1.png\" \/>\n\t<meta property=\"og:image:width\" content=\"720\" \/>\n\t<meta property=\"og:image:height\" content=\"375\" \/>\n\t<meta property=\"og:image:type\" content=\"image\/png\" \/>\n<meta name=\"author\" content=\"Serge Nkaya\" \/>\n<meta name=\"twitter:card\" content=\"summary_large_image\" \/>\n<meta name=\"twitter:label1\" content=\"\u00c9crit par\" \/>\n\t<meta name=\"twitter:data1\" content=\"Serge Nkaya\" \/>\n\t<meta name=\"twitter:label2\" content=\"Dur\u00e9e de lecture estim\u00e9e\" \/>\n\t<meta name=\"twitter:data2\" content=\"2 minutes\" \/>\n<script type=\"application\/ld+json\" class=\"yoast-schema-graph\">{\"@context\":\"https:\\\/\\\/schema.org\",\"@graph\":[{\"@type\":\"Article\",\"@id\":\"https:\\\/\\\/congo-actu.net\\\/index.php\\\/2024\\\/01\\\/10\\\/presidentielle-2023-la-belgique-felicite-felix-tshisekedi-pour-sa-reelection-et-lencourage-a-poursuivre-les-efforts-en-matiere-de-bonne-gouvernance\\\/#article\",\"isPartOf\":{\"@id\":\"https:\\\/\\\/congo-actu.net\\\/index.php\\\/2024\\\/01\\\/10\\\/presidentielle-2023-la-belgique-felicite-felix-tshisekedi-pour-sa-reelection-et-lencourage-a-poursuivre-les-efforts-en-matiere-de-bonne-gouvernance\\\/\"},\"author\":{\"name\":\"Serge Nkaya\",\"@id\":\"https:\\\/\\\/congo-actu.net\\\/#\\\/schema\\\/person\\\/d1f7718a117521d324ef50b166246e67\"},\"headline\":\"Pr\u00e9sidentielle 2023 : La Belgique felicite F\u00e9lix Tshisekedi pour sa r\u00e9\u00e9lection et l&rsquo;encourage \u00e0 poursuivre les efforts en mati\u00e8re de bonne gouvernance\",\"datePublished\":\"2024-01-10T08:11:51+00:00\",\"dateModified\":\"2024-01-10T08:15:00+00:00\",\"mainEntityOfPage\":{\"@id\":\"https:\\\/\\\/congo-actu.net\\\/index.php\\\/2024\\\/01\\\/10\\\/presidentielle-2023-la-belgique-felicite-felix-tshisekedi-pour-sa-reelection-et-lencourage-a-poursuivre-les-efforts-en-matiere-de-bonne-gouvernance\\\/\"},\"wordCount\":362,\"commentCount\":0,\"image\":{\"@id\":\"https:\\\/\\\/congo-actu.net\\\/index.php\\\/2024\\\/01\\\/10\\\/presidentielle-2023-la-belgique-felicite-felix-tshisekedi-pour-sa-reelection-et-lencourage-a-poursuivre-les-efforts-en-matiere-de-bonne-gouvernance\\\/#primaryimage\"},\"thumbnailUrl\":\"https:\\\/\\\/congo-actu.net\\\/wp-content\\\/uploads\\\/2024\\\/01\\\/WhatsApp-Image-2022-06-08-at-22.09.00-720x375-1.png\",\"keywords\":[\"BELGIQUE\",\"Cour constitutionnelle\",\"\u00c9lections 2023\",\"F\u00e9lix Tshisekedi\",\"Pr\u00e9sidentielle 2023\"],\"articleSection\":[\"Politique\"],\"inLanguage\":\"fr-FR\",\"potentialAction\":[{\"@type\":\"CommentAction\",\"name\":\"Comment\",\"target\":[\"https:\\\/\\\/congo-actu.net\\\/index.php\\\/2024\\\/01\\\/10\\\/presidentielle-2023-la-belgique-felicite-felix-tshisekedi-pour-sa-reelection-et-lencourage-a-poursuivre-les-efforts-en-matiere-de-bonne-gouvernance\\\/#respond\"]}]},{\"@type\":\"WebPage\",\"@id\":\"https:\\\/\\\/congo-actu.net\\\/index.php\\\/2024\\\/01\\\/10\\\/presidentielle-2023-la-belgique-felicite-felix-tshisekedi-pour-sa-reelection-et-lencourage-a-poursuivre-les-efforts-en-matiere-de-bonne-gouvernance\\\/\",\"url\":\"https:\\\/\\\/congo-actu.net\\\/index.php\\\/2024\\\/01\\\/10\\\/presidentielle-2023-la-belgique-felicite-felix-tshisekedi-pour-sa-reelection-et-lencourage-a-poursuivre-les-efforts-en-matiere-de-bonne-gouvernance\\\/\",\"name\":\"Pr\u00e9sidentielle 2023 : La Belgique felicite F\u00e9lix Tshisekedi pour sa r\u00e9\u00e9lection et l'encourage \u00e0 poursuivre les efforts en mati\u00e8re de bonne gouvernance - Congo-actu.net\",\"isPartOf\":{\"@id\":\"https:\\\/\\\/congo-actu.net\\\/#website\"},\"primaryImageOfPage\":{\"@id\":\"https:\\\/\\\/congo-actu.net\\\/index.php\\\/2024\\\/01\\\/10\\\/presidentielle-2023-la-belgique-felicite-felix-tshisekedi-pour-sa-reelection-et-lencourage-a-poursuivre-les-efforts-en-matiere-de-bonne-gouvernance\\\/#primaryimage\"},\"image\":{\"@id\":\"https:\\\/\\\/congo-actu.net\\\/index.php\\\/2024\\\/01\\\/10\\\/presidentielle-2023-la-belgique-felicite-felix-tshisekedi-pour-sa-reelection-et-lencourage-a-poursuivre-les-efforts-en-matiere-de-bonne-gouvernance\\\/#primaryimage\"},\"thumbnailUrl\":\"https:\\\/\\\/congo-actu.net\\\/wp-content\\\/uploads\\\/2024\\\/01\\\/WhatsApp-Image-2022-06-08-at-22.09.00-720x375-1.png\",\"datePublished\":\"2024-01-10T08:11:51+00:00\",\"dateModified\":\"2024-01-10T08:15:00+00:00\",\"author\":{\"@id\":\"https:\\\/\\\/congo-actu.net\\\/#\\\/schema\\\/person\\\/d1f7718a117521d324ef50b166246e67\"},\"breadcrumb\":{\"@id\":\"https:\\\/\\\/congo-actu.net\\\/index.php\\\/2024\\\/01\\\/10\\\/presidentielle-2023-la-belgique-felicite-felix-tshisekedi-pour-sa-reelection-et-lencourage-a-poursuivre-les-efforts-en-matiere-de-bonne-gouvernance\\\/#breadcrumb\"},\"inLanguage\":\"fr-FR\",\"potentialAction\":[{\"@type\":\"ReadAction\",\"target\":[\"https:\\\/\\\/congo-actu.net\\\/index.php\\\/2024\\\/01\\\/10\\\/presidentielle-2023-la-belgique-felicite-felix-tshisekedi-pour-sa-reelection-et-lencourage-a-poursuivre-les-efforts-en-matiere-de-bonne-gouvernance\\\/\"]}]},{\"@type\":\"ImageObject\",\"inLanguage\":\"fr-FR\",\"@id\":\"https:\\\/\\\/congo-actu.net\\\/index.php\\\/2024\\\/01\\\/10\\\/presidentielle-2023-la-belgique-felicite-felix-tshisekedi-pour-sa-reelection-et-lencourage-a-poursuivre-les-efforts-en-matiere-de-bonne-gouvernance\\\/#primaryimage\",\"url\":\"https:\\\/\\\/congo-actu.net\\\/wp-content\\\/uploads\\\/2024\\\/01\\\/WhatsApp-Image-2022-06-08-at-22.09.00-720x375-1.png\",\"contentUrl\":\"https:\\\/\\\/congo-actu.net\\\/wp-content\\\/uploads\\\/2024\\\/01\\\/WhatsApp-Image-2022-06-08-at-22.09.00-720x375-1.png\",\"width\":720,\"height\":375},{\"@type\":\"BreadcrumbList\",\"@id\":\"https:\\\/\\\/congo-actu.net\\\/index.php\\\/2024\\\/01\\\/10\\\/presidentielle-2023-la-belgique-felicite-felix-tshisekedi-pour-sa-reelection-et-lencourage-a-poursuivre-les-efforts-en-matiere-de-bonne-gouvernance\\\/#breadcrumb\",\"itemListElement\":[{\"@type\":\"ListItem\",\"position\":1,\"name\":\"Accueil\",\"item\":\"https:\\\/\\\/congo-actu.net\\\/\"},{\"@type\":\"ListItem\",\"position\":2,\"name\":\"Pr\u00e9sidentielle 2023 : La Belgique felicite F\u00e9lix Tshisekedi pour sa r\u00e9\u00e9lection et l&rsquo;encourage \u00e0 poursuivre les efforts en mati\u00e8re de bonne gouvernance\"}]},{\"@type\":\"WebSite\",\"@id\":\"https:\\\/\\\/congo-actu.net\\\/#website\",\"url\":\"https:\\\/\\\/congo-actu.net\\\/\",\"name\":\"Congo-actu.net\",\"description\":\"Les nouvelles de la RDC et d&#039;ailleurs en un clic\",\"potentialAction\":[{\"@type\":\"SearchAction\",\"target\":{\"@type\":\"EntryPoint\",\"urlTemplate\":\"https:\\\/\\\/congo-actu.net\\\/?s={search_term_string}\"},\"query-input\":{\"@type\":\"PropertyValueSpecification\",\"valueRequired\":true,\"valueName\":\"search_term_string\"}}],\"inLanguage\":\"fr-FR\"},{\"@type\":\"Person\",\"@id\":\"https:\\\/\\\/congo-actu.net\\\/#\\\/schema\\\/person\\\/d1f7718a117521d324ef50b166246e67\",\"name\":\"Serge Nkaya\",\"image\":{\"@type\":\"ImageObject\",\"inLanguage\":\"fr-FR\",\"@id\":\"https:\\\/\\\/congo-actu.net\\\/wp-content\\\/litespeed\\\/avatar\\\/6d5ebb0956823bd229d204e786813664.jpg?ver=1776721311\",\"url\":\"https:\\\/\\\/congo-actu.net\\\/wp-content\\\/litespeed\\\/avatar\\\/6d5ebb0956823bd229d204e786813664.jpg?ver=1776721311\",\"contentUrl\":\"https:\\\/\\\/congo-actu.net\\\/wp-content\\\/litespeed\\\/avatar\\\/6d5ebb0956823bd229d204e786813664.jpg?ver=1776721311\",\"caption\":\"Serge Nkaya\"},\"url\":\"https:\\\/\\\/congo-actu.net\\\/index.php\\\/author\\\/serge-nkaya\\\/\"}]}<\/script>\n<!-- \/ Yoast SEO plugin. -->","yoast_head_json":{"title":"Pr\u00e9sidentielle 2023 : La Belgique felicite F\u00e9lix Tshisekedi pour sa r\u00e9\u00e9lection et l'encourage \u00e0 poursuivre les efforts en mati\u00e8re de bonne gouvernance - Congo-actu.net","robots":{"index":"index","follow":"follow","max-snippet":"max-snippet:-1","max-image-preview":"max-image-preview:large","max-video-preview":"max-video-preview:-1"},"canonical":"https:\/\/congo-actu.net\/index.php\/2024\/01\/10\/presidentielle-2023-la-belgique-felicite-felix-tshisekedi-pour-sa-reelection-et-lencourage-a-poursuivre-les-efforts-en-matiere-de-bonne-gouvernance\/","og_locale":"fr_FR","og_type":"article","og_title":"Pr\u00e9sidentielle 2023 : La Belgique felicite F\u00e9lix Tshisekedi pour sa r\u00e9\u00e9lection et l'encourage \u00e0 poursuivre les efforts en mati\u00e8re de bonne gouvernance - Congo-actu.net","og_description":"Le Royaume de Belgique adresse ses f\u00e9licitations \u00e0 F\u00e9lix Tshisekedi \u00e0 l&rsquo;occasion de sa r\u00e9\u00e9lection \u00e0 la t\u00eate de la R\u00e9publique D\u00e9mocratique du Congo (RDC). Dans un document ce mardi 09 janvier 2024, le ministre Belge en charge des affaires \u00e9trang\u00e8res, commerce ext\u00e9rieur et coop\u00e9ration au d\u00e9veloppement, encourage la Commission \u00c9lectorale Nationale Ind\u00e9pendante (CENI), \u00e0","og_url":"https:\/\/congo-actu.net\/index.php\/2024\/01\/10\/presidentielle-2023-la-belgique-felicite-felix-tshisekedi-pour-sa-reelection-et-lencourage-a-poursuivre-les-efforts-en-matiere-de-bonne-gouvernance\/","og_site_name":"Congo-actu.net","article_published_time":"2024-01-10T08:11:51+00:00","article_modified_time":"2024-01-10T08:15:00+00:00","og_image":[{"width":720,"height":375,"url":"https:\/\/congo-actu.net\/wp-content\/uploads\/2024\/01\/WhatsApp-Image-2022-06-08-at-22.09.00-720x375-1.png","type":"image\/png"}],"author":"Serge Nkaya","twitter_card":"summary_large_image","twitter_misc":{"\u00c9crit par":"Serge Nkaya","Dur\u00e9e de lecture estim\u00e9e":"2 minutes"},"schema":{"@context":"https:\/\/schema.org","@graph":[{"@type":"Article","@id":"https:\/\/congo-actu.net\/index.php\/2024\/01\/10\/presidentielle-2023-la-belgique-felicite-felix-tshisekedi-pour-sa-reelection-et-lencourage-a-poursuivre-les-efforts-en-matiere-de-bonne-gouvernance\/#article","isPartOf":{"@id":"https:\/\/congo-actu.net\/index.php\/2024\/01\/10\/presidentielle-2023-la-belgique-felicite-felix-tshisekedi-pour-sa-reelection-et-lencourage-a-poursuivre-les-efforts-en-matiere-de-bonne-gouvernance\/"},"author":{"name":"Serge Nkaya","@id":"https:\/\/congo-actu.net\/#\/schema\/person\/d1f7718a117521d324ef50b166246e67"},"headline":"Pr\u00e9sidentielle 2023 : La Belgique felicite F\u00e9lix Tshisekedi pour sa r\u00e9\u00e9lection et l&rsquo;encourage \u00e0 poursuivre les efforts en mati\u00e8re de bonne gouvernance","datePublished":"2024-01-10T08:11:51+00:00","dateModified":"2024-01-10T08:15:00+00:00","mainEntityOfPage":{"@id":"https:\/\/congo-actu.net\/index.php\/2024\/01\/10\/presidentielle-2023-la-belgique-felicite-felix-tshisekedi-pour-sa-reelection-et-lencourage-a-poursuivre-les-efforts-en-matiere-de-bonne-gouvernance\/"},"wordCount":362,"commentCount":0,"image":{"@id":"https:\/\/congo-actu.net\/index.php\/2024\/01\/10\/presidentielle-2023-la-belgique-felicite-felix-tshisekedi-pour-sa-reelection-et-lencourage-a-poursuivre-les-efforts-en-matiere-de-bonne-gouvernance\/#primaryimage"},"thumbnailUrl":"https:\/\/congo-actu.net\/wp-content\/uploads\/2024\/01\/WhatsApp-Image-2022-06-08-at-22.09.00-720x375-1.png","keywords":["BELGIQUE","Cour constitutionnelle","\u00c9lections 2023","F\u00e9lix Tshisekedi","Pr\u00e9sidentielle 2023"],"articleSection":["Politique"],"inLanguage":"fr-FR","potentialAction":[{"@type":"CommentAction","name":"Comment","target":["https:\/\/congo-actu.net\/index.php\/2024\/01\/10\/presidentielle-2023-la-belgique-felicite-felix-tshisekedi-pour-sa-reelection-et-lencourage-a-poursuivre-les-efforts-en-matiere-de-bonne-gouvernance\/#respond"]}]},{"@type":"WebPage","@id":"https:\/\/congo-actu.net\/index.php\/2024\/01\/10\/presidentielle-2023-la-belgique-felicite-felix-tshisekedi-pour-sa-reelection-et-lencourage-a-poursuivre-les-efforts-en-matiere-de-bonne-gouvernance\/","url":"https:\/\/congo-actu.net\/index.php\/2024\/01\/10\/presidentielle-2023-la-belgique-felicite-felix-tshisekedi-pour-sa-reelection-et-lencourage-a-poursuivre-les-efforts-en-matiere-de-bonne-gouvernance\/","name":"Pr\u00e9sidentielle 2023 : La Belgique felicite F\u00e9lix Tshisekedi pour sa r\u00e9\u00e9lection et l'encourage \u00e0 poursuivre les efforts en mati\u00e8re de bonne gouvernance - Congo-actu.net","isPartOf":{"@id":"https:\/\/congo-actu.net\/#website"},"primaryImageOfPage":{"@id":"https:\/\/congo-actu.net\/index.php\/2024\/01\/10\/presidentielle-2023-la-belgique-felicite-felix-tshisekedi-pour-sa-reelection-et-lencourage-a-poursuivre-les-efforts-en-matiere-de-bonne-gouvernance\/#primaryimage"},"image":{"@id":"https:\/\/congo-actu.net\/index.php\/2024\/01\/10\/presidentielle-2023-la-belgique-felicite-felix-tshisekedi-pour-sa-reelection-et-lencourage-a-poursuivre-les-efforts-en-matiere-de-bonne-gouvernance\/#primaryimage"},"thumbnailUrl":"https:\/\/congo-actu.net\/wp-content\/uploads\/2024\/01\/WhatsApp-Image-2022-06-08-at-22.09.00-720x375-1.png","datePublished":"2024-01-10T08:11:51+00:00","dateModified":"2024-01-10T08:15:00+00:00","author":{"@id":"https:\/\/congo-actu.net\/#\/schema\/person\/d1f7718a117521d324ef50b166246e67"},"breadcrumb":{"@id":"https:\/\/congo-actu.net\/index.php\/2024\/01\/10\/presidentielle-2023-la-belgique-felicite-felix-tshisekedi-pour-sa-reelection-et-lencourage-a-poursuivre-les-efforts-en-matiere-de-bonne-gouvernance\/#breadcrumb"},"inLanguage":"fr-FR","potentialAction":[{"@type":"ReadAction","target":["https:\/\/congo-actu.net\/index.php\/2024\/01\/10\/presidentielle-2023-la-belgique-felicite-felix-tshisekedi-pour-sa-reelection-et-lencourage-a-poursuivre-les-efforts-en-matiere-de-bonne-gouvernance\/"]}]},{"@type":"ImageObject","inLanguage":"fr-FR","@id":"https:\/\/congo-actu.net\/index.php\/2024\/01\/10\/presidentielle-2023-la-belgique-felicite-felix-tshisekedi-pour-sa-reelection-et-lencourage-a-poursuivre-les-efforts-en-matiere-de-bonne-gouvernance\/#primaryimage","url":"https:\/\/congo-actu.net\/wp-content\/uploads\/2024\/01\/WhatsApp-Image-2022-06-08-at-22.09.00-720x375-1.png","contentUrl":"https:\/\/congo-actu.net\/wp-content\/uploads\/2024\/01\/WhatsApp-Image-2022-06-08-at-22.09.00-720x375-1.png","width":720,"height":375},{"@type":"BreadcrumbList","@id":"https:\/\/congo-actu.net\/index.php\/2024\/01\/10\/presidentielle-2023-la-belgique-felicite-felix-tshisekedi-pour-sa-reelection-et-lencourage-a-poursuivre-les-efforts-en-matiere-de-bonne-gouvernance\/#breadcrumb","itemListElement":[{"@type":"ListItem","position":1,"name":"Accueil","item":"https:\/\/congo-actu.net\/"},{"@type":"ListItem","position":2,"name":"Pr\u00e9sidentielle 2023 : La Belgique felicite F\u00e9lix Tshisekedi pour sa r\u00e9\u00e9lection et l&rsquo;encourage \u00e0 poursuivre les efforts en mati\u00e8re de bonne gouvernance"}]},{"@type":"WebSite","@id":"https:\/\/congo-actu.net\/#website","url":"https:\/\/congo-actu.net\/","name":"Congo-actu.net","description":"Les nouvelles de la RDC et d&#039;ailleurs en un clic","potentialAction":[{"@type":"SearchAction","target":{"@type":"EntryPoint","urlTemplate":"https:\/\/congo-actu.net\/?s={search_term_string}"},"query-input":{"@type":"PropertyValueSpecification","valueRequired":true,"valueName":"search_term_string"}}],"inLanguage":"fr-FR"},{"@type":"Person","@id":"https:\/\/congo-actu.net\/#\/schema\/person\/d1f7718a117521d324ef50b166246e67","name":"Serge Nkaya","image":{"@type":"ImageObject","inLanguage":"fr-FR","@id":"https:\/\/congo-actu.net\/wp-content\/litespeed\/avatar\/6d5ebb0956823bd229d204e786813664.jpg?ver=1776721311","url":"https:\/\/congo-actu.net\/wp-content\/litespeed\/avatar\/6d5ebb0956823bd229d204e786813664.jpg?ver=1776721311","contentUrl":"https:\/\/congo-actu.net\/wp-content\/litespeed\/avatar\/6d5ebb0956823bd229d204e786813664.jpg?ver=1776721311","caption":"Serge Nkaya"},"url":"https:\/\/congo-actu.net\/index.php\/author\/serge-nkaya\/"}]}},"amp_enabled":true,"_links":{"self":[{"href":"https:\/\/congo-actu.net\/index.php\/wp-json\/wp\/v2\/posts\/21522","targetHints":{"allow":["GET"]}}],"collection":[{"href":"https:\/\/congo-actu.net\/index.php\/wp-json\/wp\/v2\/posts"}],"about":[{"href":"https:\/\/congo-actu.net\/index.php\/wp-json\/wp\/v2\/types\/post"}],"author":[{"embeddable":true,"href":"https:\/\/congo-actu.net\/index.php\/wp-json\/wp\/v2\/users\/9"}],"replies":[{"embeddable":true,"href":"https:\/\/congo-actu.net\/index.php\/wp-json\/wp\/v2\/comments?post=21522"}],"version-history":[{"count":1,"href":"https:\/\/congo-actu.net\/index.php\/wp-json\/wp\/v2\/posts\/21522\/revisions"}],"predecessor-version":[{"id":21524,"href":"https:\/\/congo-actu.net\/index.php\/wp-json\/wp\/v2\/posts\/21522\/revisions\/21524"}],"wp:featuredmedia":[{"embeddable":true,"href":"https:\/\/congo-actu.net\/index.php\/wp-json\/wp\/v2\/media\/21523"}],"wp:attachment":[{"href":"https:\/\/congo-actu.net\/index.php\/wp-json\/wp\/v2\/media?parent=21522"}],"wp:term":[{"taxonomy":"category","embeddable":true,"href":"https:\/\/congo-actu.net\/index.php\/wp-json\/wp\/v2\/categories?post=21522"},{"taxonomy":"post_tag","embeddable":true,"href":"https:\/\/congo-actu.net\/index.php\/wp-json\/wp\/v2\/tags?post=21522"}],"curies":[{"name":"wp","href":"https:\/\/api.w.org\/{rel}","templated":true}]}}