{"id":21526,"date":"2024-01-10T15:33:22","date_gmt":"2024-01-10T14:33:22","guid":{"rendered":"https:\/\/congo-actu.net\/?p=21526"},"modified":"2024-01-10T15:33:23","modified_gmt":"2024-01-10T14:33:23","slug":"rdc-martin-fayulu-appelle-a-larrestation-de-denis-kadima-et-son-equipe","status":"publish","type":"post","link":"https:\/\/congo-actu.net\/index.php\/2024\/01\/10\/rdc-martin-fayulu-appelle-a-larrestation-de-denis-kadima-et-son-equipe\/","title":{"rendered":"RDC : Martin Fayulu appelle \u00e0 l&rsquo;arrestation de D\u00e9nis Kadima et son \u00e9quipe"},"content":{"rendered":"\n<p><strong>Le pr\u00e9sident du parti politique Engagement pour la Citoyennet\u00e9 et le D\u00e9veloppement (ECID\u00e9), est revenu une fois de plus sur les \u00e9lections du 20 d\u00e9cembre dernier. Martin Fayulu affirme que D\u00e9nis Kadima et la Commission \u00c9lectorale Nationale Ind\u00e9pendante (CENI), ont \u00ab\u00a0syst\u00e9matiquement\u00a0\u00bb viol\u00e9 la constitution et la loi \u00e9lectorale.<\/strong><\/p>\n\n\n\n<p>Dans un post sur son compte X ce mercredi 09 janvier, l&rsquo;opposant congolais appelle \u00e0 l&rsquo;arrestation des membres de la centrale \u00e9lectorale pour avoir planifi\u00e9 la fraude. Fayulu Madidi se demande comment les machines \u00e0 voter se sont retrouv\u00e9s dans les mains des particuliers.<\/p>\n\n\n\n<p><em>\u00a0\u00bbLa fraude planifi\u00e9e et ex\u00e9cut\u00e9e par la CENI est tellement flagrante et grossi\u00e8re que la r\u00e9publique est aujourd&rsquo;hui trahie. Le peuple congolais est humili\u00e9 par m. Kadima et la CENI qui ont syst\u00e9matiquement viol\u00e9 la constitution et la loi \u00e9lectorale. Au fait, qui a donn\u00e9 des machines \u00e0 voter \u00e0 des particuliers avec codes et mode op\u00e9ratoire? En plus, les membres de la CENI ont englouti 1,3 milliard de dollars du tr\u00e9sor public dans un simulacre d\u2019\u00e9lections de la honte, aggravant ainsi la crise de l\u00e9gitimit\u00e9 dans le pays. Ils doivent \u00eatre mis aux arr\u00eats. Car, personne ne peut confisquer le droit du peuple congolais de choisir souverainement ses dirigeants au terme des \u00e9lections libres, d\u00e9mocratiques, transparentes et cr\u00e9dibles. Honte aux fraudeurs!\u00a0\u00bb, a t-il \u00e9crit.<br>https:\/\/twitter.com\/MartinFayulu\/status\/1744996400969011620?t=TsMcHZuNGM0-lrGJzQJq2Q&amp;s=19<\/em><\/p>\n\n\n\n<p>Il sied de rappeler que Martin Fayulu et d&rsquo;autres candidats de l&rsquo;opposition contestent les r\u00e9sultats de l&rsquo;\u00e9lection pr\u00e9sidentielle et exigent l&rsquo;annulation dudit scrutin et la mise en place d&rsquo;une nouvelle commission \u00e9lectorale.<\/p>\n","protected":false},"excerpt":{"rendered":"<p>Le pr\u00e9sident du parti politique Engagement pour la Citoyennet\u00e9 et le D\u00e9veloppement (ECID\u00e9), est revenu une fois de plus sur les \u00e9lections du 20 d\u00e9cembre dernier. Martin Fayulu affirme que D\u00e9nis Kadima et la Commission \u00c9lectorale Nationale Ind\u00e9pendante (CENI), ont \u00ab\u00a0syst\u00e9matiquement\u00a0\u00bb viol\u00e9 la constitution et la loi \u00e9lectorale. Dans un post sur son compte X<\/p>\n","protected":false},"author":2,"featured_media":21527,"comment_status":"open","ping_status":"open","sticky":false,"template":"","format":"standard","meta":{"footnotes":""},"categories":[40],"tags":[2685,3114,778,6927,93],"class_list":{"0":"post-21526","1":"post","2":"type-post","3":"status-publish","4":"format-standard","5":"has-post-thumbnail","7":"category-politique","8":"tag-denis-kadima","9":"tag-elections-2023","10":"tag-martin-fayulu","11":"tag-presidentielle-2023","12":"tag-rdc"},"yoast_head":"<!-- This site is optimized with the Yoast SEO plugin v27.4 - https:\/\/yoast.com\/product\/yoast-seo-wordpress\/ -->\n<title>RDC : Martin Fayulu appelle \u00e0 l&#039;arrestation de D\u00e9nis Kadima et son \u00e9quipe - Congo-actu.net<\/title>\n<meta name=\"robots\" content=\"index, follow, max-snippet:-1, max-image-preview:large, max-video-preview:-1\" \/>\n<link rel=\"canonical\" href=\"https:\/\/congo-actu.net\/index.php\/2024\/01\/10\/rdc-martin-fayulu-appelle-a-larrestation-de-denis-kadima-et-son-equipe\/\" \/>\n<meta property=\"og:locale\" content=\"fr_FR\" \/>\n<meta property=\"og:type\" content=\"article\" \/>\n<meta property=\"og:title\" content=\"RDC : Martin Fayulu appelle \u00e0 l&#039;arrestation de D\u00e9nis Kadima et son \u00e9quipe - Congo-actu.net\" \/>\n<meta property=\"og:description\" content=\"Le pr\u00e9sident du parti politique Engagement pour la Citoyennet\u00e9 et le D\u00e9veloppement (ECID\u00e9), est revenu une fois de plus sur les \u00e9lections du 20 d\u00e9cembre dernier. Martin Fayulu affirme que D\u00e9nis Kadima et la Commission \u00c9lectorale Nationale Ind\u00e9pendante (CENI), ont \u00ab\u00a0syst\u00e9matiquement\u00a0\u00bb viol\u00e9 la constitution et la loi \u00e9lectorale. Dans un post sur son compte X\" \/>\n<meta property=\"og:url\" content=\"https:\/\/congo-actu.net\/index.php\/2024\/01\/10\/rdc-martin-fayulu-appelle-a-larrestation-de-denis-kadima-et-son-equipe\/\" \/>\n<meta property=\"og:site_name\" content=\"Congo-actu.net\" \/>\n<meta property=\"article:published_time\" content=\"2024-01-10T14:33:22+00:00\" \/>\n<meta property=\"article:modified_time\" content=\"2024-01-10T14:33:23+00:00\" \/>\n<meta property=\"og:image\" content=\"https:\/\/congo-actu.net\/wp-content\/uploads\/2024\/01\/IMG-20240110-WA0000.jpg\" \/>\n\t<meta property=\"og:image:width\" content=\"1024\" \/>\n\t<meta property=\"og:image:height\" content=\"768\" \/>\n\t<meta property=\"og:image:type\" content=\"image\/jpeg\" \/>\n<meta name=\"author\" content=\"Christian Ngeleka\" \/>\n<meta name=\"twitter:card\" content=\"summary_large_image\" \/>\n<meta name=\"twitter:label1\" content=\"\u00c9crit par\" \/>\n\t<meta name=\"twitter:data1\" content=\"Christian Ngeleka\" \/>\n\t<meta name=\"twitter:label2\" content=\"Dur\u00e9e de lecture estim\u00e9e\" \/>\n\t<meta name=\"twitter:data2\" content=\"2 minutes\" \/>\n<script type=\"application\/ld+json\" class=\"yoast-schema-graph\">{\"@context\":\"https:\\\/\\\/schema.org\",\"@graph\":[{\"@type\":\"Article\",\"@id\":\"https:\\\/\\\/congo-actu.net\\\/index.php\\\/2024\\\/01\\\/10\\\/rdc-martin-fayulu-appelle-a-larrestation-de-denis-kadima-et-son-equipe\\\/#article\",\"isPartOf\":{\"@id\":\"https:\\\/\\\/congo-actu.net\\\/index.php\\\/2024\\\/01\\\/10\\\/rdc-martin-fayulu-appelle-a-larrestation-de-denis-kadima-et-son-equipe\\\/\"},\"author\":{\"name\":\"Christian Ngeleka\",\"@id\":\"https:\\\/\\\/congo-actu.net\\\/#\\\/schema\\\/person\\\/ebf1d900f8442f92e5b84065d2423bc6\"},\"headline\":\"RDC : Martin Fayulu appelle \u00e0 l&rsquo;arrestation de D\u00e9nis Kadima et son \u00e9quipe\",\"datePublished\":\"2024-01-10T14:33:22+00:00\",\"dateModified\":\"2024-01-10T14:33:23+00:00\",\"mainEntityOfPage\":{\"@id\":\"https:\\\/\\\/congo-actu.net\\\/index.php\\\/2024\\\/01\\\/10\\\/rdc-martin-fayulu-appelle-a-larrestation-de-denis-kadima-et-son-equipe\\\/\"},\"wordCount\":296,\"commentCount\":0,\"image\":{\"@id\":\"https:\\\/\\\/congo-actu.net\\\/index.php\\\/2024\\\/01\\\/10\\\/rdc-martin-fayulu-appelle-a-larrestation-de-denis-kadima-et-son-equipe\\\/#primaryimage\"},\"thumbnailUrl\":\"https:\\\/\\\/congo-actu.net\\\/wp-content\\\/uploads\\\/2024\\\/01\\\/IMG-20240110-WA0000.jpg\",\"keywords\":[\"Denis Kadima\",\"\u00c9lections 2023\",\"Martin Fayulu\",\"Pr\u00e9sidentielle 2023\",\"RDC\"],\"articleSection\":[\"Politique\"],\"inLanguage\":\"fr-FR\",\"potentialAction\":[{\"@type\":\"CommentAction\",\"name\":\"Comment\",\"target\":[\"https:\\\/\\\/congo-actu.net\\\/index.php\\\/2024\\\/01\\\/10\\\/rdc-martin-fayulu-appelle-a-larrestation-de-denis-kadima-et-son-equipe\\\/#respond\"]}]},{\"@type\":\"WebPage\",\"@id\":\"https:\\\/\\\/congo-actu.net\\\/index.php\\\/2024\\\/01\\\/10\\\/rdc-martin-fayulu-appelle-a-larrestation-de-denis-kadima-et-son-equipe\\\/\",\"url\":\"https:\\\/\\\/congo-actu.net\\\/index.php\\\/2024\\\/01\\\/10\\\/rdc-martin-fayulu-appelle-a-larrestation-de-denis-kadima-et-son-equipe\\\/\",\"name\":\"RDC : Martin Fayulu appelle \u00e0 l'arrestation de D\u00e9nis Kadima et son \u00e9quipe - Congo-actu.net\",\"isPartOf\":{\"@id\":\"https:\\\/\\\/congo-actu.net\\\/#website\"},\"primaryImageOfPage\":{\"@id\":\"https:\\\/\\\/congo-actu.net\\\/index.php\\\/2024\\\/01\\\/10\\\/rdc-martin-fayulu-appelle-a-larrestation-de-denis-kadima-et-son-equipe\\\/#primaryimage\"},\"image\":{\"@id\":\"https:\\\/\\\/congo-actu.net\\\/index.php\\\/2024\\\/01\\\/10\\\/rdc-martin-fayulu-appelle-a-larrestation-de-denis-kadima-et-son-equipe\\\/#primaryimage\"},\"thumbnailUrl\":\"https:\\\/\\\/congo-actu.net\\\/wp-content\\\/uploads\\\/2024\\\/01\\\/IMG-20240110-WA0000.jpg\",\"datePublished\":\"2024-01-10T14:33:22+00:00\",\"dateModified\":\"2024-01-10T14:33:23+00:00\",\"author\":{\"@id\":\"https:\\\/\\\/congo-actu.net\\\/#\\\/schema\\\/person\\\/ebf1d900f8442f92e5b84065d2423bc6\"},\"breadcrumb\":{\"@id\":\"https:\\\/\\\/congo-actu.net\\\/index.php\\\/2024\\\/01\\\/10\\\/rdc-martin-fayulu-appelle-a-larrestation-de-denis-kadima-et-son-equipe\\\/#breadcrumb\"},\"inLanguage\":\"fr-FR\",\"potentialAction\":[{\"@type\":\"ReadAction\",\"target\":[\"https:\\\/\\\/congo-actu.net\\\/index.php\\\/2024\\\/01\\\/10\\\/rdc-martin-fayulu-appelle-a-larrestation-de-denis-kadima-et-son-equipe\\\/\"]}]},{\"@type\":\"ImageObject\",\"inLanguage\":\"fr-FR\",\"@id\":\"https:\\\/\\\/congo-actu.net\\\/index.php\\\/2024\\\/01\\\/10\\\/rdc-martin-fayulu-appelle-a-larrestation-de-denis-kadima-et-son-equipe\\\/#primaryimage\",\"url\":\"https:\\\/\\\/congo-actu.net\\\/wp-content\\\/uploads\\\/2024\\\/01\\\/IMG-20240110-WA0000.jpg\",\"contentUrl\":\"https:\\\/\\\/congo-actu.net\\\/wp-content\\\/uploads\\\/2024\\\/01\\\/IMG-20240110-WA0000.jpg\",\"width\":1024,\"height\":768},{\"@type\":\"BreadcrumbList\",\"@id\":\"https:\\\/\\\/congo-actu.net\\\/index.php\\\/2024\\\/01\\\/10\\\/rdc-martin-fayulu-appelle-a-larrestation-de-denis-kadima-et-son-equipe\\\/#breadcrumb\",\"itemListElement\":[{\"@type\":\"ListItem\",\"position\":1,\"name\":\"Accueil\",\"item\":\"https:\\\/\\\/congo-actu.net\\\/\"},{\"@type\":\"ListItem\",\"position\":2,\"name\":\"RDC : Martin Fayulu appelle \u00e0 l&rsquo;arrestation de D\u00e9nis Kadima et son \u00e9quipe\"}]},{\"@type\":\"WebSite\",\"@id\":\"https:\\\/\\\/congo-actu.net\\\/#website\",\"url\":\"https:\\\/\\\/congo-actu.net\\\/\",\"name\":\"Congo-actu.net\",\"description\":\"Les nouvelles de la RDC et d&#039;ailleurs en un clic\",\"potentialAction\":[{\"@type\":\"SearchAction\",\"target\":{\"@type\":\"EntryPoint\",\"urlTemplate\":\"https:\\\/\\\/congo-actu.net\\\/?s={search_term_string}\"},\"query-input\":{\"@type\":\"PropertyValueSpecification\",\"valueRequired\":true,\"valueName\":\"search_term_string\"}}],\"inLanguage\":\"fr-FR\"},{\"@type\":\"Person\",\"@id\":\"https:\\\/\\\/congo-actu.net\\\/#\\\/schema\\\/person\\\/ebf1d900f8442f92e5b84065d2423bc6\",\"name\":\"Christian Ngeleka\",\"image\":{\"@type\":\"ImageObject\",\"inLanguage\":\"fr-FR\",\"@id\":\"https:\\\/\\\/congo-actu.net\\\/wp-content\\\/litespeed\\\/avatar\\\/267570a50b37451de19a5339884f28c8.jpg?ver=1776721312\",\"url\":\"https:\\\/\\\/congo-actu.net\\\/wp-content\\\/litespeed\\\/avatar\\\/267570a50b37451de19a5339884f28c8.jpg?ver=1776721312\",\"contentUrl\":\"https:\\\/\\\/congo-actu.net\\\/wp-content\\\/litespeed\\\/avatar\\\/267570a50b37451de19a5339884f28c8.jpg?ver=1776721312\",\"caption\":\"Christian Ngeleka\"},\"url\":\"https:\\\/\\\/congo-actu.net\\\/index.php\\\/author\\\/chris-ngeleka\\\/\"}]}<\/script>\n<!-- \/ Yoast SEO plugin. -->","yoast_head_json":{"title":"RDC : Martin Fayulu appelle \u00e0 l'arrestation de D\u00e9nis Kadima et son \u00e9quipe - Congo-actu.net","robots":{"index":"index","follow":"follow","max-snippet":"max-snippet:-1","max-image-preview":"max-image-preview:large","max-video-preview":"max-video-preview:-1"},"canonical":"https:\/\/congo-actu.net\/index.php\/2024\/01\/10\/rdc-martin-fayulu-appelle-a-larrestation-de-denis-kadima-et-son-equipe\/","og_locale":"fr_FR","og_type":"article","og_title":"RDC : Martin Fayulu appelle \u00e0 l'arrestation de D\u00e9nis Kadima et son \u00e9quipe - Congo-actu.net","og_description":"Le pr\u00e9sident du parti politique Engagement pour la Citoyennet\u00e9 et le D\u00e9veloppement (ECID\u00e9), est revenu une fois de plus sur les \u00e9lections du 20 d\u00e9cembre dernier. Martin Fayulu affirme que D\u00e9nis Kadima et la Commission \u00c9lectorale Nationale Ind\u00e9pendante (CENI), ont \u00ab\u00a0syst\u00e9matiquement\u00a0\u00bb viol\u00e9 la constitution et la loi \u00e9lectorale. Dans un post sur son compte X","og_url":"https:\/\/congo-actu.net\/index.php\/2024\/01\/10\/rdc-martin-fayulu-appelle-a-larrestation-de-denis-kadima-et-son-equipe\/","og_site_name":"Congo-actu.net","article_published_time":"2024-01-10T14:33:22+00:00","article_modified_time":"2024-01-10T14:33:23+00:00","og_image":[{"width":1024,"height":768,"url":"https:\/\/congo-actu.net\/wp-content\/uploads\/2024\/01\/IMG-20240110-WA0000.jpg","type":"image\/jpeg"}],"author":"Christian Ngeleka","twitter_card":"summary_large_image","twitter_misc":{"\u00c9crit par":"Christian Ngeleka","Dur\u00e9e de lecture estim\u00e9e":"2 minutes"},"schema":{"@context":"https:\/\/schema.org","@graph":[{"@type":"Article","@id":"https:\/\/congo-actu.net\/index.php\/2024\/01\/10\/rdc-martin-fayulu-appelle-a-larrestation-de-denis-kadima-et-son-equipe\/#article","isPartOf":{"@id":"https:\/\/congo-actu.net\/index.php\/2024\/01\/10\/rdc-martin-fayulu-appelle-a-larrestation-de-denis-kadima-et-son-equipe\/"},"author":{"name":"Christian Ngeleka","@id":"https:\/\/congo-actu.net\/#\/schema\/person\/ebf1d900f8442f92e5b84065d2423bc6"},"headline":"RDC : Martin Fayulu appelle \u00e0 l&rsquo;arrestation de D\u00e9nis Kadima et son \u00e9quipe","datePublished":"2024-01-10T14:33:22+00:00","dateModified":"2024-01-10T14:33:23+00:00","mainEntityOfPage":{"@id":"https:\/\/congo-actu.net\/index.php\/2024\/01\/10\/rdc-martin-fayulu-appelle-a-larrestation-de-denis-kadima-et-son-equipe\/"},"wordCount":296,"commentCount":0,"image":{"@id":"https:\/\/congo-actu.net\/index.php\/2024\/01\/10\/rdc-martin-fayulu-appelle-a-larrestation-de-denis-kadima-et-son-equipe\/#primaryimage"},"thumbnailUrl":"https:\/\/congo-actu.net\/wp-content\/uploads\/2024\/01\/IMG-20240110-WA0000.jpg","keywords":["Denis Kadima","\u00c9lections 2023","Martin Fayulu","Pr\u00e9sidentielle 2023","RDC"],"articleSection":["Politique"],"inLanguage":"fr-FR","potentialAction":[{"@type":"CommentAction","name":"Comment","target":["https:\/\/congo-actu.net\/index.php\/2024\/01\/10\/rdc-martin-fayulu-appelle-a-larrestation-de-denis-kadima-et-son-equipe\/#respond"]}]},{"@type":"WebPage","@id":"https:\/\/congo-actu.net\/index.php\/2024\/01\/10\/rdc-martin-fayulu-appelle-a-larrestation-de-denis-kadima-et-son-equipe\/","url":"https:\/\/congo-actu.net\/index.php\/2024\/01\/10\/rdc-martin-fayulu-appelle-a-larrestation-de-denis-kadima-et-son-equipe\/","name":"RDC : Martin Fayulu appelle \u00e0 l'arrestation de D\u00e9nis Kadima et son \u00e9quipe - Congo-actu.net","isPartOf":{"@id":"https:\/\/congo-actu.net\/#website"},"primaryImageOfPage":{"@id":"https:\/\/congo-actu.net\/index.php\/2024\/01\/10\/rdc-martin-fayulu-appelle-a-larrestation-de-denis-kadima-et-son-equipe\/#primaryimage"},"image":{"@id":"https:\/\/congo-actu.net\/index.php\/2024\/01\/10\/rdc-martin-fayulu-appelle-a-larrestation-de-denis-kadima-et-son-equipe\/#primaryimage"},"thumbnailUrl":"https:\/\/congo-actu.net\/wp-content\/uploads\/2024\/01\/IMG-20240110-WA0000.jpg","datePublished":"2024-01-10T14:33:22+00:00","dateModified":"2024-01-10T14:33:23+00:00","author":{"@id":"https:\/\/congo-actu.net\/#\/schema\/person\/ebf1d900f8442f92e5b84065d2423bc6"},"breadcrumb":{"@id":"https:\/\/congo-actu.net\/index.php\/2024\/01\/10\/rdc-martin-fayulu-appelle-a-larrestation-de-denis-kadima-et-son-equipe\/#breadcrumb"},"inLanguage":"fr-FR","potentialAction":[{"@type":"ReadAction","target":["https:\/\/congo-actu.net\/index.php\/2024\/01\/10\/rdc-martin-fayulu-appelle-a-larrestation-de-denis-kadima-et-son-equipe\/"]}]},{"@type":"ImageObject","inLanguage":"fr-FR","@id":"https:\/\/congo-actu.net\/index.php\/2024\/01\/10\/rdc-martin-fayulu-appelle-a-larrestation-de-denis-kadima-et-son-equipe\/#primaryimage","url":"https:\/\/congo-actu.net\/wp-content\/uploads\/2024\/01\/IMG-20240110-WA0000.jpg","contentUrl":"https:\/\/congo-actu.net\/wp-content\/uploads\/2024\/01\/IMG-20240110-WA0000.jpg","width":1024,"height":768},{"@type":"BreadcrumbList","@id":"https:\/\/congo-actu.net\/index.php\/2024\/01\/10\/rdc-martin-fayulu-appelle-a-larrestation-de-denis-kadima-et-son-equipe\/#breadcrumb","itemListElement":[{"@type":"ListItem","position":1,"name":"Accueil","item":"https:\/\/congo-actu.net\/"},{"@type":"ListItem","position":2,"name":"RDC : Martin Fayulu appelle \u00e0 l&rsquo;arrestation de D\u00e9nis Kadima et son \u00e9quipe"}]},{"@type":"WebSite","@id":"https:\/\/congo-actu.net\/#website","url":"https:\/\/congo-actu.net\/","name":"Congo-actu.net","description":"Les nouvelles de la RDC et d&#039;ailleurs en un clic","potentialAction":[{"@type":"SearchAction","target":{"@type":"EntryPoint","urlTemplate":"https:\/\/congo-actu.net\/?s={search_term_string}"},"query-input":{"@type":"PropertyValueSpecification","valueRequired":true,"valueName":"search_term_string"}}],"inLanguage":"fr-FR"},{"@type":"Person","@id":"https:\/\/congo-actu.net\/#\/schema\/person\/ebf1d900f8442f92e5b84065d2423bc6","name":"Christian Ngeleka","image":{"@type":"ImageObject","inLanguage":"fr-FR","@id":"https:\/\/congo-actu.net\/wp-content\/litespeed\/avatar\/267570a50b37451de19a5339884f28c8.jpg?ver=1776721312","url":"https:\/\/congo-actu.net\/wp-content\/litespeed\/avatar\/267570a50b37451de19a5339884f28c8.jpg?ver=1776721312","contentUrl":"https:\/\/congo-actu.net\/wp-content\/litespeed\/avatar\/267570a50b37451de19a5339884f28c8.jpg?ver=1776721312","caption":"Christian Ngeleka"},"url":"https:\/\/congo-actu.net\/index.php\/author\/chris-ngeleka\/"}]}},"amp_enabled":true,"_links":{"self":[{"href":"https:\/\/congo-actu.net\/index.php\/wp-json\/wp\/v2\/posts\/21526","targetHints":{"allow":["GET"]}}],"collection":[{"href":"https:\/\/congo-actu.net\/index.php\/wp-json\/wp\/v2\/posts"}],"about":[{"href":"https:\/\/congo-actu.net\/index.php\/wp-json\/wp\/v2\/types\/post"}],"author":[{"embeddable":true,"href":"https:\/\/congo-actu.net\/index.php\/wp-json\/wp\/v2\/users\/2"}],"replies":[{"embeddable":true,"href":"https:\/\/congo-actu.net\/index.php\/wp-json\/wp\/v2\/comments?post=21526"}],"version-history":[{"count":1,"href":"https:\/\/congo-actu.net\/index.php\/wp-json\/wp\/v2\/posts\/21526\/revisions"}],"predecessor-version":[{"id":21528,"href":"https:\/\/congo-actu.net\/index.php\/wp-json\/wp\/v2\/posts\/21526\/revisions\/21528"}],"wp:featuredmedia":[{"embeddable":true,"href":"https:\/\/congo-actu.net\/index.php\/wp-json\/wp\/v2\/media\/21527"}],"wp:attachment":[{"href":"https:\/\/congo-actu.net\/index.php\/wp-json\/wp\/v2\/media?parent=21526"}],"wp:term":[{"taxonomy":"category","embeddable":true,"href":"https:\/\/congo-actu.net\/index.php\/wp-json\/wp\/v2\/categories?post=21526"},{"taxonomy":"post_tag","embeddable":true,"href":"https:\/\/congo-actu.net\/index.php\/wp-json\/wp\/v2\/tags?post=21526"}],"curies":[{"name":"wp","href":"https:\/\/api.w.org\/{rel}","templated":true}]}}