{"id":21546,"date":"2024-01-11T09:30:11","date_gmt":"2024-01-11T08:30:11","guid":{"rendered":"https:\/\/congo-actu.net\/?p=21546"},"modified":"2024-01-11T09:30:12","modified_gmt":"2024-01-11T08:30:12","slug":"presidentielle-2023-la-france-adresse-un-message-de-felicitations-a-felix-tshisekedi","status":"publish","type":"post","link":"https:\/\/congo-actu.net\/index.php\/2024\/01\/11\/presidentielle-2023-la-france-adresse-un-message-de-felicitations-a-felix-tshisekedi\/","title":{"rendered":"Pr\u00e9sidentielle 2023 : La France adresse un message de f\u00e9licitations \u00e0 F\u00e9lix Tshisekedi"},"content":{"rendered":"\n<p><strong>Dans un message rendu public dans la soir\u00e9e de ce mercredi 10 janvier 2024, la R\u00e9publique Fran\u00e7aise adresse ses f\u00e9licitations \u00e0 F\u00e9lix Tshisekedi, pour sa r\u00e9\u00e9lection \u00e0 la t\u00eate de la R\u00e9publique D\u00e9mocratique du Congo (RDC).<\/strong><\/p>\n\n\n\n<p>Paris r\u00e9affirme, par la m\u00eame occasion, sa volont\u00e9 de renforcer ses liens avec Kinshasa. Le pays de Emmanuel Macron appelle les acteurs politiques congolais \u00e0 contribuer \u00e0 un climat apais\u00e9 et de coh\u00e9sion nationale.<\/p>\n\n\n\n<p>\u00ab\u00a0<em>La France adresse ses f\u00e9licitations \u00e0 M. F\u00e9lix Tshisekedi pour sa r\u00e9\u00e9lection \u00e0 la pr\u00e9sidence de la R\u00e9publique d\u00e9mocratique du Congo. La France appelle tous les acteurs politiques et de la soci\u00e9t\u00e9 civile congolais \u00e0 \u0153uvrer en faveur du dialogue et \u00e0 contribuer \u00e0 un climat apais\u00e9 et de coh\u00e9sion nationale. La France r\u00e9affirme sa volont\u00e9 de renforcer ses liens avec la R\u00e9publique d\u00e9mocratique du Congo, comme l\u2019avait exprim\u00e9 le Pr\u00e9sident la R\u00e9publique lors de sa visite \u00e0 Kinshasa le 3 mars 2023<\/em>\u00ab\u00a0, lit-on dans ce communiqu\u00e9 du minist\u00e8re fran\u00e7ais des affaires \u00e9trang\u00e8res.<\/p>\n\n\n\n<p>Rappellant la situation s\u00e9curitaire qui pr\u00e9vaut dans l\u2019Est de la R\u00e9publique D\u00e9mocratique du Congo, la France r\u00e9it\u00e8re son soutien aux initiatives r\u00e9gionales en faveur d\u2019une solution pacifique et durable \u00e0 la crise actuelle.<\/p>\n\n\n\n<p>Il sied de rappeler que la Cour constitutionnelle a rendu son arr\u00eat ce mardi 09 janvier confirmant les r\u00e9sultats de la Commission \u00c9lectorale Nationale Ind\u00e9pendante. Felix Tshisekedi est r\u00e9\u00e9lu pr\u00e9sident de la R\u00e9publique D\u00e9mocratique du Congo avec 73,47% des suffrages exprim\u00e9s.<\/p>\n","protected":false},"excerpt":{"rendered":"<p>Dans un message rendu public dans la soir\u00e9e de ce mercredi 10 janvier 2024, la R\u00e9publique Fran\u00e7aise adresse ses f\u00e9licitations \u00e0 F\u00e9lix Tshisekedi, pour sa r\u00e9\u00e9lection \u00e0 la t\u00eate de la R\u00e9publique D\u00e9mocratique du Congo (RDC). Paris r\u00e9affirme, par la m\u00eame occasion, sa volont\u00e9 de renforcer ses liens avec Kinshasa. Le pays de Emmanuel Macron<\/p>\n","protected":false},"author":2,"featured_media":21547,"comment_status":"open","ping_status":"open","sticky":false,"template":"","format":"standard","meta":{"footnotes":""},"categories":[40],"tags":[3114,3063,699,6927,93],"class_list":{"0":"post-21546","1":"post","2":"type-post","3":"status-publish","4":"format-standard","5":"has-post-thumbnail","7":"category-politique","8":"tag-elections-2023","9":"tag-emmanuel-macron","10":"tag-felix-antoine-tshisekedi-tshilombo","11":"tag-presidentielle-2023","12":"tag-rdc"},"yoast_head":"<!-- This site is optimized with the Yoast SEO plugin v27.4 - https:\/\/yoast.com\/product\/yoast-seo-wordpress\/ -->\n<title>Pr\u00e9sidentielle 2023 : La France adresse un message de f\u00e9licitations \u00e0 F\u00e9lix Tshisekedi - Congo-actu.net<\/title>\n<meta name=\"robots\" content=\"index, follow, max-snippet:-1, max-image-preview:large, max-video-preview:-1\" \/>\n<link rel=\"canonical\" href=\"https:\/\/congo-actu.net\/index.php\/2024\/01\/11\/presidentielle-2023-la-france-adresse-un-message-de-felicitations-a-felix-tshisekedi\/\" \/>\n<meta property=\"og:locale\" content=\"fr_FR\" \/>\n<meta property=\"og:type\" content=\"article\" \/>\n<meta property=\"og:title\" content=\"Pr\u00e9sidentielle 2023 : La France adresse un message de f\u00e9licitations \u00e0 F\u00e9lix Tshisekedi - Congo-actu.net\" \/>\n<meta property=\"og:description\" content=\"Dans un message rendu public dans la soir\u00e9e de ce mercredi 10 janvier 2024, la R\u00e9publique Fran\u00e7aise adresse ses f\u00e9licitations \u00e0 F\u00e9lix Tshisekedi, pour sa r\u00e9\u00e9lection \u00e0 la t\u00eate de la R\u00e9publique D\u00e9mocratique du Congo (RDC). Paris r\u00e9affirme, par la m\u00eame occasion, sa volont\u00e9 de renforcer ses liens avec Kinshasa. Le pays de Emmanuel Macron\" \/>\n<meta property=\"og:url\" content=\"https:\/\/congo-actu.net\/index.php\/2024\/01\/11\/presidentielle-2023-la-france-adresse-un-message-de-felicitations-a-felix-tshisekedi\/\" \/>\n<meta property=\"og:site_name\" content=\"Congo-actu.net\" \/>\n<meta property=\"article:published_time\" content=\"2024-01-11T08:30:11+00:00\" \/>\n<meta property=\"article:modified_time\" content=\"2024-01-11T08:30:12+00:00\" \/>\n<meta property=\"og:image\" content=\"https:\/\/congo-actu.net\/wp-content\/uploads\/2024\/01\/65bee608-c1cc-415f-88fc-67b018e5154c.png\" \/>\n\t<meta property=\"og:image:width\" content=\"1080\" \/>\n\t<meta property=\"og:image:height\" content=\"720\" \/>\n\t<meta property=\"og:image:type\" content=\"image\/png\" \/>\n<meta name=\"author\" content=\"Christian Ngeleka\" \/>\n<meta name=\"twitter:card\" content=\"summary_large_image\" \/>\n<meta name=\"twitter:label1\" content=\"\u00c9crit par\" \/>\n\t<meta name=\"twitter:data1\" content=\"Christian Ngeleka\" \/>\n\t<meta name=\"twitter:label2\" content=\"Dur\u00e9e de lecture estim\u00e9e\" \/>\n\t<meta name=\"twitter:data2\" content=\"2 minutes\" \/>\n<script type=\"application\/ld+json\" class=\"yoast-schema-graph\">{\"@context\":\"https:\\\/\\\/schema.org\",\"@graph\":[{\"@type\":\"Article\",\"@id\":\"https:\\\/\\\/congo-actu.net\\\/index.php\\\/2024\\\/01\\\/11\\\/presidentielle-2023-la-france-adresse-un-message-de-felicitations-a-felix-tshisekedi\\\/#article\",\"isPartOf\":{\"@id\":\"https:\\\/\\\/congo-actu.net\\\/index.php\\\/2024\\\/01\\\/11\\\/presidentielle-2023-la-france-adresse-un-message-de-felicitations-a-felix-tshisekedi\\\/\"},\"author\":{\"name\":\"Christian Ngeleka\",\"@id\":\"https:\\\/\\\/congo-actu.net\\\/#\\\/schema\\\/person\\\/ebf1d900f8442f92e5b84065d2423bc6\"},\"headline\":\"Pr\u00e9sidentielle 2023 : La France adresse un message de f\u00e9licitations \u00e0 F\u00e9lix Tshisekedi\",\"datePublished\":\"2024-01-11T08:30:11+00:00\",\"dateModified\":\"2024-01-11T08:30:12+00:00\",\"mainEntityOfPage\":{\"@id\":\"https:\\\/\\\/congo-actu.net\\\/index.php\\\/2024\\\/01\\\/11\\\/presidentielle-2023-la-france-adresse-un-message-de-felicitations-a-felix-tshisekedi\\\/\"},\"wordCount\":279,\"commentCount\":0,\"image\":{\"@id\":\"https:\\\/\\\/congo-actu.net\\\/index.php\\\/2024\\\/01\\\/11\\\/presidentielle-2023-la-france-adresse-un-message-de-felicitations-a-felix-tshisekedi\\\/#primaryimage\"},\"thumbnailUrl\":\"https:\\\/\\\/congo-actu.net\\\/wp-content\\\/uploads\\\/2024\\\/01\\\/65bee608-c1cc-415f-88fc-67b018e5154c.png\",\"keywords\":[\"\u00c9lections 2023\",\"Emmanuel Macron\",\"F\u00e9lix Antoine Tshisekedi Tshilombo\",\"Pr\u00e9sidentielle 2023\",\"RDC\"],\"articleSection\":[\"Politique\"],\"inLanguage\":\"fr-FR\",\"potentialAction\":[{\"@type\":\"CommentAction\",\"name\":\"Comment\",\"target\":[\"https:\\\/\\\/congo-actu.net\\\/index.php\\\/2024\\\/01\\\/11\\\/presidentielle-2023-la-france-adresse-un-message-de-felicitations-a-felix-tshisekedi\\\/#respond\"]}]},{\"@type\":\"WebPage\",\"@id\":\"https:\\\/\\\/congo-actu.net\\\/index.php\\\/2024\\\/01\\\/11\\\/presidentielle-2023-la-france-adresse-un-message-de-felicitations-a-felix-tshisekedi\\\/\",\"url\":\"https:\\\/\\\/congo-actu.net\\\/index.php\\\/2024\\\/01\\\/11\\\/presidentielle-2023-la-france-adresse-un-message-de-felicitations-a-felix-tshisekedi\\\/\",\"name\":\"Pr\u00e9sidentielle 2023 : La France adresse un message de f\u00e9licitations \u00e0 F\u00e9lix Tshisekedi - Congo-actu.net\",\"isPartOf\":{\"@id\":\"https:\\\/\\\/congo-actu.net\\\/#website\"},\"primaryImageOfPage\":{\"@id\":\"https:\\\/\\\/congo-actu.net\\\/index.php\\\/2024\\\/01\\\/11\\\/presidentielle-2023-la-france-adresse-un-message-de-felicitations-a-felix-tshisekedi\\\/#primaryimage\"},\"image\":{\"@id\":\"https:\\\/\\\/congo-actu.net\\\/index.php\\\/2024\\\/01\\\/11\\\/presidentielle-2023-la-france-adresse-un-message-de-felicitations-a-felix-tshisekedi\\\/#primaryimage\"},\"thumbnailUrl\":\"https:\\\/\\\/congo-actu.net\\\/wp-content\\\/uploads\\\/2024\\\/01\\\/65bee608-c1cc-415f-88fc-67b018e5154c.png\",\"datePublished\":\"2024-01-11T08:30:11+00:00\",\"dateModified\":\"2024-01-11T08:30:12+00:00\",\"author\":{\"@id\":\"https:\\\/\\\/congo-actu.net\\\/#\\\/schema\\\/person\\\/ebf1d900f8442f92e5b84065d2423bc6\"},\"breadcrumb\":{\"@id\":\"https:\\\/\\\/congo-actu.net\\\/index.php\\\/2024\\\/01\\\/11\\\/presidentielle-2023-la-france-adresse-un-message-de-felicitations-a-felix-tshisekedi\\\/#breadcrumb\"},\"inLanguage\":\"fr-FR\",\"potentialAction\":[{\"@type\":\"ReadAction\",\"target\":[\"https:\\\/\\\/congo-actu.net\\\/index.php\\\/2024\\\/01\\\/11\\\/presidentielle-2023-la-france-adresse-un-message-de-felicitations-a-felix-tshisekedi\\\/\"]}]},{\"@type\":\"ImageObject\",\"inLanguage\":\"fr-FR\",\"@id\":\"https:\\\/\\\/congo-actu.net\\\/index.php\\\/2024\\\/01\\\/11\\\/presidentielle-2023-la-france-adresse-un-message-de-felicitations-a-felix-tshisekedi\\\/#primaryimage\",\"url\":\"https:\\\/\\\/congo-actu.net\\\/wp-content\\\/uploads\\\/2024\\\/01\\\/65bee608-c1cc-415f-88fc-67b018e5154c.png\",\"contentUrl\":\"https:\\\/\\\/congo-actu.net\\\/wp-content\\\/uploads\\\/2024\\\/01\\\/65bee608-c1cc-415f-88fc-67b018e5154c.png\",\"width\":1080,\"height\":720},{\"@type\":\"BreadcrumbList\",\"@id\":\"https:\\\/\\\/congo-actu.net\\\/index.php\\\/2024\\\/01\\\/11\\\/presidentielle-2023-la-france-adresse-un-message-de-felicitations-a-felix-tshisekedi\\\/#breadcrumb\",\"itemListElement\":[{\"@type\":\"ListItem\",\"position\":1,\"name\":\"Accueil\",\"item\":\"https:\\\/\\\/congo-actu.net\\\/\"},{\"@type\":\"ListItem\",\"position\":2,\"name\":\"Pr\u00e9sidentielle 2023 : La France adresse un message de f\u00e9licitations \u00e0 F\u00e9lix Tshisekedi\"}]},{\"@type\":\"WebSite\",\"@id\":\"https:\\\/\\\/congo-actu.net\\\/#website\",\"url\":\"https:\\\/\\\/congo-actu.net\\\/\",\"name\":\"Congo-actu.net\",\"description\":\"Les nouvelles de la RDC et d&#039;ailleurs en un clic\",\"potentialAction\":[{\"@type\":\"SearchAction\",\"target\":{\"@type\":\"EntryPoint\",\"urlTemplate\":\"https:\\\/\\\/congo-actu.net\\\/?s={search_term_string}\"},\"query-input\":{\"@type\":\"PropertyValueSpecification\",\"valueRequired\":true,\"valueName\":\"search_term_string\"}}],\"inLanguage\":\"fr-FR\"},{\"@type\":\"Person\",\"@id\":\"https:\\\/\\\/congo-actu.net\\\/#\\\/schema\\\/person\\\/ebf1d900f8442f92e5b84065d2423bc6\",\"name\":\"Christian Ngeleka\",\"image\":{\"@type\":\"ImageObject\",\"inLanguage\":\"fr-FR\",\"@id\":\"https:\\\/\\\/congo-actu.net\\\/wp-content\\\/litespeed\\\/avatar\\\/267570a50b37451de19a5339884f28c8.jpg?ver=1776721312\",\"url\":\"https:\\\/\\\/congo-actu.net\\\/wp-content\\\/litespeed\\\/avatar\\\/267570a50b37451de19a5339884f28c8.jpg?ver=1776721312\",\"contentUrl\":\"https:\\\/\\\/congo-actu.net\\\/wp-content\\\/litespeed\\\/avatar\\\/267570a50b37451de19a5339884f28c8.jpg?ver=1776721312\",\"caption\":\"Christian Ngeleka\"},\"url\":\"https:\\\/\\\/congo-actu.net\\\/index.php\\\/author\\\/chris-ngeleka\\\/\"}]}<\/script>\n<!-- \/ Yoast SEO plugin. -->","yoast_head_json":{"title":"Pr\u00e9sidentielle 2023 : La France adresse un message de f\u00e9licitations \u00e0 F\u00e9lix Tshisekedi - Congo-actu.net","robots":{"index":"index","follow":"follow","max-snippet":"max-snippet:-1","max-image-preview":"max-image-preview:large","max-video-preview":"max-video-preview:-1"},"canonical":"https:\/\/congo-actu.net\/index.php\/2024\/01\/11\/presidentielle-2023-la-france-adresse-un-message-de-felicitations-a-felix-tshisekedi\/","og_locale":"fr_FR","og_type":"article","og_title":"Pr\u00e9sidentielle 2023 : La France adresse un message de f\u00e9licitations \u00e0 F\u00e9lix Tshisekedi - Congo-actu.net","og_description":"Dans un message rendu public dans la soir\u00e9e de ce mercredi 10 janvier 2024, la R\u00e9publique Fran\u00e7aise adresse ses f\u00e9licitations \u00e0 F\u00e9lix Tshisekedi, pour sa r\u00e9\u00e9lection \u00e0 la t\u00eate de la R\u00e9publique D\u00e9mocratique du Congo (RDC). Paris r\u00e9affirme, par la m\u00eame occasion, sa volont\u00e9 de renforcer ses liens avec Kinshasa. Le pays de Emmanuel Macron","og_url":"https:\/\/congo-actu.net\/index.php\/2024\/01\/11\/presidentielle-2023-la-france-adresse-un-message-de-felicitations-a-felix-tshisekedi\/","og_site_name":"Congo-actu.net","article_published_time":"2024-01-11T08:30:11+00:00","article_modified_time":"2024-01-11T08:30:12+00:00","og_image":[{"width":1080,"height":720,"url":"https:\/\/congo-actu.net\/wp-content\/uploads\/2024\/01\/65bee608-c1cc-415f-88fc-67b018e5154c.png","type":"image\/png"}],"author":"Christian Ngeleka","twitter_card":"summary_large_image","twitter_misc":{"\u00c9crit par":"Christian Ngeleka","Dur\u00e9e de lecture estim\u00e9e":"2 minutes"},"schema":{"@context":"https:\/\/schema.org","@graph":[{"@type":"Article","@id":"https:\/\/congo-actu.net\/index.php\/2024\/01\/11\/presidentielle-2023-la-france-adresse-un-message-de-felicitations-a-felix-tshisekedi\/#article","isPartOf":{"@id":"https:\/\/congo-actu.net\/index.php\/2024\/01\/11\/presidentielle-2023-la-france-adresse-un-message-de-felicitations-a-felix-tshisekedi\/"},"author":{"name":"Christian Ngeleka","@id":"https:\/\/congo-actu.net\/#\/schema\/person\/ebf1d900f8442f92e5b84065d2423bc6"},"headline":"Pr\u00e9sidentielle 2023 : La France adresse un message de f\u00e9licitations \u00e0 F\u00e9lix Tshisekedi","datePublished":"2024-01-11T08:30:11+00:00","dateModified":"2024-01-11T08:30:12+00:00","mainEntityOfPage":{"@id":"https:\/\/congo-actu.net\/index.php\/2024\/01\/11\/presidentielle-2023-la-france-adresse-un-message-de-felicitations-a-felix-tshisekedi\/"},"wordCount":279,"commentCount":0,"image":{"@id":"https:\/\/congo-actu.net\/index.php\/2024\/01\/11\/presidentielle-2023-la-france-adresse-un-message-de-felicitations-a-felix-tshisekedi\/#primaryimage"},"thumbnailUrl":"https:\/\/congo-actu.net\/wp-content\/uploads\/2024\/01\/65bee608-c1cc-415f-88fc-67b018e5154c.png","keywords":["\u00c9lections 2023","Emmanuel Macron","F\u00e9lix Antoine Tshisekedi Tshilombo","Pr\u00e9sidentielle 2023","RDC"],"articleSection":["Politique"],"inLanguage":"fr-FR","potentialAction":[{"@type":"CommentAction","name":"Comment","target":["https:\/\/congo-actu.net\/index.php\/2024\/01\/11\/presidentielle-2023-la-france-adresse-un-message-de-felicitations-a-felix-tshisekedi\/#respond"]}]},{"@type":"WebPage","@id":"https:\/\/congo-actu.net\/index.php\/2024\/01\/11\/presidentielle-2023-la-france-adresse-un-message-de-felicitations-a-felix-tshisekedi\/","url":"https:\/\/congo-actu.net\/index.php\/2024\/01\/11\/presidentielle-2023-la-france-adresse-un-message-de-felicitations-a-felix-tshisekedi\/","name":"Pr\u00e9sidentielle 2023 : La France adresse un message de f\u00e9licitations \u00e0 F\u00e9lix Tshisekedi - Congo-actu.net","isPartOf":{"@id":"https:\/\/congo-actu.net\/#website"},"primaryImageOfPage":{"@id":"https:\/\/congo-actu.net\/index.php\/2024\/01\/11\/presidentielle-2023-la-france-adresse-un-message-de-felicitations-a-felix-tshisekedi\/#primaryimage"},"image":{"@id":"https:\/\/congo-actu.net\/index.php\/2024\/01\/11\/presidentielle-2023-la-france-adresse-un-message-de-felicitations-a-felix-tshisekedi\/#primaryimage"},"thumbnailUrl":"https:\/\/congo-actu.net\/wp-content\/uploads\/2024\/01\/65bee608-c1cc-415f-88fc-67b018e5154c.png","datePublished":"2024-01-11T08:30:11+00:00","dateModified":"2024-01-11T08:30:12+00:00","author":{"@id":"https:\/\/congo-actu.net\/#\/schema\/person\/ebf1d900f8442f92e5b84065d2423bc6"},"breadcrumb":{"@id":"https:\/\/congo-actu.net\/index.php\/2024\/01\/11\/presidentielle-2023-la-france-adresse-un-message-de-felicitations-a-felix-tshisekedi\/#breadcrumb"},"inLanguage":"fr-FR","potentialAction":[{"@type":"ReadAction","target":["https:\/\/congo-actu.net\/index.php\/2024\/01\/11\/presidentielle-2023-la-france-adresse-un-message-de-felicitations-a-felix-tshisekedi\/"]}]},{"@type":"ImageObject","inLanguage":"fr-FR","@id":"https:\/\/congo-actu.net\/index.php\/2024\/01\/11\/presidentielle-2023-la-france-adresse-un-message-de-felicitations-a-felix-tshisekedi\/#primaryimage","url":"https:\/\/congo-actu.net\/wp-content\/uploads\/2024\/01\/65bee608-c1cc-415f-88fc-67b018e5154c.png","contentUrl":"https:\/\/congo-actu.net\/wp-content\/uploads\/2024\/01\/65bee608-c1cc-415f-88fc-67b018e5154c.png","width":1080,"height":720},{"@type":"BreadcrumbList","@id":"https:\/\/congo-actu.net\/index.php\/2024\/01\/11\/presidentielle-2023-la-france-adresse-un-message-de-felicitations-a-felix-tshisekedi\/#breadcrumb","itemListElement":[{"@type":"ListItem","position":1,"name":"Accueil","item":"https:\/\/congo-actu.net\/"},{"@type":"ListItem","position":2,"name":"Pr\u00e9sidentielle 2023 : La France adresse un message de f\u00e9licitations \u00e0 F\u00e9lix Tshisekedi"}]},{"@type":"WebSite","@id":"https:\/\/congo-actu.net\/#website","url":"https:\/\/congo-actu.net\/","name":"Congo-actu.net","description":"Les nouvelles de la RDC et d&#039;ailleurs en un clic","potentialAction":[{"@type":"SearchAction","target":{"@type":"EntryPoint","urlTemplate":"https:\/\/congo-actu.net\/?s={search_term_string}"},"query-input":{"@type":"PropertyValueSpecification","valueRequired":true,"valueName":"search_term_string"}}],"inLanguage":"fr-FR"},{"@type":"Person","@id":"https:\/\/congo-actu.net\/#\/schema\/person\/ebf1d900f8442f92e5b84065d2423bc6","name":"Christian Ngeleka","image":{"@type":"ImageObject","inLanguage":"fr-FR","@id":"https:\/\/congo-actu.net\/wp-content\/litespeed\/avatar\/267570a50b37451de19a5339884f28c8.jpg?ver=1776721312","url":"https:\/\/congo-actu.net\/wp-content\/litespeed\/avatar\/267570a50b37451de19a5339884f28c8.jpg?ver=1776721312","contentUrl":"https:\/\/congo-actu.net\/wp-content\/litespeed\/avatar\/267570a50b37451de19a5339884f28c8.jpg?ver=1776721312","caption":"Christian Ngeleka"},"url":"https:\/\/congo-actu.net\/index.php\/author\/chris-ngeleka\/"}]}},"amp_enabled":true,"_links":{"self":[{"href":"https:\/\/congo-actu.net\/index.php\/wp-json\/wp\/v2\/posts\/21546","targetHints":{"allow":["GET"]}}],"collection":[{"href":"https:\/\/congo-actu.net\/index.php\/wp-json\/wp\/v2\/posts"}],"about":[{"href":"https:\/\/congo-actu.net\/index.php\/wp-json\/wp\/v2\/types\/post"}],"author":[{"embeddable":true,"href":"https:\/\/congo-actu.net\/index.php\/wp-json\/wp\/v2\/users\/2"}],"replies":[{"embeddable":true,"href":"https:\/\/congo-actu.net\/index.php\/wp-json\/wp\/v2\/comments?post=21546"}],"version-history":[{"count":1,"href":"https:\/\/congo-actu.net\/index.php\/wp-json\/wp\/v2\/posts\/21546\/revisions"}],"predecessor-version":[{"id":21548,"href":"https:\/\/congo-actu.net\/index.php\/wp-json\/wp\/v2\/posts\/21546\/revisions\/21548"}],"wp:featuredmedia":[{"embeddable":true,"href":"https:\/\/congo-actu.net\/index.php\/wp-json\/wp\/v2\/media\/21547"}],"wp:attachment":[{"href":"https:\/\/congo-actu.net\/index.php\/wp-json\/wp\/v2\/media?parent=21546"}],"wp:term":[{"taxonomy":"category","embeddable":true,"href":"https:\/\/congo-actu.net\/index.php\/wp-json\/wp\/v2\/categories?post=21546"},{"taxonomy":"post_tag","embeddable":true,"href":"https:\/\/congo-actu.net\/index.php\/wp-json\/wp\/v2\/tags?post=21546"}],"curies":[{"name":"wp","href":"https:\/\/api.w.org\/{rel}","templated":true}]}}