{"id":21573,"date":"2024-01-12T01:04:52","date_gmt":"2024-01-12T00:04:52","guid":{"rendered":"https:\/\/congo-actu.net\/?p=21573"},"modified":"2024-01-12T01:04:54","modified_gmt":"2024-01-12T00:04:54","slug":"presidentielle-2023-notifie-par-la-cour-constitutionnelle-felix-tshisekedi-va-preter-serment-le-20-janvier-2024","status":"publish","type":"post","link":"https:\/\/congo-actu.net\/index.php\/2024\/01\/12\/presidentielle-2023-notifie-par-la-cour-constitutionnelle-felix-tshisekedi-va-preter-serment-le-20-janvier-2024\/","title":{"rendered":"Pr\u00e9sidentielle 2023 : Notifi\u00e9 par la Cour constitutionnelle, F\u00e9lix Tshisekedi va pr\u00eater serment le 20 janvier 2024"},"content":{"rendered":"\n<p><strong>Le pr\u00e9sident de la R\u00e9publique D\u00e9mocratique du Congo (RDC), a \u00e9t\u00e9 notifi\u00e9 ce jeudi 11 janvier 2024, de sa victoire \u00e0 l&rsquo;\u00e9lection pr\u00e9sidentielle par la Cour constitutionnelle. Cette derni\u00e8re lui accorde ainsi l&rsquo;autorisation de pr\u00eater serment en tant que pr\u00e9sident r\u00e9\u00e9lu de la RDC.<\/strong><\/p>\n\n\n\n<p>Dans son bureau du Palais de la Nation, F\u00e9lix Antoine Tshisekedi Tshilombo a recu des mains du directeur \u00e9lectoral du greffe, de l\u2019huissier instrumental et du greffier audiencier de la Cour constitutionnelle, la copie de l\u2019arr\u00eat 0016 du 9 janvier 2024 portant proclamation des r\u00e9sultats d\u00e9finitifs de l\u2019\u00e9lection pr\u00e9sidentielle de d\u00e9cembre 2023.<\/p>\n\n\n\n<p>Cet acte administratif constitue la derni\u00e8re formalit\u00e9 juridique autorisant la prestation de serment du pr\u00e9sident r\u00e9\u00e9lu devant la Cour Constitutionnelle. La c\u00e9r\u00e9monie aura lieu ce 20 janvier 2024 au stade des Martyrs de la pentec\u00f4te.<\/p>\n\n\n\n<p>Il sied de rappeler que la Cour constitutionnelle avait rendu son arr\u00eat mercredi 09 janvier 2024, confirmant les r\u00e9sultats provisoires publi\u00e9s par la centrale \u00e9lectorale qui avait donn\u00e9 F\u00e9lix Tshisekedi vainqueur. Le pr\u00e9sident r\u00e9\u00e9lu a obtenu 73,47% de suffrages exprim\u00e9s.<\/p>\n","protected":false},"excerpt":{"rendered":"<p>Le pr\u00e9sident de la R\u00e9publique D\u00e9mocratique du Congo (RDC), a \u00e9t\u00e9 notifi\u00e9 ce jeudi 11 janvier 2024, de sa victoire \u00e0 l&rsquo;\u00e9lection pr\u00e9sidentielle par la Cour constitutionnelle. Cette derni\u00e8re lui accorde ainsi l&rsquo;autorisation de pr\u00eater serment en tant que pr\u00e9sident r\u00e9\u00e9lu de la RDC. Dans son bureau du Palais de la Nation, F\u00e9lix Antoine Tshisekedi<\/p>\n","protected":false},"author":2,"featured_media":21574,"comment_status":"open","ping_status":"open","sticky":false,"template":"","format":"standard","meta":{"footnotes":""},"categories":[40],"tags":[975,3114,699,6927,2777,93],"class_list":{"0":"post-21573","1":"post","2":"type-post","3":"status-publish","4":"format-standard","5":"has-post-thumbnail","7":"category-politique","8":"tag-cour-constitutionnelle","9":"tag-elections-2023","10":"tag-felix-antoine-tshisekedi-tshilombo","11":"tag-presidentielle-2023","12":"tag-prestation-de-serment","13":"tag-rdc"},"yoast_head":"<!-- This site is optimized with the Yoast SEO plugin v27.4 - https:\/\/yoast.com\/product\/yoast-seo-wordpress\/ -->\n<title>Pr\u00e9sidentielle 2023 : Notifi\u00e9 par la Cour constitutionnelle, F\u00e9lix Tshisekedi va pr\u00eater serment le 20 janvier 2024 - Congo-actu.net<\/title>\n<meta name=\"robots\" content=\"index, follow, max-snippet:-1, max-image-preview:large, max-video-preview:-1\" \/>\n<link rel=\"canonical\" href=\"https:\/\/congo-actu.net\/index.php\/2024\/01\/12\/presidentielle-2023-notifie-par-la-cour-constitutionnelle-felix-tshisekedi-va-preter-serment-le-20-janvier-2024\/\" \/>\n<meta property=\"og:locale\" content=\"fr_FR\" \/>\n<meta property=\"og:type\" content=\"article\" \/>\n<meta property=\"og:title\" content=\"Pr\u00e9sidentielle 2023 : Notifi\u00e9 par la Cour constitutionnelle, F\u00e9lix Tshisekedi va pr\u00eater serment le 20 janvier 2024 - Congo-actu.net\" \/>\n<meta property=\"og:description\" content=\"Le pr\u00e9sident de la R\u00e9publique D\u00e9mocratique du Congo (RDC), a \u00e9t\u00e9 notifi\u00e9 ce jeudi 11 janvier 2024, de sa victoire \u00e0 l&rsquo;\u00e9lection pr\u00e9sidentielle par la Cour constitutionnelle. Cette derni\u00e8re lui accorde ainsi l&rsquo;autorisation de pr\u00eater serment en tant que pr\u00e9sident r\u00e9\u00e9lu de la RDC. Dans son bureau du Palais de la Nation, F\u00e9lix Antoine Tshisekedi\" \/>\n<meta property=\"og:url\" content=\"https:\/\/congo-actu.net\/index.php\/2024\/01\/12\/presidentielle-2023-notifie-par-la-cour-constitutionnelle-felix-tshisekedi-va-preter-serment-le-20-janvier-2024\/\" \/>\n<meta property=\"og:site_name\" content=\"Congo-actu.net\" \/>\n<meta property=\"article:published_time\" content=\"2024-01-12T00:04:52+00:00\" \/>\n<meta property=\"article:modified_time\" content=\"2024-01-12T00:04:54+00:00\" \/>\n<meta property=\"og:image\" content=\"https:\/\/congo-actu.net\/wp-content\/uploads\/2024\/01\/IMG-20240112-WA0002.jpg\" \/>\n\t<meta property=\"og:image:width\" content=\"1024\" \/>\n\t<meta property=\"og:image:height\" content=\"683\" \/>\n\t<meta property=\"og:image:type\" content=\"image\/jpeg\" \/>\n<meta name=\"author\" content=\"Christian Ngeleka\" \/>\n<meta name=\"twitter:card\" content=\"summary_large_image\" \/>\n<meta name=\"twitter:label1\" content=\"\u00c9crit par\" \/>\n\t<meta name=\"twitter:data1\" content=\"Christian Ngeleka\" \/>\n\t<meta name=\"twitter:label2\" content=\"Dur\u00e9e de lecture estim\u00e9e\" \/>\n\t<meta name=\"twitter:data2\" content=\"1 minute\" \/>\n<script type=\"application\/ld+json\" class=\"yoast-schema-graph\">{\"@context\":\"https:\\\/\\\/schema.org\",\"@graph\":[{\"@type\":\"Article\",\"@id\":\"https:\\\/\\\/congo-actu.net\\\/index.php\\\/2024\\\/01\\\/12\\\/presidentielle-2023-notifie-par-la-cour-constitutionnelle-felix-tshisekedi-va-preter-serment-le-20-janvier-2024\\\/#article\",\"isPartOf\":{\"@id\":\"https:\\\/\\\/congo-actu.net\\\/index.php\\\/2024\\\/01\\\/12\\\/presidentielle-2023-notifie-par-la-cour-constitutionnelle-felix-tshisekedi-va-preter-serment-le-20-janvier-2024\\\/\"},\"author\":{\"name\":\"Christian Ngeleka\",\"@id\":\"https:\\\/\\\/congo-actu.net\\\/#\\\/schema\\\/person\\\/ebf1d900f8442f92e5b84065d2423bc6\"},\"headline\":\"Pr\u00e9sidentielle 2023 : Notifi\u00e9 par la Cour constitutionnelle, F\u00e9lix Tshisekedi va pr\u00eater serment le 20 janvier 2024\",\"datePublished\":\"2024-01-12T00:04:52+00:00\",\"dateModified\":\"2024-01-12T00:04:54+00:00\",\"mainEntityOfPage\":{\"@id\":\"https:\\\/\\\/congo-actu.net\\\/index.php\\\/2024\\\/01\\\/12\\\/presidentielle-2023-notifie-par-la-cour-constitutionnelle-felix-tshisekedi-va-preter-serment-le-20-janvier-2024\\\/\"},\"wordCount\":207,\"commentCount\":0,\"image\":{\"@id\":\"https:\\\/\\\/congo-actu.net\\\/index.php\\\/2024\\\/01\\\/12\\\/presidentielle-2023-notifie-par-la-cour-constitutionnelle-felix-tshisekedi-va-preter-serment-le-20-janvier-2024\\\/#primaryimage\"},\"thumbnailUrl\":\"https:\\\/\\\/congo-actu.net\\\/wp-content\\\/uploads\\\/2024\\\/01\\\/IMG-20240112-WA0002.jpg\",\"keywords\":[\"Cour constitutionnelle\",\"\u00c9lections 2023\",\"F\u00e9lix Antoine Tshisekedi Tshilombo\",\"Pr\u00e9sidentielle 2023\",\"Prestation de serment\",\"RDC\"],\"articleSection\":[\"Politique\"],\"inLanguage\":\"fr-FR\",\"potentialAction\":[{\"@type\":\"CommentAction\",\"name\":\"Comment\",\"target\":[\"https:\\\/\\\/congo-actu.net\\\/index.php\\\/2024\\\/01\\\/12\\\/presidentielle-2023-notifie-par-la-cour-constitutionnelle-felix-tshisekedi-va-preter-serment-le-20-janvier-2024\\\/#respond\"]}]},{\"@type\":\"WebPage\",\"@id\":\"https:\\\/\\\/congo-actu.net\\\/index.php\\\/2024\\\/01\\\/12\\\/presidentielle-2023-notifie-par-la-cour-constitutionnelle-felix-tshisekedi-va-preter-serment-le-20-janvier-2024\\\/\",\"url\":\"https:\\\/\\\/congo-actu.net\\\/index.php\\\/2024\\\/01\\\/12\\\/presidentielle-2023-notifie-par-la-cour-constitutionnelle-felix-tshisekedi-va-preter-serment-le-20-janvier-2024\\\/\",\"name\":\"Pr\u00e9sidentielle 2023 : Notifi\u00e9 par la Cour constitutionnelle, F\u00e9lix Tshisekedi va pr\u00eater serment le 20 janvier 2024 - Congo-actu.net\",\"isPartOf\":{\"@id\":\"https:\\\/\\\/congo-actu.net\\\/#website\"},\"primaryImageOfPage\":{\"@id\":\"https:\\\/\\\/congo-actu.net\\\/index.php\\\/2024\\\/01\\\/12\\\/presidentielle-2023-notifie-par-la-cour-constitutionnelle-felix-tshisekedi-va-preter-serment-le-20-janvier-2024\\\/#primaryimage\"},\"image\":{\"@id\":\"https:\\\/\\\/congo-actu.net\\\/index.php\\\/2024\\\/01\\\/12\\\/presidentielle-2023-notifie-par-la-cour-constitutionnelle-felix-tshisekedi-va-preter-serment-le-20-janvier-2024\\\/#primaryimage\"},\"thumbnailUrl\":\"https:\\\/\\\/congo-actu.net\\\/wp-content\\\/uploads\\\/2024\\\/01\\\/IMG-20240112-WA0002.jpg\",\"datePublished\":\"2024-01-12T00:04:52+00:00\",\"dateModified\":\"2024-01-12T00:04:54+00:00\",\"author\":{\"@id\":\"https:\\\/\\\/congo-actu.net\\\/#\\\/schema\\\/person\\\/ebf1d900f8442f92e5b84065d2423bc6\"},\"breadcrumb\":{\"@id\":\"https:\\\/\\\/congo-actu.net\\\/index.php\\\/2024\\\/01\\\/12\\\/presidentielle-2023-notifie-par-la-cour-constitutionnelle-felix-tshisekedi-va-preter-serment-le-20-janvier-2024\\\/#breadcrumb\"},\"inLanguage\":\"fr-FR\",\"potentialAction\":[{\"@type\":\"ReadAction\",\"target\":[\"https:\\\/\\\/congo-actu.net\\\/index.php\\\/2024\\\/01\\\/12\\\/presidentielle-2023-notifie-par-la-cour-constitutionnelle-felix-tshisekedi-va-preter-serment-le-20-janvier-2024\\\/\"]}]},{\"@type\":\"ImageObject\",\"inLanguage\":\"fr-FR\",\"@id\":\"https:\\\/\\\/congo-actu.net\\\/index.php\\\/2024\\\/01\\\/12\\\/presidentielle-2023-notifie-par-la-cour-constitutionnelle-felix-tshisekedi-va-preter-serment-le-20-janvier-2024\\\/#primaryimage\",\"url\":\"https:\\\/\\\/congo-actu.net\\\/wp-content\\\/uploads\\\/2024\\\/01\\\/IMG-20240112-WA0002.jpg\",\"contentUrl\":\"https:\\\/\\\/congo-actu.net\\\/wp-content\\\/uploads\\\/2024\\\/01\\\/IMG-20240112-WA0002.jpg\",\"width\":1024,\"height\":683},{\"@type\":\"BreadcrumbList\",\"@id\":\"https:\\\/\\\/congo-actu.net\\\/index.php\\\/2024\\\/01\\\/12\\\/presidentielle-2023-notifie-par-la-cour-constitutionnelle-felix-tshisekedi-va-preter-serment-le-20-janvier-2024\\\/#breadcrumb\",\"itemListElement\":[{\"@type\":\"ListItem\",\"position\":1,\"name\":\"Accueil\",\"item\":\"https:\\\/\\\/congo-actu.net\\\/\"},{\"@type\":\"ListItem\",\"position\":2,\"name\":\"Pr\u00e9sidentielle 2023 : Notifi\u00e9 par la Cour constitutionnelle, F\u00e9lix Tshisekedi va pr\u00eater serment le 20 janvier 2024\"}]},{\"@type\":\"WebSite\",\"@id\":\"https:\\\/\\\/congo-actu.net\\\/#website\",\"url\":\"https:\\\/\\\/congo-actu.net\\\/\",\"name\":\"Congo-actu.net\",\"description\":\"Les nouvelles de la RDC et d&#039;ailleurs en un clic\",\"potentialAction\":[{\"@type\":\"SearchAction\",\"target\":{\"@type\":\"EntryPoint\",\"urlTemplate\":\"https:\\\/\\\/congo-actu.net\\\/?s={search_term_string}\"},\"query-input\":{\"@type\":\"PropertyValueSpecification\",\"valueRequired\":true,\"valueName\":\"search_term_string\"}}],\"inLanguage\":\"fr-FR\"},{\"@type\":\"Person\",\"@id\":\"https:\\\/\\\/congo-actu.net\\\/#\\\/schema\\\/person\\\/ebf1d900f8442f92e5b84065d2423bc6\",\"name\":\"Christian Ngeleka\",\"image\":{\"@type\":\"ImageObject\",\"inLanguage\":\"fr-FR\",\"@id\":\"https:\\\/\\\/congo-actu.net\\\/wp-content\\\/litespeed\\\/avatar\\\/267570a50b37451de19a5339884f28c8.jpg?ver=1776721312\",\"url\":\"https:\\\/\\\/congo-actu.net\\\/wp-content\\\/litespeed\\\/avatar\\\/267570a50b37451de19a5339884f28c8.jpg?ver=1776721312\",\"contentUrl\":\"https:\\\/\\\/congo-actu.net\\\/wp-content\\\/litespeed\\\/avatar\\\/267570a50b37451de19a5339884f28c8.jpg?ver=1776721312\",\"caption\":\"Christian Ngeleka\"},\"url\":\"https:\\\/\\\/congo-actu.net\\\/index.php\\\/author\\\/chris-ngeleka\\\/\"}]}<\/script>\n<!-- \/ Yoast SEO plugin. -->","yoast_head_json":{"title":"Pr\u00e9sidentielle 2023 : Notifi\u00e9 par la Cour constitutionnelle, F\u00e9lix Tshisekedi va pr\u00eater serment le 20 janvier 2024 - Congo-actu.net","robots":{"index":"index","follow":"follow","max-snippet":"max-snippet:-1","max-image-preview":"max-image-preview:large","max-video-preview":"max-video-preview:-1"},"canonical":"https:\/\/congo-actu.net\/index.php\/2024\/01\/12\/presidentielle-2023-notifie-par-la-cour-constitutionnelle-felix-tshisekedi-va-preter-serment-le-20-janvier-2024\/","og_locale":"fr_FR","og_type":"article","og_title":"Pr\u00e9sidentielle 2023 : Notifi\u00e9 par la Cour constitutionnelle, F\u00e9lix Tshisekedi va pr\u00eater serment le 20 janvier 2024 - Congo-actu.net","og_description":"Le pr\u00e9sident de la R\u00e9publique D\u00e9mocratique du Congo (RDC), a \u00e9t\u00e9 notifi\u00e9 ce jeudi 11 janvier 2024, de sa victoire \u00e0 l&rsquo;\u00e9lection pr\u00e9sidentielle par la Cour constitutionnelle. Cette derni\u00e8re lui accorde ainsi l&rsquo;autorisation de pr\u00eater serment en tant que pr\u00e9sident r\u00e9\u00e9lu de la RDC. Dans son bureau du Palais de la Nation, F\u00e9lix Antoine Tshisekedi","og_url":"https:\/\/congo-actu.net\/index.php\/2024\/01\/12\/presidentielle-2023-notifie-par-la-cour-constitutionnelle-felix-tshisekedi-va-preter-serment-le-20-janvier-2024\/","og_site_name":"Congo-actu.net","article_published_time":"2024-01-12T00:04:52+00:00","article_modified_time":"2024-01-12T00:04:54+00:00","og_image":[{"width":1024,"height":683,"url":"https:\/\/congo-actu.net\/wp-content\/uploads\/2024\/01\/IMG-20240112-WA0002.jpg","type":"image\/jpeg"}],"author":"Christian Ngeleka","twitter_card":"summary_large_image","twitter_misc":{"\u00c9crit par":"Christian Ngeleka","Dur\u00e9e de lecture estim\u00e9e":"1 minute"},"schema":{"@context":"https:\/\/schema.org","@graph":[{"@type":"Article","@id":"https:\/\/congo-actu.net\/index.php\/2024\/01\/12\/presidentielle-2023-notifie-par-la-cour-constitutionnelle-felix-tshisekedi-va-preter-serment-le-20-janvier-2024\/#article","isPartOf":{"@id":"https:\/\/congo-actu.net\/index.php\/2024\/01\/12\/presidentielle-2023-notifie-par-la-cour-constitutionnelle-felix-tshisekedi-va-preter-serment-le-20-janvier-2024\/"},"author":{"name":"Christian Ngeleka","@id":"https:\/\/congo-actu.net\/#\/schema\/person\/ebf1d900f8442f92e5b84065d2423bc6"},"headline":"Pr\u00e9sidentielle 2023 : Notifi\u00e9 par la Cour constitutionnelle, F\u00e9lix Tshisekedi va pr\u00eater serment le 20 janvier 2024","datePublished":"2024-01-12T00:04:52+00:00","dateModified":"2024-01-12T00:04:54+00:00","mainEntityOfPage":{"@id":"https:\/\/congo-actu.net\/index.php\/2024\/01\/12\/presidentielle-2023-notifie-par-la-cour-constitutionnelle-felix-tshisekedi-va-preter-serment-le-20-janvier-2024\/"},"wordCount":207,"commentCount":0,"image":{"@id":"https:\/\/congo-actu.net\/index.php\/2024\/01\/12\/presidentielle-2023-notifie-par-la-cour-constitutionnelle-felix-tshisekedi-va-preter-serment-le-20-janvier-2024\/#primaryimage"},"thumbnailUrl":"https:\/\/congo-actu.net\/wp-content\/uploads\/2024\/01\/IMG-20240112-WA0002.jpg","keywords":["Cour constitutionnelle","\u00c9lections 2023","F\u00e9lix Antoine Tshisekedi Tshilombo","Pr\u00e9sidentielle 2023","Prestation de serment","RDC"],"articleSection":["Politique"],"inLanguage":"fr-FR","potentialAction":[{"@type":"CommentAction","name":"Comment","target":["https:\/\/congo-actu.net\/index.php\/2024\/01\/12\/presidentielle-2023-notifie-par-la-cour-constitutionnelle-felix-tshisekedi-va-preter-serment-le-20-janvier-2024\/#respond"]}]},{"@type":"WebPage","@id":"https:\/\/congo-actu.net\/index.php\/2024\/01\/12\/presidentielle-2023-notifie-par-la-cour-constitutionnelle-felix-tshisekedi-va-preter-serment-le-20-janvier-2024\/","url":"https:\/\/congo-actu.net\/index.php\/2024\/01\/12\/presidentielle-2023-notifie-par-la-cour-constitutionnelle-felix-tshisekedi-va-preter-serment-le-20-janvier-2024\/","name":"Pr\u00e9sidentielle 2023 : Notifi\u00e9 par la Cour constitutionnelle, F\u00e9lix Tshisekedi va pr\u00eater serment le 20 janvier 2024 - Congo-actu.net","isPartOf":{"@id":"https:\/\/congo-actu.net\/#website"},"primaryImageOfPage":{"@id":"https:\/\/congo-actu.net\/index.php\/2024\/01\/12\/presidentielle-2023-notifie-par-la-cour-constitutionnelle-felix-tshisekedi-va-preter-serment-le-20-janvier-2024\/#primaryimage"},"image":{"@id":"https:\/\/congo-actu.net\/index.php\/2024\/01\/12\/presidentielle-2023-notifie-par-la-cour-constitutionnelle-felix-tshisekedi-va-preter-serment-le-20-janvier-2024\/#primaryimage"},"thumbnailUrl":"https:\/\/congo-actu.net\/wp-content\/uploads\/2024\/01\/IMG-20240112-WA0002.jpg","datePublished":"2024-01-12T00:04:52+00:00","dateModified":"2024-01-12T00:04:54+00:00","author":{"@id":"https:\/\/congo-actu.net\/#\/schema\/person\/ebf1d900f8442f92e5b84065d2423bc6"},"breadcrumb":{"@id":"https:\/\/congo-actu.net\/index.php\/2024\/01\/12\/presidentielle-2023-notifie-par-la-cour-constitutionnelle-felix-tshisekedi-va-preter-serment-le-20-janvier-2024\/#breadcrumb"},"inLanguage":"fr-FR","potentialAction":[{"@type":"ReadAction","target":["https:\/\/congo-actu.net\/index.php\/2024\/01\/12\/presidentielle-2023-notifie-par-la-cour-constitutionnelle-felix-tshisekedi-va-preter-serment-le-20-janvier-2024\/"]}]},{"@type":"ImageObject","inLanguage":"fr-FR","@id":"https:\/\/congo-actu.net\/index.php\/2024\/01\/12\/presidentielle-2023-notifie-par-la-cour-constitutionnelle-felix-tshisekedi-va-preter-serment-le-20-janvier-2024\/#primaryimage","url":"https:\/\/congo-actu.net\/wp-content\/uploads\/2024\/01\/IMG-20240112-WA0002.jpg","contentUrl":"https:\/\/congo-actu.net\/wp-content\/uploads\/2024\/01\/IMG-20240112-WA0002.jpg","width":1024,"height":683},{"@type":"BreadcrumbList","@id":"https:\/\/congo-actu.net\/index.php\/2024\/01\/12\/presidentielle-2023-notifie-par-la-cour-constitutionnelle-felix-tshisekedi-va-preter-serment-le-20-janvier-2024\/#breadcrumb","itemListElement":[{"@type":"ListItem","position":1,"name":"Accueil","item":"https:\/\/congo-actu.net\/"},{"@type":"ListItem","position":2,"name":"Pr\u00e9sidentielle 2023 : Notifi\u00e9 par la Cour constitutionnelle, F\u00e9lix Tshisekedi va pr\u00eater serment le 20 janvier 2024"}]},{"@type":"WebSite","@id":"https:\/\/congo-actu.net\/#website","url":"https:\/\/congo-actu.net\/","name":"Congo-actu.net","description":"Les nouvelles de la RDC et d&#039;ailleurs en un clic","potentialAction":[{"@type":"SearchAction","target":{"@type":"EntryPoint","urlTemplate":"https:\/\/congo-actu.net\/?s={search_term_string}"},"query-input":{"@type":"PropertyValueSpecification","valueRequired":true,"valueName":"search_term_string"}}],"inLanguage":"fr-FR"},{"@type":"Person","@id":"https:\/\/congo-actu.net\/#\/schema\/person\/ebf1d900f8442f92e5b84065d2423bc6","name":"Christian Ngeleka","image":{"@type":"ImageObject","inLanguage":"fr-FR","@id":"https:\/\/congo-actu.net\/wp-content\/litespeed\/avatar\/267570a50b37451de19a5339884f28c8.jpg?ver=1776721312","url":"https:\/\/congo-actu.net\/wp-content\/litespeed\/avatar\/267570a50b37451de19a5339884f28c8.jpg?ver=1776721312","contentUrl":"https:\/\/congo-actu.net\/wp-content\/litespeed\/avatar\/267570a50b37451de19a5339884f28c8.jpg?ver=1776721312","caption":"Christian Ngeleka"},"url":"https:\/\/congo-actu.net\/index.php\/author\/chris-ngeleka\/"}]}},"amp_enabled":true,"_links":{"self":[{"href":"https:\/\/congo-actu.net\/index.php\/wp-json\/wp\/v2\/posts\/21573","targetHints":{"allow":["GET"]}}],"collection":[{"href":"https:\/\/congo-actu.net\/index.php\/wp-json\/wp\/v2\/posts"}],"about":[{"href":"https:\/\/congo-actu.net\/index.php\/wp-json\/wp\/v2\/types\/post"}],"author":[{"embeddable":true,"href":"https:\/\/congo-actu.net\/index.php\/wp-json\/wp\/v2\/users\/2"}],"replies":[{"embeddable":true,"href":"https:\/\/congo-actu.net\/index.php\/wp-json\/wp\/v2\/comments?post=21573"}],"version-history":[{"count":1,"href":"https:\/\/congo-actu.net\/index.php\/wp-json\/wp\/v2\/posts\/21573\/revisions"}],"predecessor-version":[{"id":21575,"href":"https:\/\/congo-actu.net\/index.php\/wp-json\/wp\/v2\/posts\/21573\/revisions\/21575"}],"wp:featuredmedia":[{"embeddable":true,"href":"https:\/\/congo-actu.net\/index.php\/wp-json\/wp\/v2\/media\/21574"}],"wp:attachment":[{"href":"https:\/\/congo-actu.net\/index.php\/wp-json\/wp\/v2\/media?parent=21573"}],"wp:term":[{"taxonomy":"category","embeddable":true,"href":"https:\/\/congo-actu.net\/index.php\/wp-json\/wp\/v2\/categories?post=21573"},{"taxonomy":"post_tag","embeddable":true,"href":"https:\/\/congo-actu.net\/index.php\/wp-json\/wp\/v2\/tags?post=21573"}],"curies":[{"name":"wp","href":"https:\/\/api.w.org\/{rel}","templated":true}]}}