{"id":36991,"date":"2026-08-31T14:22:34","date_gmt":"2026-08-31T12:22:34","guid":{"rendered":"https:\/\/congo-actu.net\/?p=36991"},"modified":"2026-08-31T14:24:19","modified_gmt":"2026-08-31T12:24:19","slug":"36991","status":"publish","type":"post","link":"https:\/\/congo-actu.net\/index.php\/2026\/08\/31\/36991\/","title":{"rendered":"RDC : Ra\u00efssa Malu appelle \u00e0 une rentr\u00e9e scolaire 2026-2027 sous le signe de la discipline et de la pers\u00e9v\u00e9rance\u200e"},"content":{"rendered":"\n<p class=\"wp-block-paragraph\"><strong>La rentr\u00e9e scolaire 2026-2027 est annonc\u00e9e pour ce mardi 1er septembre 2026, sur l\u2019ensemble du territoire national de la R\u00e9publique d\u00e9mocratique du Congo. \u00c0 cette occasion, la ministre d\u2019\u00c9tat, ministre de l\u2019\u00c9ducation nationale et Nouvelle Citoyennet\u00e9, a adress\u00e9, ce lundi 31 ao\u00fbt, un message aux \u00e9l\u00e8ves, enseignants, parents et \u00e0 l\u2019ensemble de la communaut\u00e9 \u00e9ducative.<br>\u200e<\/strong><br>\u200eReconnaissant le contexte particulier dans lequel cette nouvelle ann\u00e9e scolaire,<br>\u200eRa\u00efssa Malu a r\u00e9affirm\u00e9 toutefois la n\u00e9cessit\u00e9 de garantir le droit \u00e0 l\u2019\u00e9ducation \u00e0 tous les enfants.<br>\u200e<br>\u200e\u00ab <em>Ce mardi 1er septembre 2026, des millions d\u2019\u00e9l\u00e8ves reprennent le chemin de l\u2019\u00e9cole sur l\u2019ensemble du territoire national. Cette rentr\u00e9e intervient dans un contexte exigeant. Partout o\u00f9 les conditions le permettent, l\u2019\u00e9cole doit reprendre. J\u2019ai une pens\u00e9e particuli\u00e8re pour les \u00e9l\u00e8ves, les enseignants et les familles confront\u00e9s \u00e0 l\u2019ins\u00e9curit\u00e9 et aux conflits. Leur droit \u00e0 l\u2019\u00e9ducation doit rester pleinement garanti<\/em> \u00bb, lit-on dans ce document.<br>\u200e<br>\u200eLa ministre de tutelle encourage les \u00e9l\u00e8ves \u00e0 faire preuve d\u2019assiduit\u00e9, de discipline et de pers\u00e9v\u00e9rance.<br>\u200e<br>\u200e\u00ab <em>Cette ann\u00e9e est la v\u00f4tre. Soyez assidus, disciplin\u00e9s et pers\u00e9v\u00e9rants. Travaillez avec s\u00e9rieux, croyez en vos capacit\u00e9s et donnez le meilleur de vous-m\u00eames<\/em> \u00bb, recommande t-elle.<br>\u200e<br>\u200eRaissa Malu invite les parents \u00e0 veiller \u00e0 la reprise des cours d\u00e8s le premier jour. Elle a, en outre, l\u2019engagement de l\u2019\u00c9tat en faveur de la gratuit\u00e9 de l\u2019enseignement primaire public.<br>\u200e<br>\u200e \u00ab <em>Votre r\u00f4le est essentiel. Veillez \u00e0 la reprise des enfants d\u00e8s le premier jour et accompagnez leur travail. La gratuit\u00e9 de l\u2019enseignement primaire public demeure un engagement fondamental de l\u2019\u00c9tat<\/em> \u00bb, a-t-elle soulign\u00e9.<br>\u200e<br>\u200eLe Pays faisant face \u00e0 l&rsquo;\u00e9pid\u00e9mie \u00e0 virus d&rsquo;Ebola, le renforcement des mesures sanitaires est envisag\u00e9 et un \u00ab\u00a0leger\u00a0\u00bb dispositif d\u2019enseignement \u00e0 distance sera mis en place.<br>\u200e<br>\u200ePar ailleurs, Raissa Malu ministre appelle les enseignants \u00e0 placer l\u2019\u00e9l\u00e8ve, la qualit\u00e9 des apprentissages et le respect du service public au centre de leur mission.<br>\u200e<br>\u200eLa ministre d\u2019\u00c9tat, ministre de l\u2019\u00c9ducation nationale et Nouvelle Citoyennet\u00e9, souhaite \u00e0 toutes et \u00e0 tous une excellente rentr\u00e9e scolaire 2026-2027, dans la paix, la s\u00e9curit\u00e9 et la confiance en l\u2019avenir.<\/p>\n","protected":false},"excerpt":{"rendered":"<p>La rentr\u00e9e scolaire 2026-2027 est annonc\u00e9e pour ce mardi 1er septembre 2026, sur l\u2019ensemble du territoire national de la R\u00e9publique d\u00e9mocratique du Congo. \u00c0 cette occasion, la ministre d\u2019\u00c9tat, ministre de l\u2019\u00c9ducation nationale et Nouvelle Citoyennet\u00e9, a adress\u00e9, ce lundi 31 ao\u00fbt, un message aux \u00e9l\u00e8ves, enseignants, parents et \u00e0 l\u2019ensemble de la communaut\u00e9 \u00e9ducative.\u200e\u200eReconnaissant<\/p>\n","protected":false},"author":2,"featured_media":36993,"comment_status":"closed","ping_status":"closed","sticky":false,"template":"","format":"standard","meta":{"footnotes":""},"categories":[37],"tags":[9213,7741,93,1611,9571,9572],"class_list":["post-36991","post","type-post","status-publish","format-standard","has-post-thumbnail","category-education","tag-education-nationale-et-nouvelle-citoyennete","tag-raissa-malu","tag-rdc","tag-rentree-scolaire","tag-rentree-scolaire-2025-2026","tag-rentree-scolaire-2026-2027"],"yoast_head":"<!-- This site is optimized with the Yoast SEO plugin v28.2 - https:\/\/yoast.com\/product\/yoast-seo-wordpress\/ -->\n<title>RDC : Ra\u00efssa Malu appelle \u00e0 une rentr\u00e9e scolaire 2026-2027 sous le signe de la discipline et de la pers\u00e9v\u00e9rance\u200e - Congo-actu.net<\/title>\n<meta name=\"robots\" content=\"index, follow, max-snippet:-1, max-image-preview:large, max-video-preview:-1\" \/>\n<link rel=\"canonical\" href=\"https:\/\/congo-actu.net\/index.php\/2026\/08\/31\/36991\/\" \/>\n<meta property=\"og:locale\" content=\"fr_FR\" \/>\n<meta property=\"og:type\" content=\"article\" \/>\n<meta property=\"og:title\" content=\"RDC : Ra\u00efssa Malu appelle \u00e0 une rentr\u00e9e scolaire 2026-2027 sous le signe de la discipline et de la pers\u00e9v\u00e9rance\u200e - Congo-actu.net\" \/>\n<meta property=\"og:description\" content=\"La rentr\u00e9e scolaire 2026-2027 est annonc\u00e9e pour ce mardi 1er septembre 2026, sur l\u2019ensemble du territoire national de la R\u00e9publique d\u00e9mocratique du Congo. \u00c0 cette occasion, la ministre d\u2019\u00c9tat, ministre de l\u2019\u00c9ducation nationale et Nouvelle Citoyennet\u00e9, a adress\u00e9, ce lundi 31 ao\u00fbt, un message aux \u00e9l\u00e8ves, enseignants, parents et \u00e0 l\u2019ensemble de la communaut\u00e9 \u00e9ducative.\u200e\u200eReconnaissant\" \/>\n<meta property=\"og:url\" content=\"https:\/\/congo-actu.net\/index.php\/2026\/08\/31\/36991\/\" \/>\n<meta property=\"og:site_name\" content=\"Congo-actu.net\" \/>\n<meta property=\"article:published_time\" content=\"2026-08-31T12:22:34+00:00\" \/>\n<meta property=\"article:modified_time\" content=\"2026-08-31T12:24:19+00:00\" \/>\n<meta property=\"og:image\" content=\"https:\/\/congo-actu.net\/wp-content\/uploads\/2026\/08\/HLZ47MtWYAA0EL-.jpg\" \/>\n\t<meta property=\"og:image:width\" content=\"1280\" \/>\n\t<meta property=\"og:image:height\" content=\"852\" \/>\n\t<meta property=\"og:image:type\" content=\"image\/jpeg\" \/>\n<meta name=\"author\" content=\"Christian Ngeleka\" \/>\n<meta name=\"twitter:card\" content=\"summary_large_image\" \/>\n<meta name=\"twitter:label1\" content=\"\u00c9crit par\" \/>\n\t<meta name=\"twitter:data1\" content=\"Christian Ngeleka\" \/>\n\t<meta name=\"twitter:label2\" content=\"Dur\u00e9e de lecture estim\u00e9e\" \/>\n\t<meta name=\"twitter:data2\" content=\"2 minutes\" \/>\n<script type=\"application\/ld+json\" class=\"yoast-schema-graph\">{\"@context\":\"https:\\\/\\\/schema.org\",\"@graph\":[{\"@type\":\"Article\",\"@id\":\"https:\\\/\\\/congo-actu.net\\\/index.php\\\/2026\\\/08\\\/31\\\/36991\\\/#article\",\"isPartOf\":{\"@id\":\"https:\\\/\\\/congo-actu.net\\\/index.php\\\/2026\\\/08\\\/31\\\/36991\\\/\"},\"author\":{\"name\":\"Christian Ngeleka\",\"@id\":\"https:\\\/\\\/congo-actu.net\\\/#\\\/schema\\\/person\\\/8c4f2b5b4ccb9e9eb30b6fc9186af543\"},\"headline\":\"RDC : Ra\u00efssa Malu appelle \u00e0 une rentr\u00e9e scolaire 2026-2027 sous le signe de la discipline et de la pers\u00e9v\u00e9rance\u200e\",\"datePublished\":\"2026-08-31T12:22:34+00:00\",\"dateModified\":\"2026-08-31T12:24:19+00:00\",\"mainEntityOfPage\":{\"@id\":\"https:\\\/\\\/congo-actu.net\\\/index.php\\\/2026\\\/08\\\/31\\\/36991\\\/\"},\"wordCount\":398,\"image\":{\"@id\":\"https:\\\/\\\/congo-actu.net\\\/index.php\\\/2026\\\/08\\\/31\\\/36991\\\/#primaryimage\"},\"thumbnailUrl\":\"https:\\\/\\\/congo-actu.net\\\/wp-content\\\/uploads\\\/2026\\\/08\\\/HLZ47MtWYAA0EL-.jpg\",\"keywords\":[\"\u00c9ducation nationale et nouvelle citoyennet\u00e9\",\"Ra\u00efssa Malu\",\"RDC\",\"Rentr\u00e9e scolaire\",\"Rentr\u00e9e scolaire 2025-2026\",\"Rentr\u00e9e scolaire 2026-2027\"],\"articleSection\":[\"Education\"],\"inLanguage\":\"fr-FR\"},{\"@type\":\"WebPage\",\"@id\":\"https:\\\/\\\/congo-actu.net\\\/index.php\\\/2026\\\/08\\\/31\\\/36991\\\/\",\"url\":\"https:\\\/\\\/congo-actu.net\\\/index.php\\\/2026\\\/08\\\/31\\\/36991\\\/\",\"name\":\"RDC : Ra\u00efssa Malu appelle \u00e0 une rentr\u00e9e scolaire 2026-2027 sous le signe de la discipline et de la pers\u00e9v\u00e9rance\u200e - Congo-actu.net\",\"isPartOf\":{\"@id\":\"https:\\\/\\\/congo-actu.net\\\/#website\"},\"primaryImageOfPage\":{\"@id\":\"https:\\\/\\\/congo-actu.net\\\/index.php\\\/2026\\\/08\\\/31\\\/36991\\\/#primaryimage\"},\"image\":{\"@id\":\"https:\\\/\\\/congo-actu.net\\\/index.php\\\/2026\\\/08\\\/31\\\/36991\\\/#primaryimage\"},\"thumbnailUrl\":\"https:\\\/\\\/congo-actu.net\\\/wp-content\\\/uploads\\\/2026\\\/08\\\/HLZ47MtWYAA0EL-.jpg\",\"datePublished\":\"2026-08-31T12:22:34+00:00\",\"dateModified\":\"2026-08-31T12:24:19+00:00\",\"author\":{\"@id\":\"https:\\\/\\\/congo-actu.net\\\/#\\\/schema\\\/person\\\/8c4f2b5b4ccb9e9eb30b6fc9186af543\"},\"breadcrumb\":{\"@id\":\"https:\\\/\\\/congo-actu.net\\\/index.php\\\/2026\\\/08\\\/31\\\/36991\\\/#breadcrumb\"},\"inLanguage\":\"fr-FR\",\"potentialAction\":[{\"@type\":\"ReadAction\",\"target\":[\"https:\\\/\\\/congo-actu.net\\\/index.php\\\/2026\\\/08\\\/31\\\/36991\\\/\"]}]},{\"@type\":\"ImageObject\",\"inLanguage\":\"fr-FR\",\"@id\":\"https:\\\/\\\/congo-actu.net\\\/index.php\\\/2026\\\/08\\\/31\\\/36991\\\/#primaryimage\",\"url\":\"https:\\\/\\\/congo-actu.net\\\/wp-content\\\/uploads\\\/2026\\\/08\\\/HLZ47MtWYAA0EL-.jpg\",\"contentUrl\":\"https:\\\/\\\/congo-actu.net\\\/wp-content\\\/uploads\\\/2026\\\/08\\\/HLZ47MtWYAA0EL-.jpg\",\"width\":1280,\"height\":852},{\"@type\":\"BreadcrumbList\",\"@id\":\"https:\\\/\\\/congo-actu.net\\\/index.php\\\/2026\\\/08\\\/31\\\/36991\\\/#breadcrumb\",\"itemListElement\":[{\"@type\":\"ListItem\",\"position\":1,\"name\":\"Accueil\",\"item\":\"https:\\\/\\\/congo-actu.net\\\/\"},{\"@type\":\"ListItem\",\"position\":2,\"name\":\"RDC : Ra\u00efssa Malu appelle \u00e0 une rentr\u00e9e scolaire 2026-2027 sous le signe de la discipline et de la pers\u00e9v\u00e9rance\u200e\"}]},{\"@type\":\"WebSite\",\"@id\":\"https:\\\/\\\/congo-actu.net\\\/#website\",\"url\":\"https:\\\/\\\/congo-actu.net\\\/\",\"name\":\"Congo-actu.net\",\"description\":\"Les nouvelles de la RDC et d&#039;ailleurs en un clic\",\"potentialAction\":[{\"@type\":\"SearchAction\",\"target\":{\"@type\":\"EntryPoint\",\"urlTemplate\":\"https:\\\/\\\/congo-actu.net\\\/?s={search_term_string}\"},\"query-input\":{\"@type\":\"PropertyValueSpecification\",\"valueRequired\":true,\"valueName\":\"search_term_string\"}}],\"inLanguage\":\"fr-FR\"},{\"@type\":\"Person\",\"@id\":\"https:\\\/\\\/congo-actu.net\\\/#\\\/schema\\\/person\\\/8c4f2b5b4ccb9e9eb30b6fc9186af543\",\"name\":\"Christian Ngeleka\",\"image\":{\"@type\":\"ImageObject\",\"inLanguage\":\"fr-FR\",\"@id\":\"https:\\\/\\\/congo-actu.net\\\/wp-content\\\/litespeed\\\/avatar\\\/267570a50b37451de19a5339884f28c8.jpg?ver=1787985945\",\"url\":\"https:\\\/\\\/congo-actu.net\\\/wp-content\\\/litespeed\\\/avatar\\\/267570a50b37451de19a5339884f28c8.jpg?ver=1787985945\",\"contentUrl\":\"https:\\\/\\\/congo-actu.net\\\/wp-content\\\/litespeed\\\/avatar\\\/267570a50b37451de19a5339884f28c8.jpg?ver=1787985945\",\"caption\":\"Christian Ngeleka\"},\"url\":\"https:\\\/\\\/congo-actu.net\\\/index.php\\\/author\\\/chris-ngeleka\\\/\"}]}<\/script>\n<!-- \/ Yoast SEO plugin. -->","yoast_head_json":{"title":"RDC : Ra\u00efssa Malu appelle \u00e0 une rentr\u00e9e scolaire 2026-2027 sous le signe de la discipline et de la pers\u00e9v\u00e9rance\u200e - Congo-actu.net","robots":{"index":"index","follow":"follow","max-snippet":"max-snippet:-1","max-image-preview":"max-image-preview:large","max-video-preview":"max-video-preview:-1"},"canonical":"https:\/\/congo-actu.net\/index.php\/2026\/08\/31\/36991\/","og_locale":"fr_FR","og_type":"article","og_title":"RDC : Ra\u00efssa Malu appelle \u00e0 une rentr\u00e9e scolaire 2026-2027 sous le signe de la discipline et de la pers\u00e9v\u00e9rance\u200e - Congo-actu.net","og_description":"La rentr\u00e9e scolaire 2026-2027 est annonc\u00e9e pour ce mardi 1er septembre 2026, sur l\u2019ensemble du territoire national de la R\u00e9publique d\u00e9mocratique du Congo. \u00c0 cette occasion, la ministre d\u2019\u00c9tat, ministre de l\u2019\u00c9ducation nationale et Nouvelle Citoyennet\u00e9, a adress\u00e9, ce lundi 31 ao\u00fbt, un message aux \u00e9l\u00e8ves, enseignants, parents et \u00e0 l\u2019ensemble de la communaut\u00e9 \u00e9ducative.\u200e\u200eReconnaissant","og_url":"https:\/\/congo-actu.net\/index.php\/2026\/08\/31\/36991\/","og_site_name":"Congo-actu.net","article_published_time":"2026-08-31T12:22:34+00:00","article_modified_time":"2026-08-31T12:24:19+00:00","og_image":[{"width":1280,"height":852,"url":"https:\/\/congo-actu.net\/wp-content\/uploads\/2026\/08\/HLZ47MtWYAA0EL-.jpg","type":"image\/jpeg"}],"author":"Christian Ngeleka","twitter_card":"summary_large_image","twitter_misc":{"\u00c9crit par":"Christian Ngeleka","Dur\u00e9e de lecture estim\u00e9e":"2 minutes"},"schema":{"@context":"https:\/\/schema.org","@graph":[{"@type":"Article","@id":"https:\/\/congo-actu.net\/index.php\/2026\/08\/31\/36991\/#article","isPartOf":{"@id":"https:\/\/congo-actu.net\/index.php\/2026\/08\/31\/36991\/"},"author":{"name":"Christian Ngeleka","@id":"https:\/\/congo-actu.net\/#\/schema\/person\/8c4f2b5b4ccb9e9eb30b6fc9186af543"},"headline":"RDC : Ra\u00efssa Malu appelle \u00e0 une rentr\u00e9e scolaire 2026-2027 sous le signe de la discipline et de la pers\u00e9v\u00e9rance\u200e","datePublished":"2026-08-31T12:22:34+00:00","dateModified":"2026-08-31T12:24:19+00:00","mainEntityOfPage":{"@id":"https:\/\/congo-actu.net\/index.php\/2026\/08\/31\/36991\/"},"wordCount":398,"image":{"@id":"https:\/\/congo-actu.net\/index.php\/2026\/08\/31\/36991\/#primaryimage"},"thumbnailUrl":"https:\/\/congo-actu.net\/wp-content\/uploads\/2026\/08\/HLZ47MtWYAA0EL-.jpg","keywords":["\u00c9ducation nationale et nouvelle citoyennet\u00e9","Ra\u00efssa Malu","RDC","Rentr\u00e9e scolaire","Rentr\u00e9e scolaire 2025-2026","Rentr\u00e9e scolaire 2026-2027"],"articleSection":["Education"],"inLanguage":"fr-FR"},{"@type":"WebPage","@id":"https:\/\/congo-actu.net\/index.php\/2026\/08\/31\/36991\/","url":"https:\/\/congo-actu.net\/index.php\/2026\/08\/31\/36991\/","name":"RDC : Ra\u00efssa Malu appelle \u00e0 une rentr\u00e9e scolaire 2026-2027 sous le signe de la discipline et de la pers\u00e9v\u00e9rance\u200e - Congo-actu.net","isPartOf":{"@id":"https:\/\/congo-actu.net\/#website"},"primaryImageOfPage":{"@id":"https:\/\/congo-actu.net\/index.php\/2026\/08\/31\/36991\/#primaryimage"},"image":{"@id":"https:\/\/congo-actu.net\/index.php\/2026\/08\/31\/36991\/#primaryimage"},"thumbnailUrl":"https:\/\/congo-actu.net\/wp-content\/uploads\/2026\/08\/HLZ47MtWYAA0EL-.jpg","datePublished":"2026-08-31T12:22:34+00:00","dateModified":"2026-08-31T12:24:19+00:00","author":{"@id":"https:\/\/congo-actu.net\/#\/schema\/person\/8c4f2b5b4ccb9e9eb30b6fc9186af543"},"breadcrumb":{"@id":"https:\/\/congo-actu.net\/index.php\/2026\/08\/31\/36991\/#breadcrumb"},"inLanguage":"fr-FR","potentialAction":[{"@type":"ReadAction","target":["https:\/\/congo-actu.net\/index.php\/2026\/08\/31\/36991\/"]}]},{"@type":"ImageObject","inLanguage":"fr-FR","@id":"https:\/\/congo-actu.net\/index.php\/2026\/08\/31\/36991\/#primaryimage","url":"https:\/\/congo-actu.net\/wp-content\/uploads\/2026\/08\/HLZ47MtWYAA0EL-.jpg","contentUrl":"https:\/\/congo-actu.net\/wp-content\/uploads\/2026\/08\/HLZ47MtWYAA0EL-.jpg","width":1280,"height":852},{"@type":"BreadcrumbList","@id":"https:\/\/congo-actu.net\/index.php\/2026\/08\/31\/36991\/#breadcrumb","itemListElement":[{"@type":"ListItem","position":1,"name":"Accueil","item":"https:\/\/congo-actu.net\/"},{"@type":"ListItem","position":2,"name":"RDC : Ra\u00efssa Malu appelle \u00e0 une rentr\u00e9e scolaire 2026-2027 sous le signe de la discipline et de la pers\u00e9v\u00e9rance\u200e"}]},{"@type":"WebSite","@id":"https:\/\/congo-actu.net\/#website","url":"https:\/\/congo-actu.net\/","name":"Congo-actu.net","description":"Les nouvelles de la RDC et d&#039;ailleurs en un clic","potentialAction":[{"@type":"SearchAction","target":{"@type":"EntryPoint","urlTemplate":"https:\/\/congo-actu.net\/?s={search_term_string}"},"query-input":{"@type":"PropertyValueSpecification","valueRequired":true,"valueName":"search_term_string"}}],"inLanguage":"fr-FR"},{"@type":"Person","@id":"https:\/\/congo-actu.net\/#\/schema\/person\/8c4f2b5b4ccb9e9eb30b6fc9186af543","name":"Christian Ngeleka","image":{"@type":"ImageObject","inLanguage":"fr-FR","@id":"https:\/\/congo-actu.net\/wp-content\/litespeed\/avatar\/267570a50b37451de19a5339884f28c8.jpg?ver=1787985945","url":"https:\/\/congo-actu.net\/wp-content\/litespeed\/avatar\/267570a50b37451de19a5339884f28c8.jpg?ver=1787985945","contentUrl":"https:\/\/congo-actu.net\/wp-content\/litespeed\/avatar\/267570a50b37451de19a5339884f28c8.jpg?ver=1787985945","caption":"Christian Ngeleka"},"url":"https:\/\/congo-actu.net\/index.php\/author\/chris-ngeleka\/"}]}},"amp_enabled":true,"_links":{"self":[{"href":"https:\/\/congo-actu.net\/index.php\/wp-json\/wp\/v2\/posts\/36991","targetHints":{"allow":["GET"]}}],"collection":[{"href":"https:\/\/congo-actu.net\/index.php\/wp-json\/wp\/v2\/posts"}],"about":[{"href":"https:\/\/congo-actu.net\/index.php\/wp-json\/wp\/v2\/types\/post"}],"author":[{"embeddable":true,"href":"https:\/\/congo-actu.net\/index.php\/wp-json\/wp\/v2\/users\/2"}],"replies":[{"embeddable":true,"href":"https:\/\/congo-actu.net\/index.php\/wp-json\/wp\/v2\/comments?post=36991"}],"version-history":[{"count":2,"href":"https:\/\/congo-actu.net\/index.php\/wp-json\/wp\/v2\/posts\/36991\/revisions"}],"predecessor-version":[{"id":36996,"href":"https:\/\/congo-actu.net\/index.php\/wp-json\/wp\/v2\/posts\/36991\/revisions\/36996"}],"wp:featuredmedia":[{"embeddable":true,"href":"https:\/\/congo-actu.net\/index.php\/wp-json\/wp\/v2\/media\/36993"}],"wp:attachment":[{"href":"https:\/\/congo-actu.net\/index.php\/wp-json\/wp\/v2\/media?parent=36991"}],"wp:term":[{"taxonomy":"category","embeddable":true,"href":"https:\/\/congo-actu.net\/index.php\/wp-json\/wp\/v2\/categories?post=36991"},{"taxonomy":"post_tag","embeddable":true,"href":"https:\/\/congo-actu.net\/index.php\/wp-json\/wp\/v2\/tags?post=36991"}],"curies":[{"name":"wp","href":"https:\/\/api.w.org\/{rel}","templated":true}]}}