{"id":36997,"date":"2026-09-01T12:03:07","date_gmt":"2026-09-01T10:03:07","guid":{"rendered":"https:\/\/congo-actu.net\/?p=36997"},"modified":"2026-09-01T12:03:08","modified_gmt":"2026-09-01T10:03:08","slug":"rdc-denise-dusauchoy-transferee-a-kinshasa-apres-son-arrestation-en-tanzanie","status":"publish","type":"post","link":"https:\/\/congo-actu.net\/index.php\/2026\/09\/01\/rdc-denise-dusauchoy-transferee-a-kinshasa-apres-son-arrestation-en-tanzanie\/","title":{"rendered":"RDC : Denise Dusauchoy transf\u00e9r\u00e9e \u00e0 Kinshasa apr\u00e8s son arrestation en Tanzanie"},"content":{"rendered":"\n<p class=\"wp-block-paragraph\"><strong>Le minist\u00e8re de la Justice et Garde des Sceaux confirme l\u2019arrestation de Denise Dusauchoy en Tanzanie, dans le cadre de la coop\u00e9ration judiciaire internationale entre les deux pays. Selon le communiqu\u00e9 datant de ce lundi 31 ao\u00fbt \u00e0 Kinshasa, Denise Dusauchoy a \u00e9t\u00e9 arr\u00eat\u00e9e le 30 ao\u00fbt 2026 en R\u00e9publique-Unie de Tanzanie suite \u00e0 un mandat d\u2019arr\u00eat d\u00e9livr\u00e9 par les autorit\u00e9s judiciaires congolaises.<\/strong><\/p>\n\n\n\n<p class=\"wp-block-paragraph\">\u00ab\u00a0<em>Cette arrestation intervient apr\u00e8s des d\u00e9marches judiciaires engag\u00e9es par les autorit\u00e9s de la RDC dans le cadre de dossiers p\u00e9naux actuellement en instruction<\/em>\u00a0\u00bb, lit-on dans ce document.<\/p>\n\n\n\n<p class=\"wp-block-paragraph\">En outre, le minist\u00e8re de la Justice salue la collaboration des autorit\u00e9s tanzaniennes, qui a permis l\u2019ex\u00e9cution de la mesure judiciaire. Kinshasa rappelle que cette op\u00e9ration s\u2019inscrit dans la volont\u00e9 de la RDC de renforcer les m\u00e9canismes de coop\u00e9ration judiciaire internationale et de lutter contre l\u2019impunit\u00e9.<\/p>\n\n\n\n<p class=\"wp-block-paragraph\">\u00ab\u00a0<em>Le gouvernement congolais exprime ainsi sa reconnaissance aux autorit\u00e9s tanzaniennes pour leur collaboration et r\u00e9affirme son engagement \u00e0 approfondir la coop\u00e9ration judiciaire avec ses partenaires<\/em>\u00a0\u00bb, poursuit le ministre.<\/p>\n\n\n\n<p class=\"wp-block-paragraph\">Il sied de rappeler qu\u2019en octobre et novembre 2025, le procureur g\u00e9n\u00e9ral pr\u00e8s la Cour de cassation avait transmis aux autorit\u00e9s judiciaires belges trois commissions rogatoires internationales concernant des dossiers p\u00e9naux ouverts au parquet de grande instance de Kinshasa\/Gombe, impliquant notamment Denise Dusauchoy et d\u2019autres personnes.<\/p>\n\n\n\n<p class=\"wp-block-paragraph\">La concern\u00e9e est poursuivie pour son r\u00f4le dans la d\u00e9stabilisation du pays \u00e0 travers le mouvement rebelle soutenu par le Rwanda, AFC\/M23.<\/p>\n","protected":false},"excerpt":{"rendered":"<p>Le minist\u00e8re de la Justice et Garde des Sceaux confirme l\u2019arrestation de Denise Dusauchoy en Tanzanie, dans le cadre de la coop\u00e9ration judiciaire internationale entre les deux pays. Selon le communiqu\u00e9 datant de ce lundi 31 ao\u00fbt \u00e0 Kinshasa, Denise Dusauchoy a \u00e9t\u00e9 arr\u00eat\u00e9e le 30 ao\u00fbt 2026 en R\u00e9publique-Unie de Tanzanie suite \u00e0 un<\/p>\n","protected":false},"author":2,"featured_media":36999,"comment_status":"closed","ping_status":"closed","sticky":false,"template":"","format":"standard","meta":{"footnotes":""},"categories":[39],"tags":[8024,8532,721,93,1926],"class_list":["post-36997","post","type-post","status-publish","format-standard","has-post-thumbnail","category-justice","tag-denise-duchausoy","tag-denise-mukendi-dusauchoy","tag-kinshasa","tag-rdc","tag-tanzanie"],"yoast_head":"<!-- This site is optimized with the Yoast SEO plugin v28.2 - https:\/\/yoast.com\/product\/yoast-seo-wordpress\/ -->\n<title>RDC : Denise Dusauchoy transf\u00e9r\u00e9e \u00e0 Kinshasa apr\u00e8s son arrestation en Tanzanie - Congo-actu.net<\/title>\n<meta name=\"robots\" content=\"index, follow, max-snippet:-1, max-image-preview:large, max-video-preview:-1\" \/>\n<link rel=\"canonical\" href=\"https:\/\/congo-actu.net\/index.php\/2026\/09\/01\/rdc-denise-dusauchoy-transferee-a-kinshasa-apres-son-arrestation-en-tanzanie\/\" \/>\n<meta property=\"og:locale\" content=\"fr_FR\" \/>\n<meta property=\"og:type\" content=\"article\" \/>\n<meta property=\"og:title\" content=\"RDC : Denise Dusauchoy transf\u00e9r\u00e9e \u00e0 Kinshasa apr\u00e8s son arrestation en Tanzanie - Congo-actu.net\" \/>\n<meta property=\"og:description\" content=\"Le minist\u00e8re de la Justice et Garde des Sceaux confirme l\u2019arrestation de Denise Dusauchoy en Tanzanie, dans le cadre de la coop\u00e9ration judiciaire internationale entre les deux pays. Selon le communiqu\u00e9 datant de ce lundi 31 ao\u00fbt \u00e0 Kinshasa, Denise Dusauchoy a \u00e9t\u00e9 arr\u00eat\u00e9e le 30 ao\u00fbt 2026 en R\u00e9publique-Unie de Tanzanie suite \u00e0 un\" \/>\n<meta property=\"og:url\" content=\"https:\/\/congo-actu.net\/index.php\/2026\/09\/01\/rdc-denise-dusauchoy-transferee-a-kinshasa-apres-son-arrestation-en-tanzanie\/\" \/>\n<meta property=\"og:site_name\" content=\"Congo-actu.net\" \/>\n<meta property=\"article:published_time\" content=\"2026-09-01T10:03:07+00:00\" \/>\n<meta property=\"article:modified_time\" content=\"2026-09-01T10:03:08+00:00\" \/>\n<meta property=\"og:image\" content=\"https:\/\/congo-actu.net\/wp-content\/uploads\/2026\/09\/IMG-20260901-WA0000.jpg\" \/>\n\t<meta property=\"og:image:width\" content=\"840\" \/>\n\t<meta property=\"og:image:height\" content=\"566\" \/>\n\t<meta property=\"og:image:type\" content=\"image\/jpeg\" \/>\n<meta name=\"author\" content=\"Christian Ngeleka\" \/>\n<meta name=\"twitter:card\" content=\"summary_large_image\" \/>\n<meta name=\"twitter:label1\" content=\"\u00c9crit par\" \/>\n\t<meta name=\"twitter:data1\" content=\"Christian Ngeleka\" \/>\n\t<meta name=\"twitter:label2\" content=\"Dur\u00e9e de lecture estim\u00e9e\" \/>\n\t<meta name=\"twitter:data2\" content=\"2 minutes\" \/>\n<script type=\"application\/ld+json\" class=\"yoast-schema-graph\">{\"@context\":\"https:\\\/\\\/schema.org\",\"@graph\":[{\"@type\":\"Article\",\"@id\":\"https:\\\/\\\/congo-actu.net\\\/index.php\\\/2026\\\/09\\\/01\\\/rdc-denise-dusauchoy-transferee-a-kinshasa-apres-son-arrestation-en-tanzanie\\\/#article\",\"isPartOf\":{\"@id\":\"https:\\\/\\\/congo-actu.net\\\/index.php\\\/2026\\\/09\\\/01\\\/rdc-denise-dusauchoy-transferee-a-kinshasa-apres-son-arrestation-en-tanzanie\\\/\"},\"author\":{\"name\":\"Christian Ngeleka\",\"@id\":\"https:\\\/\\\/congo-actu.net\\\/#\\\/schema\\\/person\\\/8c4f2b5b4ccb9e9eb30b6fc9186af543\"},\"headline\":\"RDC : Denise Dusauchoy transf\u00e9r\u00e9e \u00e0 Kinshasa apr\u00e8s son arrestation en Tanzanie\",\"datePublished\":\"2026-09-01T10:03:07+00:00\",\"dateModified\":\"2026-09-01T10:03:08+00:00\",\"mainEntityOfPage\":{\"@id\":\"https:\\\/\\\/congo-actu.net\\\/index.php\\\/2026\\\/09\\\/01\\\/rdc-denise-dusauchoy-transferee-a-kinshasa-apres-son-arrestation-en-tanzanie\\\/\"},\"wordCount\":278,\"image\":{\"@id\":\"https:\\\/\\\/congo-actu.net\\\/index.php\\\/2026\\\/09\\\/01\\\/rdc-denise-dusauchoy-transferee-a-kinshasa-apres-son-arrestation-en-tanzanie\\\/#primaryimage\"},\"thumbnailUrl\":\"https:\\\/\\\/congo-actu.net\\\/wp-content\\\/uploads\\\/2026\\\/09\\\/IMG-20260901-WA0000.jpg\",\"keywords\":[\"Denise Duchausoy\",\"Denise Mukendi Dusauchoy\",\"Kinshasa\",\"RDC\",\"Tanzanie\"],\"articleSection\":[\"Justice\"],\"inLanguage\":\"fr-FR\"},{\"@type\":\"WebPage\",\"@id\":\"https:\\\/\\\/congo-actu.net\\\/index.php\\\/2026\\\/09\\\/01\\\/rdc-denise-dusauchoy-transferee-a-kinshasa-apres-son-arrestation-en-tanzanie\\\/\",\"url\":\"https:\\\/\\\/congo-actu.net\\\/index.php\\\/2026\\\/09\\\/01\\\/rdc-denise-dusauchoy-transferee-a-kinshasa-apres-son-arrestation-en-tanzanie\\\/\",\"name\":\"RDC : Denise Dusauchoy transf\u00e9r\u00e9e \u00e0 Kinshasa apr\u00e8s son arrestation en Tanzanie - Congo-actu.net\",\"isPartOf\":{\"@id\":\"https:\\\/\\\/congo-actu.net\\\/#website\"},\"primaryImageOfPage\":{\"@id\":\"https:\\\/\\\/congo-actu.net\\\/index.php\\\/2026\\\/09\\\/01\\\/rdc-denise-dusauchoy-transferee-a-kinshasa-apres-son-arrestation-en-tanzanie\\\/#primaryimage\"},\"image\":{\"@id\":\"https:\\\/\\\/congo-actu.net\\\/index.php\\\/2026\\\/09\\\/01\\\/rdc-denise-dusauchoy-transferee-a-kinshasa-apres-son-arrestation-en-tanzanie\\\/#primaryimage\"},\"thumbnailUrl\":\"https:\\\/\\\/congo-actu.net\\\/wp-content\\\/uploads\\\/2026\\\/09\\\/IMG-20260901-WA0000.jpg\",\"datePublished\":\"2026-09-01T10:03:07+00:00\",\"dateModified\":\"2026-09-01T10:03:08+00:00\",\"author\":{\"@id\":\"https:\\\/\\\/congo-actu.net\\\/#\\\/schema\\\/person\\\/8c4f2b5b4ccb9e9eb30b6fc9186af543\"},\"breadcrumb\":{\"@id\":\"https:\\\/\\\/congo-actu.net\\\/index.php\\\/2026\\\/09\\\/01\\\/rdc-denise-dusauchoy-transferee-a-kinshasa-apres-son-arrestation-en-tanzanie\\\/#breadcrumb\"},\"inLanguage\":\"fr-FR\",\"potentialAction\":[{\"@type\":\"ReadAction\",\"target\":[\"https:\\\/\\\/congo-actu.net\\\/index.php\\\/2026\\\/09\\\/01\\\/rdc-denise-dusauchoy-transferee-a-kinshasa-apres-son-arrestation-en-tanzanie\\\/\"]}]},{\"@type\":\"ImageObject\",\"inLanguage\":\"fr-FR\",\"@id\":\"https:\\\/\\\/congo-actu.net\\\/index.php\\\/2026\\\/09\\\/01\\\/rdc-denise-dusauchoy-transferee-a-kinshasa-apres-son-arrestation-en-tanzanie\\\/#primaryimage\",\"url\":\"https:\\\/\\\/congo-actu.net\\\/wp-content\\\/uploads\\\/2026\\\/09\\\/IMG-20260901-WA0000.jpg\",\"contentUrl\":\"https:\\\/\\\/congo-actu.net\\\/wp-content\\\/uploads\\\/2026\\\/09\\\/IMG-20260901-WA0000.jpg\",\"width\":840,\"height\":566},{\"@type\":\"BreadcrumbList\",\"@id\":\"https:\\\/\\\/congo-actu.net\\\/index.php\\\/2026\\\/09\\\/01\\\/rdc-denise-dusauchoy-transferee-a-kinshasa-apres-son-arrestation-en-tanzanie\\\/#breadcrumb\",\"itemListElement\":[{\"@type\":\"ListItem\",\"position\":1,\"name\":\"Accueil\",\"item\":\"https:\\\/\\\/congo-actu.net\\\/\"},{\"@type\":\"ListItem\",\"position\":2,\"name\":\"RDC : Denise Dusauchoy transf\u00e9r\u00e9e \u00e0 Kinshasa apr\u00e8s son arrestation en Tanzanie\"}]},{\"@type\":\"WebSite\",\"@id\":\"https:\\\/\\\/congo-actu.net\\\/#website\",\"url\":\"https:\\\/\\\/congo-actu.net\\\/\",\"name\":\"Congo-actu.net\",\"description\":\"Les nouvelles de la RDC et d&#039;ailleurs en un clic\",\"potentialAction\":[{\"@type\":\"SearchAction\",\"target\":{\"@type\":\"EntryPoint\",\"urlTemplate\":\"https:\\\/\\\/congo-actu.net\\\/?s={search_term_string}\"},\"query-input\":{\"@type\":\"PropertyValueSpecification\",\"valueRequired\":true,\"valueName\":\"search_term_string\"}}],\"inLanguage\":\"fr-FR\"},{\"@type\":\"Person\",\"@id\":\"https:\\\/\\\/congo-actu.net\\\/#\\\/schema\\\/person\\\/8c4f2b5b4ccb9e9eb30b6fc9186af543\",\"name\":\"Christian Ngeleka\",\"image\":{\"@type\":\"ImageObject\",\"inLanguage\":\"fr-FR\",\"@id\":\"https:\\\/\\\/congo-actu.net\\\/wp-content\\\/litespeed\\\/avatar\\\/267570a50b37451de19a5339884f28c8.jpg?ver=1787985945\",\"url\":\"https:\\\/\\\/congo-actu.net\\\/wp-content\\\/litespeed\\\/avatar\\\/267570a50b37451de19a5339884f28c8.jpg?ver=1787985945\",\"contentUrl\":\"https:\\\/\\\/congo-actu.net\\\/wp-content\\\/litespeed\\\/avatar\\\/267570a50b37451de19a5339884f28c8.jpg?ver=1787985945\",\"caption\":\"Christian Ngeleka\"},\"url\":\"https:\\\/\\\/congo-actu.net\\\/index.php\\\/author\\\/chris-ngeleka\\\/\"}]}<\/script>\n<!-- \/ Yoast SEO plugin. -->","yoast_head_json":{"title":"RDC : Denise Dusauchoy transf\u00e9r\u00e9e \u00e0 Kinshasa apr\u00e8s son arrestation en Tanzanie - Congo-actu.net","robots":{"index":"index","follow":"follow","max-snippet":"max-snippet:-1","max-image-preview":"max-image-preview:large","max-video-preview":"max-video-preview:-1"},"canonical":"https:\/\/congo-actu.net\/index.php\/2026\/09\/01\/rdc-denise-dusauchoy-transferee-a-kinshasa-apres-son-arrestation-en-tanzanie\/","og_locale":"fr_FR","og_type":"article","og_title":"RDC : Denise Dusauchoy transf\u00e9r\u00e9e \u00e0 Kinshasa apr\u00e8s son arrestation en Tanzanie - Congo-actu.net","og_description":"Le minist\u00e8re de la Justice et Garde des Sceaux confirme l\u2019arrestation de Denise Dusauchoy en Tanzanie, dans le cadre de la coop\u00e9ration judiciaire internationale entre les deux pays. Selon le communiqu\u00e9 datant de ce lundi 31 ao\u00fbt \u00e0 Kinshasa, Denise Dusauchoy a \u00e9t\u00e9 arr\u00eat\u00e9e le 30 ao\u00fbt 2026 en R\u00e9publique-Unie de Tanzanie suite \u00e0 un","og_url":"https:\/\/congo-actu.net\/index.php\/2026\/09\/01\/rdc-denise-dusauchoy-transferee-a-kinshasa-apres-son-arrestation-en-tanzanie\/","og_site_name":"Congo-actu.net","article_published_time":"2026-09-01T10:03:07+00:00","article_modified_time":"2026-09-01T10:03:08+00:00","og_image":[{"width":840,"height":566,"url":"https:\/\/congo-actu.net\/wp-content\/uploads\/2026\/09\/IMG-20260901-WA0000.jpg","type":"image\/jpeg"}],"author":"Christian Ngeleka","twitter_card":"summary_large_image","twitter_misc":{"\u00c9crit par":"Christian Ngeleka","Dur\u00e9e de lecture estim\u00e9e":"2 minutes"},"schema":{"@context":"https:\/\/schema.org","@graph":[{"@type":"Article","@id":"https:\/\/congo-actu.net\/index.php\/2026\/09\/01\/rdc-denise-dusauchoy-transferee-a-kinshasa-apres-son-arrestation-en-tanzanie\/#article","isPartOf":{"@id":"https:\/\/congo-actu.net\/index.php\/2026\/09\/01\/rdc-denise-dusauchoy-transferee-a-kinshasa-apres-son-arrestation-en-tanzanie\/"},"author":{"name":"Christian Ngeleka","@id":"https:\/\/congo-actu.net\/#\/schema\/person\/8c4f2b5b4ccb9e9eb30b6fc9186af543"},"headline":"RDC : Denise Dusauchoy transf\u00e9r\u00e9e \u00e0 Kinshasa apr\u00e8s son arrestation en Tanzanie","datePublished":"2026-09-01T10:03:07+00:00","dateModified":"2026-09-01T10:03:08+00:00","mainEntityOfPage":{"@id":"https:\/\/congo-actu.net\/index.php\/2026\/09\/01\/rdc-denise-dusauchoy-transferee-a-kinshasa-apres-son-arrestation-en-tanzanie\/"},"wordCount":278,"image":{"@id":"https:\/\/congo-actu.net\/index.php\/2026\/09\/01\/rdc-denise-dusauchoy-transferee-a-kinshasa-apres-son-arrestation-en-tanzanie\/#primaryimage"},"thumbnailUrl":"https:\/\/congo-actu.net\/wp-content\/uploads\/2026\/09\/IMG-20260901-WA0000.jpg","keywords":["Denise Duchausoy","Denise Mukendi Dusauchoy","Kinshasa","RDC","Tanzanie"],"articleSection":["Justice"],"inLanguage":"fr-FR"},{"@type":"WebPage","@id":"https:\/\/congo-actu.net\/index.php\/2026\/09\/01\/rdc-denise-dusauchoy-transferee-a-kinshasa-apres-son-arrestation-en-tanzanie\/","url":"https:\/\/congo-actu.net\/index.php\/2026\/09\/01\/rdc-denise-dusauchoy-transferee-a-kinshasa-apres-son-arrestation-en-tanzanie\/","name":"RDC : Denise Dusauchoy transf\u00e9r\u00e9e \u00e0 Kinshasa apr\u00e8s son arrestation en Tanzanie - Congo-actu.net","isPartOf":{"@id":"https:\/\/congo-actu.net\/#website"},"primaryImageOfPage":{"@id":"https:\/\/congo-actu.net\/index.php\/2026\/09\/01\/rdc-denise-dusauchoy-transferee-a-kinshasa-apres-son-arrestation-en-tanzanie\/#primaryimage"},"image":{"@id":"https:\/\/congo-actu.net\/index.php\/2026\/09\/01\/rdc-denise-dusauchoy-transferee-a-kinshasa-apres-son-arrestation-en-tanzanie\/#primaryimage"},"thumbnailUrl":"https:\/\/congo-actu.net\/wp-content\/uploads\/2026\/09\/IMG-20260901-WA0000.jpg","datePublished":"2026-09-01T10:03:07+00:00","dateModified":"2026-09-01T10:03:08+00:00","author":{"@id":"https:\/\/congo-actu.net\/#\/schema\/person\/8c4f2b5b4ccb9e9eb30b6fc9186af543"},"breadcrumb":{"@id":"https:\/\/congo-actu.net\/index.php\/2026\/09\/01\/rdc-denise-dusauchoy-transferee-a-kinshasa-apres-son-arrestation-en-tanzanie\/#breadcrumb"},"inLanguage":"fr-FR","potentialAction":[{"@type":"ReadAction","target":["https:\/\/congo-actu.net\/index.php\/2026\/09\/01\/rdc-denise-dusauchoy-transferee-a-kinshasa-apres-son-arrestation-en-tanzanie\/"]}]},{"@type":"ImageObject","inLanguage":"fr-FR","@id":"https:\/\/congo-actu.net\/index.php\/2026\/09\/01\/rdc-denise-dusauchoy-transferee-a-kinshasa-apres-son-arrestation-en-tanzanie\/#primaryimage","url":"https:\/\/congo-actu.net\/wp-content\/uploads\/2026\/09\/IMG-20260901-WA0000.jpg","contentUrl":"https:\/\/congo-actu.net\/wp-content\/uploads\/2026\/09\/IMG-20260901-WA0000.jpg","width":840,"height":566},{"@type":"BreadcrumbList","@id":"https:\/\/congo-actu.net\/index.php\/2026\/09\/01\/rdc-denise-dusauchoy-transferee-a-kinshasa-apres-son-arrestation-en-tanzanie\/#breadcrumb","itemListElement":[{"@type":"ListItem","position":1,"name":"Accueil","item":"https:\/\/congo-actu.net\/"},{"@type":"ListItem","position":2,"name":"RDC : Denise Dusauchoy transf\u00e9r\u00e9e \u00e0 Kinshasa apr\u00e8s son arrestation en Tanzanie"}]},{"@type":"WebSite","@id":"https:\/\/congo-actu.net\/#website","url":"https:\/\/congo-actu.net\/","name":"Congo-actu.net","description":"Les nouvelles de la RDC et d&#039;ailleurs en un clic","potentialAction":[{"@type":"SearchAction","target":{"@type":"EntryPoint","urlTemplate":"https:\/\/congo-actu.net\/?s={search_term_string}"},"query-input":{"@type":"PropertyValueSpecification","valueRequired":true,"valueName":"search_term_string"}}],"inLanguage":"fr-FR"},{"@type":"Person","@id":"https:\/\/congo-actu.net\/#\/schema\/person\/8c4f2b5b4ccb9e9eb30b6fc9186af543","name":"Christian Ngeleka","image":{"@type":"ImageObject","inLanguage":"fr-FR","@id":"https:\/\/congo-actu.net\/wp-content\/litespeed\/avatar\/267570a50b37451de19a5339884f28c8.jpg?ver=1787985945","url":"https:\/\/congo-actu.net\/wp-content\/litespeed\/avatar\/267570a50b37451de19a5339884f28c8.jpg?ver=1787985945","contentUrl":"https:\/\/congo-actu.net\/wp-content\/litespeed\/avatar\/267570a50b37451de19a5339884f28c8.jpg?ver=1787985945","caption":"Christian Ngeleka"},"url":"https:\/\/congo-actu.net\/index.php\/author\/chris-ngeleka\/"}]}},"amp_enabled":true,"_links":{"self":[{"href":"https:\/\/congo-actu.net\/index.php\/wp-json\/wp\/v2\/posts\/36997","targetHints":{"allow":["GET"]}}],"collection":[{"href":"https:\/\/congo-actu.net\/index.php\/wp-json\/wp\/v2\/posts"}],"about":[{"href":"https:\/\/congo-actu.net\/index.php\/wp-json\/wp\/v2\/types\/post"}],"author":[{"embeddable":true,"href":"https:\/\/congo-actu.net\/index.php\/wp-json\/wp\/v2\/users\/2"}],"replies":[{"embeddable":true,"href":"https:\/\/congo-actu.net\/index.php\/wp-json\/wp\/v2\/comments?post=36997"}],"version-history":[{"count":1,"href":"https:\/\/congo-actu.net\/index.php\/wp-json\/wp\/v2\/posts\/36997\/revisions"}],"predecessor-version":[{"id":37000,"href":"https:\/\/congo-actu.net\/index.php\/wp-json\/wp\/v2\/posts\/36997\/revisions\/37000"}],"wp:featuredmedia":[{"embeddable":true,"href":"https:\/\/congo-actu.net\/index.php\/wp-json\/wp\/v2\/media\/36999"}],"wp:attachment":[{"href":"https:\/\/congo-actu.net\/index.php\/wp-json\/wp\/v2\/media?parent=36997"}],"wp:term":[{"taxonomy":"category","embeddable":true,"href":"https:\/\/congo-actu.net\/index.php\/wp-json\/wp\/v2\/categories?post=36997"},{"taxonomy":"post_tag","embeddable":true,"href":"https:\/\/congo-actu.net\/index.php\/wp-json\/wp\/v2\/tags?post=36997"}],"curies":[{"name":"wp","href":"https:\/\/api.w.org\/{rel}","templated":true}]}}