{"id":37003,"date":"2026-09-01T13:14:12","date_gmt":"2026-09-01T11:14:12","guid":{"rendered":"https:\/\/congo-actu.net\/?p=37003"},"modified":"2026-09-01T13:15:59","modified_gmt":"2026-09-01T11:15:59","slug":"rdc-lancement-officiel-de-lannee-scolaire-2026-2027","status":"publish","type":"post","link":"https:\/\/congo-actu.net\/index.php\/2026\/09\/01\/rdc-lancement-officiel-de-lannee-scolaire-2026-2027\/","title":{"rendered":"RDC : Lancement officiel de l\u2019ann\u00e9e scolaire 2026-2027"},"content":{"rendered":"\n<p class=\"wp-block-paragraph\"><strong>L\u2019ann\u00e9e scolaire 2026-2027 a \u00e9t\u00e9 officiellement lanc\u00e9e ce mardi 1er septembre en R\u00e9publique d\u00e9mocratique du Congo (RDC). Le go a \u00e9t\u00e9 donn\u00e9 par la ministre d\u2019\u00c9tat, ministre de l\u2019\u00c9ducation nationale et Nouvelle Citoyennet\u00e9 (MINEDU-NC), Ra\u00efssa Malu, au cours d\u2019une c\u00e9r\u00e9monie organis\u00e9e dans les \u00e9tablissements scolaires EP1 N\u2019Sele et l\u2019Institut technique agricole et v\u00e9t\u00e9rinaire de N\u2019Sele (ITAV\/N\u2019Sele), \u00e0 Kinshasa.<\/strong><\/p>\n\n\n\n<p class=\"wp-block-paragraph\">Dans son allocution, Ra\u00efssa Malu a appel\u00e9 les parents, les enseignants et le gouvernement \u00e0 jouer pleinement leurs r\u00f4les respectifs afin de garantir une ann\u00e9e scolaire r\u00e9ussie.<\/p>\n\n\n\n<p class=\"wp-block-paragraph\">\u00ab <em>Chers enseignants, je connais l\u2019importance de votre mission et les difficult\u00e9s auxquelles beaucoup d\u2019entre vous restent confront\u00e9s. Le gouvernement poursuivra le travail engag\u00e9 pour am\u00e9liorer et s\u00e9curiser les conditions sociales. De votre c\u00f4t\u00e9, je vous demande de placer l\u2019\u00e9l\u00e8ve au centre de votre mission, d\u2019\u00eatre pr\u00e9sents dans vos classes, d\u2019enseigner avec exigence, de respecter l\u2019\u00e9thique de votre profession et de veiller effectivement \u00e0 ce que les enfants apprennent<\/em> \u00bb, a-t-elle d\u00e9clar\u00e9.<\/p>\n\n\n\n<p class=\"wp-block-paragraph\">Dans le cadre de l\u2019am\u00e9lioration des conditions d\u2019apprentissage, la ministre a \u00e9galement annonc\u00e9 le d\u00e9ploiement de 73 cantines scolaires \u00e0 travers le pays.<\/p>\n\n\n\n<p class=\"wp-block-paragraph\">\u00ab <em>Nous lan\u00e7ons \u00e9galement 78 cantines scolaires pilotes, soit trois par province, ainsi que les Clubs de veille citoyenne, pour am\u00e9liorer les conditions d\u2019apprentissage et faire vivre les valeurs de civisme, de patriotisme et de respect du bien commun<\/em> \u00bb, a-t-elle annonc\u00e9.<\/p>\n\n\n\n<p class=\"wp-block-paragraph\">Il sied de noter que la rentr\u00e9e scolaire est effective dans plusieurs provinces du pays. Alors que la R\u00e9publique d\u00e9mocratique du Congo fait face \u00e0 une \u00e9pid\u00e9mie de maladie \u00e0 virus Ebola, le renforcement des mesures sanitaires est pr\u00e9vu. Un l\u00e9ger dispositif d\u2019enseignement \u00e0 distance est \u00e9galement mis en place afin d\u2019assurer la continuit\u00e9 des apprentissages dans les zones concern\u00e9es.<\/p>\n","protected":false},"excerpt":{"rendered":"<p>L\u2019ann\u00e9e scolaire 2026-2027 a \u00e9t\u00e9 officiellement lanc\u00e9e ce mardi 1er septembre en R\u00e9publique d\u00e9mocratique du Congo (RDC). Le go a \u00e9t\u00e9 donn\u00e9 par la ministre d\u2019\u00c9tat, ministre de l\u2019\u00c9ducation nationale et Nouvelle Citoyennet\u00e9 (MINEDU-NC), Ra\u00efssa Malu, au cours d\u2019une c\u00e9r\u00e9monie organis\u00e9e dans les \u00e9tablissements scolaires EP1 N\u2019Sele et l\u2019Institut technique agricole et v\u00e9t\u00e9rinaire de N\u2019Sele<\/p>\n","protected":false},"author":9,"featured_media":37005,"comment_status":"closed","ping_status":"closed","sticky":false,"template":"","format":"standard","meta":{"footnotes":""},"categories":[37],"tags":[3766,721,93,1611,9572],"class_list":["post-37003","post","type-post","status-publish","format-standard","has-post-thumbnail","category-education","tag-ecoles","tag-kinshasa","tag-rdc","tag-rentree-scolaire","tag-rentree-scolaire-2026-2027"],"yoast_head":"<!-- This site is optimized with the Yoast SEO plugin v28.2 - https:\/\/yoast.com\/product\/yoast-seo-wordpress\/ -->\n<title>RDC : Lancement officiel de l\u2019ann\u00e9e scolaire 2026-2027 - Congo-actu.net<\/title>\n<meta name=\"robots\" content=\"index, follow, max-snippet:-1, max-image-preview:large, max-video-preview:-1\" \/>\n<link rel=\"canonical\" href=\"https:\/\/congo-actu.net\/index.php\/2026\/09\/01\/rdc-lancement-officiel-de-lannee-scolaire-2026-2027\/\" \/>\n<meta property=\"og:locale\" content=\"fr_FR\" \/>\n<meta property=\"og:type\" content=\"article\" \/>\n<meta property=\"og:title\" content=\"RDC : Lancement officiel de l\u2019ann\u00e9e scolaire 2026-2027 - Congo-actu.net\" \/>\n<meta property=\"og:description\" content=\"L\u2019ann\u00e9e scolaire 2026-2027 a \u00e9t\u00e9 officiellement lanc\u00e9e ce mardi 1er septembre en R\u00e9publique d\u00e9mocratique du Congo (RDC). Le go a \u00e9t\u00e9 donn\u00e9 par la ministre d\u2019\u00c9tat, ministre de l\u2019\u00c9ducation nationale et Nouvelle Citoyennet\u00e9 (MINEDU-NC), Ra\u00efssa Malu, au cours d\u2019une c\u00e9r\u00e9monie organis\u00e9e dans les \u00e9tablissements scolaires EP1 N\u2019Sele et l\u2019Institut technique agricole et v\u00e9t\u00e9rinaire de N\u2019Sele\" \/>\n<meta property=\"og:url\" content=\"https:\/\/congo-actu.net\/index.php\/2026\/09\/01\/rdc-lancement-officiel-de-lannee-scolaire-2026-2027\/\" \/>\n<meta property=\"og:site_name\" content=\"Congo-actu.net\" \/>\n<meta property=\"article:published_time\" content=\"2026-09-01T11:14:12+00:00\" \/>\n<meta property=\"article:modified_time\" content=\"2026-09-01T11:15:59+00:00\" \/>\n<meta property=\"og:image\" content=\"https:\/\/congo-actu.net\/wp-content\/uploads\/2026\/09\/IMG-20260901-WA0002.jpg\" \/>\n\t<meta property=\"og:image:width\" content=\"1280\" \/>\n\t<meta property=\"og:image:height\" content=\"854\" \/>\n\t<meta property=\"og:image:type\" content=\"image\/jpeg\" \/>\n<meta name=\"author\" content=\"Serge Nkaya\" \/>\n<meta name=\"twitter:card\" content=\"summary_large_image\" \/>\n<meta name=\"twitter:label1\" content=\"\u00c9crit par\" \/>\n\t<meta name=\"twitter:data1\" content=\"Serge Nkaya\" \/>\n\t<meta name=\"twitter:label2\" content=\"Dur\u00e9e de lecture estim\u00e9e\" \/>\n\t<meta name=\"twitter:data2\" content=\"2 minutes\" \/>\n<script type=\"application\/ld+json\" class=\"yoast-schema-graph\">{\"@context\":\"https:\\\/\\\/schema.org\",\"@graph\":[{\"@type\":\"Article\",\"@id\":\"https:\\\/\\\/congo-actu.net\\\/index.php\\\/2026\\\/09\\\/01\\\/rdc-lancement-officiel-de-lannee-scolaire-2026-2027\\\/#article\",\"isPartOf\":{\"@id\":\"https:\\\/\\\/congo-actu.net\\\/index.php\\\/2026\\\/09\\\/01\\\/rdc-lancement-officiel-de-lannee-scolaire-2026-2027\\\/\"},\"author\":{\"name\":\"Serge Nkaya\",\"@id\":\"https:\\\/\\\/congo-actu.net\\\/#\\\/schema\\\/person\\\/b364ce7f34c3e772c5bdd94193b0fe01\"},\"headline\":\"RDC : Lancement officiel de l\u2019ann\u00e9e scolaire 2026-2027\",\"datePublished\":\"2026-09-01T11:14:12+00:00\",\"dateModified\":\"2026-09-01T11:15:59+00:00\",\"mainEntityOfPage\":{\"@id\":\"https:\\\/\\\/congo-actu.net\\\/index.php\\\/2026\\\/09\\\/01\\\/rdc-lancement-officiel-de-lannee-scolaire-2026-2027\\\/\"},\"wordCount\":331,\"image\":{\"@id\":\"https:\\\/\\\/congo-actu.net\\\/index.php\\\/2026\\\/09\\\/01\\\/rdc-lancement-officiel-de-lannee-scolaire-2026-2027\\\/#primaryimage\"},\"thumbnailUrl\":\"https:\\\/\\\/congo-actu.net\\\/wp-content\\\/uploads\\\/2026\\\/09\\\/IMG-20260901-WA0002.jpg\",\"keywords\":[\"\u00c9coles\",\"Kinshasa\",\"RDC\",\"Rentr\u00e9e scolaire\",\"Rentr\u00e9e scolaire 2026-2027\"],\"articleSection\":[\"Education\"],\"inLanguage\":\"fr-FR\"},{\"@type\":\"WebPage\",\"@id\":\"https:\\\/\\\/congo-actu.net\\\/index.php\\\/2026\\\/09\\\/01\\\/rdc-lancement-officiel-de-lannee-scolaire-2026-2027\\\/\",\"url\":\"https:\\\/\\\/congo-actu.net\\\/index.php\\\/2026\\\/09\\\/01\\\/rdc-lancement-officiel-de-lannee-scolaire-2026-2027\\\/\",\"name\":\"RDC : Lancement officiel de l\u2019ann\u00e9e scolaire 2026-2027 - Congo-actu.net\",\"isPartOf\":{\"@id\":\"https:\\\/\\\/congo-actu.net\\\/#website\"},\"primaryImageOfPage\":{\"@id\":\"https:\\\/\\\/congo-actu.net\\\/index.php\\\/2026\\\/09\\\/01\\\/rdc-lancement-officiel-de-lannee-scolaire-2026-2027\\\/#primaryimage\"},\"image\":{\"@id\":\"https:\\\/\\\/congo-actu.net\\\/index.php\\\/2026\\\/09\\\/01\\\/rdc-lancement-officiel-de-lannee-scolaire-2026-2027\\\/#primaryimage\"},\"thumbnailUrl\":\"https:\\\/\\\/congo-actu.net\\\/wp-content\\\/uploads\\\/2026\\\/09\\\/IMG-20260901-WA0002.jpg\",\"datePublished\":\"2026-09-01T11:14:12+00:00\",\"dateModified\":\"2026-09-01T11:15:59+00:00\",\"author\":{\"@id\":\"https:\\\/\\\/congo-actu.net\\\/#\\\/schema\\\/person\\\/b364ce7f34c3e772c5bdd94193b0fe01\"},\"breadcrumb\":{\"@id\":\"https:\\\/\\\/congo-actu.net\\\/index.php\\\/2026\\\/09\\\/01\\\/rdc-lancement-officiel-de-lannee-scolaire-2026-2027\\\/#breadcrumb\"},\"inLanguage\":\"fr-FR\",\"potentialAction\":[{\"@type\":\"ReadAction\",\"target\":[\"https:\\\/\\\/congo-actu.net\\\/index.php\\\/2026\\\/09\\\/01\\\/rdc-lancement-officiel-de-lannee-scolaire-2026-2027\\\/\"]}]},{\"@type\":\"ImageObject\",\"inLanguage\":\"fr-FR\",\"@id\":\"https:\\\/\\\/congo-actu.net\\\/index.php\\\/2026\\\/09\\\/01\\\/rdc-lancement-officiel-de-lannee-scolaire-2026-2027\\\/#primaryimage\",\"url\":\"https:\\\/\\\/congo-actu.net\\\/wp-content\\\/uploads\\\/2026\\\/09\\\/IMG-20260901-WA0002.jpg\",\"contentUrl\":\"https:\\\/\\\/congo-actu.net\\\/wp-content\\\/uploads\\\/2026\\\/09\\\/IMG-20260901-WA0002.jpg\",\"width\":1280,\"height\":854},{\"@type\":\"BreadcrumbList\",\"@id\":\"https:\\\/\\\/congo-actu.net\\\/index.php\\\/2026\\\/09\\\/01\\\/rdc-lancement-officiel-de-lannee-scolaire-2026-2027\\\/#breadcrumb\",\"itemListElement\":[{\"@type\":\"ListItem\",\"position\":1,\"name\":\"Accueil\",\"item\":\"https:\\\/\\\/congo-actu.net\\\/\"},{\"@type\":\"ListItem\",\"position\":2,\"name\":\"RDC : Lancement officiel de l\u2019ann\u00e9e scolaire 2026-2027\"}]},{\"@type\":\"WebSite\",\"@id\":\"https:\\\/\\\/congo-actu.net\\\/#website\",\"url\":\"https:\\\/\\\/congo-actu.net\\\/\",\"name\":\"Congo-actu.net\",\"description\":\"Les nouvelles de la RDC et d&#039;ailleurs en un clic\",\"potentialAction\":[{\"@type\":\"SearchAction\",\"target\":{\"@type\":\"EntryPoint\",\"urlTemplate\":\"https:\\\/\\\/congo-actu.net\\\/?s={search_term_string}\"},\"query-input\":{\"@type\":\"PropertyValueSpecification\",\"valueRequired\":true,\"valueName\":\"search_term_string\"}}],\"inLanguage\":\"fr-FR\"},{\"@type\":\"Person\",\"@id\":\"https:\\\/\\\/congo-actu.net\\\/#\\\/schema\\\/person\\\/b364ce7f34c3e772c5bdd94193b0fe01\",\"name\":\"Serge Nkaya\",\"image\":{\"@type\":\"ImageObject\",\"inLanguage\":\"fr-FR\",\"@id\":\"https:\\\/\\\/congo-actu.net\\\/wp-content\\\/litespeed\\\/avatar\\\/6d5ebb0956823bd229d204e786813664.jpg?ver=1787988497\",\"url\":\"https:\\\/\\\/congo-actu.net\\\/wp-content\\\/litespeed\\\/avatar\\\/6d5ebb0956823bd229d204e786813664.jpg?ver=1787988497\",\"contentUrl\":\"https:\\\/\\\/congo-actu.net\\\/wp-content\\\/litespeed\\\/avatar\\\/6d5ebb0956823bd229d204e786813664.jpg?ver=1787988497\",\"caption\":\"Serge Nkaya\"},\"url\":\"https:\\\/\\\/congo-actu.net\\\/index.php\\\/author\\\/serge-nkaya\\\/\"}]}<\/script>\n<!-- \/ Yoast SEO plugin. -->","yoast_head_json":{"title":"RDC : Lancement officiel de l\u2019ann\u00e9e scolaire 2026-2027 - Congo-actu.net","robots":{"index":"index","follow":"follow","max-snippet":"max-snippet:-1","max-image-preview":"max-image-preview:large","max-video-preview":"max-video-preview:-1"},"canonical":"https:\/\/congo-actu.net\/index.php\/2026\/09\/01\/rdc-lancement-officiel-de-lannee-scolaire-2026-2027\/","og_locale":"fr_FR","og_type":"article","og_title":"RDC : Lancement officiel de l\u2019ann\u00e9e scolaire 2026-2027 - Congo-actu.net","og_description":"L\u2019ann\u00e9e scolaire 2026-2027 a \u00e9t\u00e9 officiellement lanc\u00e9e ce mardi 1er septembre en R\u00e9publique d\u00e9mocratique du Congo (RDC). Le go a \u00e9t\u00e9 donn\u00e9 par la ministre d\u2019\u00c9tat, ministre de l\u2019\u00c9ducation nationale et Nouvelle Citoyennet\u00e9 (MINEDU-NC), Ra\u00efssa Malu, au cours d\u2019une c\u00e9r\u00e9monie organis\u00e9e dans les \u00e9tablissements scolaires EP1 N\u2019Sele et l\u2019Institut technique agricole et v\u00e9t\u00e9rinaire de N\u2019Sele","og_url":"https:\/\/congo-actu.net\/index.php\/2026\/09\/01\/rdc-lancement-officiel-de-lannee-scolaire-2026-2027\/","og_site_name":"Congo-actu.net","article_published_time":"2026-09-01T11:14:12+00:00","article_modified_time":"2026-09-01T11:15:59+00:00","og_image":[{"width":1280,"height":854,"url":"https:\/\/congo-actu.net\/wp-content\/uploads\/2026\/09\/IMG-20260901-WA0002.jpg","type":"image\/jpeg"}],"author":"Serge Nkaya","twitter_card":"summary_large_image","twitter_misc":{"\u00c9crit par":"Serge Nkaya","Dur\u00e9e de lecture estim\u00e9e":"2 minutes"},"schema":{"@context":"https:\/\/schema.org","@graph":[{"@type":"Article","@id":"https:\/\/congo-actu.net\/index.php\/2026\/09\/01\/rdc-lancement-officiel-de-lannee-scolaire-2026-2027\/#article","isPartOf":{"@id":"https:\/\/congo-actu.net\/index.php\/2026\/09\/01\/rdc-lancement-officiel-de-lannee-scolaire-2026-2027\/"},"author":{"name":"Serge Nkaya","@id":"https:\/\/congo-actu.net\/#\/schema\/person\/b364ce7f34c3e772c5bdd94193b0fe01"},"headline":"RDC : Lancement officiel de l\u2019ann\u00e9e scolaire 2026-2027","datePublished":"2026-09-01T11:14:12+00:00","dateModified":"2026-09-01T11:15:59+00:00","mainEntityOfPage":{"@id":"https:\/\/congo-actu.net\/index.php\/2026\/09\/01\/rdc-lancement-officiel-de-lannee-scolaire-2026-2027\/"},"wordCount":331,"image":{"@id":"https:\/\/congo-actu.net\/index.php\/2026\/09\/01\/rdc-lancement-officiel-de-lannee-scolaire-2026-2027\/#primaryimage"},"thumbnailUrl":"https:\/\/congo-actu.net\/wp-content\/uploads\/2026\/09\/IMG-20260901-WA0002.jpg","keywords":["\u00c9coles","Kinshasa","RDC","Rentr\u00e9e scolaire","Rentr\u00e9e scolaire 2026-2027"],"articleSection":["Education"],"inLanguage":"fr-FR"},{"@type":"WebPage","@id":"https:\/\/congo-actu.net\/index.php\/2026\/09\/01\/rdc-lancement-officiel-de-lannee-scolaire-2026-2027\/","url":"https:\/\/congo-actu.net\/index.php\/2026\/09\/01\/rdc-lancement-officiel-de-lannee-scolaire-2026-2027\/","name":"RDC : Lancement officiel de l\u2019ann\u00e9e scolaire 2026-2027 - Congo-actu.net","isPartOf":{"@id":"https:\/\/congo-actu.net\/#website"},"primaryImageOfPage":{"@id":"https:\/\/congo-actu.net\/index.php\/2026\/09\/01\/rdc-lancement-officiel-de-lannee-scolaire-2026-2027\/#primaryimage"},"image":{"@id":"https:\/\/congo-actu.net\/index.php\/2026\/09\/01\/rdc-lancement-officiel-de-lannee-scolaire-2026-2027\/#primaryimage"},"thumbnailUrl":"https:\/\/congo-actu.net\/wp-content\/uploads\/2026\/09\/IMG-20260901-WA0002.jpg","datePublished":"2026-09-01T11:14:12+00:00","dateModified":"2026-09-01T11:15:59+00:00","author":{"@id":"https:\/\/congo-actu.net\/#\/schema\/person\/b364ce7f34c3e772c5bdd94193b0fe01"},"breadcrumb":{"@id":"https:\/\/congo-actu.net\/index.php\/2026\/09\/01\/rdc-lancement-officiel-de-lannee-scolaire-2026-2027\/#breadcrumb"},"inLanguage":"fr-FR","potentialAction":[{"@type":"ReadAction","target":["https:\/\/congo-actu.net\/index.php\/2026\/09\/01\/rdc-lancement-officiel-de-lannee-scolaire-2026-2027\/"]}]},{"@type":"ImageObject","inLanguage":"fr-FR","@id":"https:\/\/congo-actu.net\/index.php\/2026\/09\/01\/rdc-lancement-officiel-de-lannee-scolaire-2026-2027\/#primaryimage","url":"https:\/\/congo-actu.net\/wp-content\/uploads\/2026\/09\/IMG-20260901-WA0002.jpg","contentUrl":"https:\/\/congo-actu.net\/wp-content\/uploads\/2026\/09\/IMG-20260901-WA0002.jpg","width":1280,"height":854},{"@type":"BreadcrumbList","@id":"https:\/\/congo-actu.net\/index.php\/2026\/09\/01\/rdc-lancement-officiel-de-lannee-scolaire-2026-2027\/#breadcrumb","itemListElement":[{"@type":"ListItem","position":1,"name":"Accueil","item":"https:\/\/congo-actu.net\/"},{"@type":"ListItem","position":2,"name":"RDC : Lancement officiel de l\u2019ann\u00e9e scolaire 2026-2027"}]},{"@type":"WebSite","@id":"https:\/\/congo-actu.net\/#website","url":"https:\/\/congo-actu.net\/","name":"Congo-actu.net","description":"Les nouvelles de la RDC et d&#039;ailleurs en un clic","potentialAction":[{"@type":"SearchAction","target":{"@type":"EntryPoint","urlTemplate":"https:\/\/congo-actu.net\/?s={search_term_string}"},"query-input":{"@type":"PropertyValueSpecification","valueRequired":true,"valueName":"search_term_string"}}],"inLanguage":"fr-FR"},{"@type":"Person","@id":"https:\/\/congo-actu.net\/#\/schema\/person\/b364ce7f34c3e772c5bdd94193b0fe01","name":"Serge Nkaya","image":{"@type":"ImageObject","inLanguage":"fr-FR","@id":"https:\/\/congo-actu.net\/wp-content\/litespeed\/avatar\/6d5ebb0956823bd229d204e786813664.jpg?ver=1787988497","url":"https:\/\/congo-actu.net\/wp-content\/litespeed\/avatar\/6d5ebb0956823bd229d204e786813664.jpg?ver=1787988497","contentUrl":"https:\/\/congo-actu.net\/wp-content\/litespeed\/avatar\/6d5ebb0956823bd229d204e786813664.jpg?ver=1787988497","caption":"Serge Nkaya"},"url":"https:\/\/congo-actu.net\/index.php\/author\/serge-nkaya\/"}]}},"amp_enabled":true,"_links":{"self":[{"href":"https:\/\/congo-actu.net\/index.php\/wp-json\/wp\/v2\/posts\/37003","targetHints":{"allow":["GET"]}}],"collection":[{"href":"https:\/\/congo-actu.net\/index.php\/wp-json\/wp\/v2\/posts"}],"about":[{"href":"https:\/\/congo-actu.net\/index.php\/wp-json\/wp\/v2\/types\/post"}],"author":[{"embeddable":true,"href":"https:\/\/congo-actu.net\/index.php\/wp-json\/wp\/v2\/users\/9"}],"replies":[{"embeddable":true,"href":"https:\/\/congo-actu.net\/index.php\/wp-json\/wp\/v2\/comments?post=37003"}],"version-history":[{"count":1,"href":"https:\/\/congo-actu.net\/index.php\/wp-json\/wp\/v2\/posts\/37003\/revisions"}],"predecessor-version":[{"id":37006,"href":"https:\/\/congo-actu.net\/index.php\/wp-json\/wp\/v2\/posts\/37003\/revisions\/37006"}],"wp:featuredmedia":[{"embeddable":true,"href":"https:\/\/congo-actu.net\/index.php\/wp-json\/wp\/v2\/media\/37005"}],"wp:attachment":[{"href":"https:\/\/congo-actu.net\/index.php\/wp-json\/wp\/v2\/media?parent=37003"}],"wp:term":[{"taxonomy":"category","embeddable":true,"href":"https:\/\/congo-actu.net\/index.php\/wp-json\/wp\/v2\/categories?post=37003"},{"taxonomy":"post_tag","embeddable":true,"href":"https:\/\/congo-actu.net\/index.php\/wp-json\/wp\/v2\/tags?post=37003"}],"curies":[{"name":"wp","href":"https:\/\/api.w.org\/{rel}","templated":true}]}}