{"id":37015,"date":"2026-09-02T12:15:35","date_gmt":"2026-09-02T10:15:35","guid":{"rendered":"https:\/\/congo-actu.net\/?p=37015"},"modified":"2026-09-02T12:15:38","modified_gmt":"2026-09-02T10:15:38","slug":"mbujimayi-denise-nyakeru-partage-un-moment-demotion-avec-les-enfants-de-lorphelinat-saint-joseph-bena-tshibuabua","status":"publish","type":"post","link":"https:\/\/congo-actu.net\/index.php\/2026\/09\/02\/mbujimayi-denise-nyakeru-partage-un-moment-demotion-avec-les-enfants-de-lorphelinat-saint-joseph-bena-tshibuabua\/","title":{"rendered":"Mbujimayi : Denise Nyakeru partage un moment d\u2019\u00e9motion avec les enfants de l\u2019orphelinat Saint-Joseph Bena Tshibuabua"},"content":{"rendered":"\n<p class=\"wp-block-paragraph\"><strong>La Premi\u00e8re Dame de la R\u00e9publique d\u00e9mocratique du Congo a rendu visite, ce lundi 31 ao\u00fbt, aux 74 enfants de l\u2019orphelinat Saint-Joseph Bena Tshibuabua, \u00e0 Mbujmayi au Kasa\u00ef oriental. Une visite plac\u00e9e sous le signe de la solidarit\u00e9, mais aussi de l\u2019\u00e9coute et du r\u00e9confort, marqu\u00e9e par une forte dimension personnelle.<\/strong><\/p>\n\n\n\n<p class=\"wp-block-paragraph\">Sourires, \u00e9changes et gestes d\u2019affection ont marqu\u00e9 la rencontre entre Denise Nyakeru Tshisekedi et les enfants de l\u2019orphelinat Saint-Joseph Bena Tshibuabua.<\/p>\n\n\n\n<p class=\"wp-block-paragraph\">Dans une atmosph\u00e8re chaleureuse, la Premi\u00e8re Dame a pris le temps d\u2019\u00e9changer avec les pensionnaires, de les \u00e9couter et de partager avec eux quelques instants de proximit\u00e9.<\/p>\n\n\n\n<p class=\"wp-block-paragraph\">Pour Nyakeru Tshisekedi, cette rencontre a en effet fait \u00e9cho \u00e0 une partie douloureuse de son propre parcours : la perte de ses parents alors qu\u2019elle \u00e9tait encore tr\u00e8s jeune.<\/p>\n\n\n\n<p class=\"wp-block-paragraph\">\u00ab <em>Ayant moi-m\u00eame perdu mes parents tr\u00e8s t\u00f4t, je sais combien une pr\u00e9sence, un regard bienveillant, une main tendue ou simplement le sentiment de compter pour quelqu\u2019un peuvent faire la diff\u00e9rence dans la vie d\u2019un enfant<\/em> \u00bb, a-t-elle confi\u00e9.<\/p>\n\n\n\n<p class=\"wp-block-paragraph\">La visite s\u2019est \u00e9galement accompagn\u00e9e d\u2019une action de solidarit\u00e9. Des vivres, m\u00e9dicaments, produits d\u2019hygi\u00e8ne, uniformes et fournitures scolaires ainsi que des jouets ont \u00e9t\u00e9 remis aux enfants.<\/p>\n\n\n\n<p class=\"wp-block-paragraph\">L\u2019objectif est de contribuer \u00e0 l\u2019am\u00e9lioration de leurs conditions de vie et \u00e0 r\u00e9pondre \u00e0 certains de leurs besoins essentiels.<\/p>\n\n\n\n<p class=\"wp-block-paragraph\">La premi\u00e8re dame a \u00e9galement salu\u00e9 le travail accompli au quotidien par les religieuses qui prennent en charge les enfants de l\u2019orphelinat. Denise Nyakeru a rendu hommage \u00e0 leur d\u00e9vouement et \u00e0 leur engagement en faveur de ces enfants.<\/p>\n\n\n\n<p class=\"wp-block-paragraph\">Sur place, l\u2019initiatrice de la Fondation Lona a adress\u00e9 un message d\u2019espoir aux enfants de Saint-Joseph Bena Tshibuabua, mais \u00e9galement \u00e0 tous ceux qui vivent avec l\u2019absence de leurs parents.<\/p>\n\n\n\n<p class=\"wp-block-paragraph\">\u00ab <em>Priv\u00e9e trop t\u00f4t de ses parents, une enfance ne se r\u00e9sume jamais \u00e0 cette absence. Elle demeure porteuse d\u2019une histoire, de r\u00eaves, de talents et de tout un avenir qui ne demande qu\u2019\u00e0 \u00e9clore<\/em> \u00bb, a-t-elle d\u00e9clar\u00e9.<\/p>\n\n\n\n<p class=\"wp-block-paragraph\">Elle a exhort\u00e9 les enfants \u00e0 ne pas laisser leur histoire d\u00e9terminer leurs limites.<\/p>\n\n\n\n<p class=\"wp-block-paragraph\">\u00ab <em>Continuez \u00e0 croire en vos r\u00eaves, en la vie et en ce que vous pouvez devenir. C\u2019est encore possible<\/em> \u00bb, leur a-t-elle lanc\u00e9.<\/p>\n\n\n\n<p class=\"wp-block-paragraph\">Il sied de noter qu\u2019au-del\u00e0 des 74 pensionnaires de Saint-Joseph Bena Tshibuabua, Denise Nyakeru tourne ses pens\u00e9es vers tous les enfants de la R\u00e9publique d\u00e9mocratique du Congo qui grandissent priv\u00e9s de leurs parents et qui ont besoin, eux aussi, d\u2019attention, de protection et de perspectives.<\/p>\n","protected":false},"excerpt":{"rendered":"<p>La Premi\u00e8re Dame de la R\u00e9publique d\u00e9mocratique du Congo a rendu visite, ce lundi 31 ao\u00fbt, aux 74 enfants de l\u2019orphelinat Saint-Joseph Bena Tshibuabua, \u00e0 Mbujmayi au Kasa\u00ef oriental. Une visite plac\u00e9e sous le signe de la solidarit\u00e9, mais aussi de l\u2019\u00e9coute et du r\u00e9confort, marqu\u00e9e par une forte dimension personnelle. Sourires, \u00e9changes et gestes<\/p>\n","protected":false},"author":2,"featured_media":37017,"comment_status":"closed","ping_status":"closed","sticky":false,"template":"","format":"standard","meta":{"footnotes":""},"categories":[44,106],"tags":[9574,86,9576,93],"class_list":["post-37015","post","type-post","status-publish","format-standard","has-post-thumbnail","category-social","category-societe","tag-denise-nyakeru-2","tag-mbujimayi","tag-orphelinat-saint-joseph-bena-tshibuabua","tag-rdc"],"yoast_head":"<!-- This site is optimized with the Yoast SEO plugin v28.2 - https:\/\/yoast.com\/product\/yoast-seo-wordpress\/ -->\n<title>Mbujimayi : Denise Nyakeru partage un moment d\u2019\u00e9motion avec les enfants de l\u2019orphelinat Saint-Joseph Bena Tshibuabua - Congo-actu.net<\/title>\n<meta name=\"robots\" content=\"index, follow, max-snippet:-1, max-image-preview:large, max-video-preview:-1\" \/>\n<link rel=\"canonical\" href=\"https:\/\/congo-actu.net\/index.php\/2026\/09\/02\/mbujimayi-denise-nyakeru-partage-un-moment-demotion-avec-les-enfants-de-lorphelinat-saint-joseph-bena-tshibuabua\/\" \/>\n<meta property=\"og:locale\" content=\"fr_FR\" \/>\n<meta property=\"og:type\" content=\"article\" \/>\n<meta property=\"og:title\" content=\"Mbujimayi : Denise Nyakeru partage un moment d\u2019\u00e9motion avec les enfants de l\u2019orphelinat Saint-Joseph Bena Tshibuabua - Congo-actu.net\" \/>\n<meta property=\"og:description\" content=\"La Premi\u00e8re Dame de la R\u00e9publique d\u00e9mocratique du Congo a rendu visite, ce lundi 31 ao\u00fbt, aux 74 enfants de l\u2019orphelinat Saint-Joseph Bena Tshibuabua, \u00e0 Mbujmayi au Kasa\u00ef oriental. Une visite plac\u00e9e sous le signe de la solidarit\u00e9, mais aussi de l\u2019\u00e9coute et du r\u00e9confort, marqu\u00e9e par une forte dimension personnelle. Sourires, \u00e9changes et gestes\" \/>\n<meta property=\"og:url\" content=\"https:\/\/congo-actu.net\/index.php\/2026\/09\/02\/mbujimayi-denise-nyakeru-partage-un-moment-demotion-avec-les-enfants-de-lorphelinat-saint-joseph-bena-tshibuabua\/\" \/>\n<meta property=\"og:site_name\" content=\"Congo-actu.net\" \/>\n<meta property=\"article:published_time\" content=\"2026-09-02T10:15:35+00:00\" \/>\n<meta property=\"article:modified_time\" content=\"2026-09-02T10:15:38+00:00\" \/>\n<meta property=\"og:image\" content=\"https:\/\/congo-actu.net\/wp-content\/uploads\/2026\/09\/IMG-20260902-WA0000.jpg\" \/>\n\t<meta property=\"og:image:width\" content=\"960\" \/>\n\t<meta property=\"og:image:height\" content=\"640\" \/>\n\t<meta property=\"og:image:type\" content=\"image\/jpeg\" \/>\n<meta name=\"author\" content=\"Christian Ngeleka\" \/>\n<meta name=\"twitter:card\" content=\"summary_large_image\" \/>\n<meta name=\"twitter:label1\" content=\"\u00c9crit par\" \/>\n\t<meta name=\"twitter:data1\" content=\"Christian Ngeleka\" \/>\n\t<meta name=\"twitter:label2\" content=\"Dur\u00e9e de lecture estim\u00e9e\" \/>\n\t<meta name=\"twitter:data2\" content=\"3 minutes\" \/>\n<script type=\"application\/ld+json\" class=\"yoast-schema-graph\">{\"@context\":\"https:\\\/\\\/schema.org\",\"@graph\":[{\"@type\":\"Article\",\"@id\":\"https:\\\/\\\/congo-actu.net\\\/index.php\\\/2026\\\/09\\\/02\\\/mbujimayi-denise-nyakeru-partage-un-moment-demotion-avec-les-enfants-de-lorphelinat-saint-joseph-bena-tshibuabua\\\/#article\",\"isPartOf\":{\"@id\":\"https:\\\/\\\/congo-actu.net\\\/index.php\\\/2026\\\/09\\\/02\\\/mbujimayi-denise-nyakeru-partage-un-moment-demotion-avec-les-enfants-de-lorphelinat-saint-joseph-bena-tshibuabua\\\/\"},\"author\":{\"name\":\"Christian Ngeleka\",\"@id\":\"https:\\\/\\\/congo-actu.net\\\/#\\\/schema\\\/person\\\/8c4f2b5b4ccb9e9eb30b6fc9186af543\"},\"headline\":\"Mbujimayi : Denise Nyakeru partage un moment d\u2019\u00e9motion avec les enfants de l\u2019orphelinat Saint-Joseph Bena Tshibuabua\",\"datePublished\":\"2026-09-02T10:15:35+00:00\",\"dateModified\":\"2026-09-02T10:15:38+00:00\",\"mainEntityOfPage\":{\"@id\":\"https:\\\/\\\/congo-actu.net\\\/index.php\\\/2026\\\/09\\\/02\\\/mbujimayi-denise-nyakeru-partage-un-moment-demotion-avec-les-enfants-de-lorphelinat-saint-joseph-bena-tshibuabua\\\/\"},\"wordCount\":455,\"image\":{\"@id\":\"https:\\\/\\\/congo-actu.net\\\/index.php\\\/2026\\\/09\\\/02\\\/mbujimayi-denise-nyakeru-partage-un-moment-demotion-avec-les-enfants-de-lorphelinat-saint-joseph-bena-tshibuabua\\\/#primaryimage\"},\"thumbnailUrl\":\"https:\\\/\\\/congo-actu.net\\\/wp-content\\\/uploads\\\/2026\\\/09\\\/IMG-20260902-WA0000.jpg\",\"keywords\":[\"Denise Nyakeru\",\"Mbujimayi\",\"Orphelinat Saint Joseph Bena Tshibuabua\",\"RDC\"],\"articleSection\":[\"Social\",\"Soci\u00e9t\u00e9\"],\"inLanguage\":\"fr-FR\"},{\"@type\":\"WebPage\",\"@id\":\"https:\\\/\\\/congo-actu.net\\\/index.php\\\/2026\\\/09\\\/02\\\/mbujimayi-denise-nyakeru-partage-un-moment-demotion-avec-les-enfants-de-lorphelinat-saint-joseph-bena-tshibuabua\\\/\",\"url\":\"https:\\\/\\\/congo-actu.net\\\/index.php\\\/2026\\\/09\\\/02\\\/mbujimayi-denise-nyakeru-partage-un-moment-demotion-avec-les-enfants-de-lorphelinat-saint-joseph-bena-tshibuabua\\\/\",\"name\":\"Mbujimayi : Denise Nyakeru partage un moment d\u2019\u00e9motion avec les enfants de l\u2019orphelinat Saint-Joseph Bena Tshibuabua - Congo-actu.net\",\"isPartOf\":{\"@id\":\"https:\\\/\\\/congo-actu.net\\\/#website\"},\"primaryImageOfPage\":{\"@id\":\"https:\\\/\\\/congo-actu.net\\\/index.php\\\/2026\\\/09\\\/02\\\/mbujimayi-denise-nyakeru-partage-un-moment-demotion-avec-les-enfants-de-lorphelinat-saint-joseph-bena-tshibuabua\\\/#primaryimage\"},\"image\":{\"@id\":\"https:\\\/\\\/congo-actu.net\\\/index.php\\\/2026\\\/09\\\/02\\\/mbujimayi-denise-nyakeru-partage-un-moment-demotion-avec-les-enfants-de-lorphelinat-saint-joseph-bena-tshibuabua\\\/#primaryimage\"},\"thumbnailUrl\":\"https:\\\/\\\/congo-actu.net\\\/wp-content\\\/uploads\\\/2026\\\/09\\\/IMG-20260902-WA0000.jpg\",\"datePublished\":\"2026-09-02T10:15:35+00:00\",\"dateModified\":\"2026-09-02T10:15:38+00:00\",\"author\":{\"@id\":\"https:\\\/\\\/congo-actu.net\\\/#\\\/schema\\\/person\\\/8c4f2b5b4ccb9e9eb30b6fc9186af543\"},\"breadcrumb\":{\"@id\":\"https:\\\/\\\/congo-actu.net\\\/index.php\\\/2026\\\/09\\\/02\\\/mbujimayi-denise-nyakeru-partage-un-moment-demotion-avec-les-enfants-de-lorphelinat-saint-joseph-bena-tshibuabua\\\/#breadcrumb\"},\"inLanguage\":\"fr-FR\",\"potentialAction\":[{\"@type\":\"ReadAction\",\"target\":[\"https:\\\/\\\/congo-actu.net\\\/index.php\\\/2026\\\/09\\\/02\\\/mbujimayi-denise-nyakeru-partage-un-moment-demotion-avec-les-enfants-de-lorphelinat-saint-joseph-bena-tshibuabua\\\/\"]}]},{\"@type\":\"ImageObject\",\"inLanguage\":\"fr-FR\",\"@id\":\"https:\\\/\\\/congo-actu.net\\\/index.php\\\/2026\\\/09\\\/02\\\/mbujimayi-denise-nyakeru-partage-un-moment-demotion-avec-les-enfants-de-lorphelinat-saint-joseph-bena-tshibuabua\\\/#primaryimage\",\"url\":\"https:\\\/\\\/congo-actu.net\\\/wp-content\\\/uploads\\\/2026\\\/09\\\/IMG-20260902-WA0000.jpg\",\"contentUrl\":\"https:\\\/\\\/congo-actu.net\\\/wp-content\\\/uploads\\\/2026\\\/09\\\/IMG-20260902-WA0000.jpg\",\"width\":960,\"height\":640},{\"@type\":\"BreadcrumbList\",\"@id\":\"https:\\\/\\\/congo-actu.net\\\/index.php\\\/2026\\\/09\\\/02\\\/mbujimayi-denise-nyakeru-partage-un-moment-demotion-avec-les-enfants-de-lorphelinat-saint-joseph-bena-tshibuabua\\\/#breadcrumb\",\"itemListElement\":[{\"@type\":\"ListItem\",\"position\":1,\"name\":\"Accueil\",\"item\":\"https:\\\/\\\/congo-actu.net\\\/\"},{\"@type\":\"ListItem\",\"position\":2,\"name\":\"Mbujimayi : Denise Nyakeru partage un moment d\u2019\u00e9motion avec les enfants de l\u2019orphelinat Saint-Joseph Bena Tshibuabua\"}]},{\"@type\":\"WebSite\",\"@id\":\"https:\\\/\\\/congo-actu.net\\\/#website\",\"url\":\"https:\\\/\\\/congo-actu.net\\\/\",\"name\":\"Congo-actu.net\",\"description\":\"Les nouvelles de la RDC et d&#039;ailleurs en un clic\",\"potentialAction\":[{\"@type\":\"SearchAction\",\"target\":{\"@type\":\"EntryPoint\",\"urlTemplate\":\"https:\\\/\\\/congo-actu.net\\\/?s={search_term_string}\"},\"query-input\":{\"@type\":\"PropertyValueSpecification\",\"valueRequired\":true,\"valueName\":\"search_term_string\"}}],\"inLanguage\":\"fr-FR\"},{\"@type\":\"Person\",\"@id\":\"https:\\\/\\\/congo-actu.net\\\/#\\\/schema\\\/person\\\/8c4f2b5b4ccb9e9eb30b6fc9186af543\",\"name\":\"Christian Ngeleka\",\"image\":{\"@type\":\"ImageObject\",\"inLanguage\":\"fr-FR\",\"@id\":\"https:\\\/\\\/congo-actu.net\\\/wp-content\\\/litespeed\\\/avatar\\\/267570a50b37451de19a5339884f28c8.jpg?ver=1787985945\",\"url\":\"https:\\\/\\\/congo-actu.net\\\/wp-content\\\/litespeed\\\/avatar\\\/267570a50b37451de19a5339884f28c8.jpg?ver=1787985945\",\"contentUrl\":\"https:\\\/\\\/congo-actu.net\\\/wp-content\\\/litespeed\\\/avatar\\\/267570a50b37451de19a5339884f28c8.jpg?ver=1787985945\",\"caption\":\"Christian Ngeleka\"},\"url\":\"https:\\\/\\\/congo-actu.net\\\/index.php\\\/author\\\/chris-ngeleka\\\/\"}]}<\/script>\n<!-- \/ Yoast SEO plugin. -->","yoast_head_json":{"title":"Mbujimayi : Denise Nyakeru partage un moment d\u2019\u00e9motion avec les enfants de l\u2019orphelinat Saint-Joseph Bena Tshibuabua - Congo-actu.net","robots":{"index":"index","follow":"follow","max-snippet":"max-snippet:-1","max-image-preview":"max-image-preview:large","max-video-preview":"max-video-preview:-1"},"canonical":"https:\/\/congo-actu.net\/index.php\/2026\/09\/02\/mbujimayi-denise-nyakeru-partage-un-moment-demotion-avec-les-enfants-de-lorphelinat-saint-joseph-bena-tshibuabua\/","og_locale":"fr_FR","og_type":"article","og_title":"Mbujimayi : Denise Nyakeru partage un moment d\u2019\u00e9motion avec les enfants de l\u2019orphelinat Saint-Joseph Bena Tshibuabua - Congo-actu.net","og_description":"La Premi\u00e8re Dame de la R\u00e9publique d\u00e9mocratique du Congo a rendu visite, ce lundi 31 ao\u00fbt, aux 74 enfants de l\u2019orphelinat Saint-Joseph Bena Tshibuabua, \u00e0 Mbujmayi au Kasa\u00ef oriental. Une visite plac\u00e9e sous le signe de la solidarit\u00e9, mais aussi de l\u2019\u00e9coute et du r\u00e9confort, marqu\u00e9e par une forte dimension personnelle. Sourires, \u00e9changes et gestes","og_url":"https:\/\/congo-actu.net\/index.php\/2026\/09\/02\/mbujimayi-denise-nyakeru-partage-un-moment-demotion-avec-les-enfants-de-lorphelinat-saint-joseph-bena-tshibuabua\/","og_site_name":"Congo-actu.net","article_published_time":"2026-09-02T10:15:35+00:00","article_modified_time":"2026-09-02T10:15:38+00:00","og_image":[{"width":960,"height":640,"url":"https:\/\/congo-actu.net\/wp-content\/uploads\/2026\/09\/IMG-20260902-WA0000.jpg","type":"image\/jpeg"}],"author":"Christian Ngeleka","twitter_card":"summary_large_image","twitter_misc":{"\u00c9crit par":"Christian Ngeleka","Dur\u00e9e de lecture estim\u00e9e":"3 minutes"},"schema":{"@context":"https:\/\/schema.org","@graph":[{"@type":"Article","@id":"https:\/\/congo-actu.net\/index.php\/2026\/09\/02\/mbujimayi-denise-nyakeru-partage-un-moment-demotion-avec-les-enfants-de-lorphelinat-saint-joseph-bena-tshibuabua\/#article","isPartOf":{"@id":"https:\/\/congo-actu.net\/index.php\/2026\/09\/02\/mbujimayi-denise-nyakeru-partage-un-moment-demotion-avec-les-enfants-de-lorphelinat-saint-joseph-bena-tshibuabua\/"},"author":{"name":"Christian Ngeleka","@id":"https:\/\/congo-actu.net\/#\/schema\/person\/8c4f2b5b4ccb9e9eb30b6fc9186af543"},"headline":"Mbujimayi : Denise Nyakeru partage un moment d\u2019\u00e9motion avec les enfants de l\u2019orphelinat Saint-Joseph Bena Tshibuabua","datePublished":"2026-09-02T10:15:35+00:00","dateModified":"2026-09-02T10:15:38+00:00","mainEntityOfPage":{"@id":"https:\/\/congo-actu.net\/index.php\/2026\/09\/02\/mbujimayi-denise-nyakeru-partage-un-moment-demotion-avec-les-enfants-de-lorphelinat-saint-joseph-bena-tshibuabua\/"},"wordCount":455,"image":{"@id":"https:\/\/congo-actu.net\/index.php\/2026\/09\/02\/mbujimayi-denise-nyakeru-partage-un-moment-demotion-avec-les-enfants-de-lorphelinat-saint-joseph-bena-tshibuabua\/#primaryimage"},"thumbnailUrl":"https:\/\/congo-actu.net\/wp-content\/uploads\/2026\/09\/IMG-20260902-WA0000.jpg","keywords":["Denise Nyakeru","Mbujimayi","Orphelinat Saint Joseph Bena Tshibuabua","RDC"],"articleSection":["Social","Soci\u00e9t\u00e9"],"inLanguage":"fr-FR"},{"@type":"WebPage","@id":"https:\/\/congo-actu.net\/index.php\/2026\/09\/02\/mbujimayi-denise-nyakeru-partage-un-moment-demotion-avec-les-enfants-de-lorphelinat-saint-joseph-bena-tshibuabua\/","url":"https:\/\/congo-actu.net\/index.php\/2026\/09\/02\/mbujimayi-denise-nyakeru-partage-un-moment-demotion-avec-les-enfants-de-lorphelinat-saint-joseph-bena-tshibuabua\/","name":"Mbujimayi : Denise Nyakeru partage un moment d\u2019\u00e9motion avec les enfants de l\u2019orphelinat Saint-Joseph Bena Tshibuabua - Congo-actu.net","isPartOf":{"@id":"https:\/\/congo-actu.net\/#website"},"primaryImageOfPage":{"@id":"https:\/\/congo-actu.net\/index.php\/2026\/09\/02\/mbujimayi-denise-nyakeru-partage-un-moment-demotion-avec-les-enfants-de-lorphelinat-saint-joseph-bena-tshibuabua\/#primaryimage"},"image":{"@id":"https:\/\/congo-actu.net\/index.php\/2026\/09\/02\/mbujimayi-denise-nyakeru-partage-un-moment-demotion-avec-les-enfants-de-lorphelinat-saint-joseph-bena-tshibuabua\/#primaryimage"},"thumbnailUrl":"https:\/\/congo-actu.net\/wp-content\/uploads\/2026\/09\/IMG-20260902-WA0000.jpg","datePublished":"2026-09-02T10:15:35+00:00","dateModified":"2026-09-02T10:15:38+00:00","author":{"@id":"https:\/\/congo-actu.net\/#\/schema\/person\/8c4f2b5b4ccb9e9eb30b6fc9186af543"},"breadcrumb":{"@id":"https:\/\/congo-actu.net\/index.php\/2026\/09\/02\/mbujimayi-denise-nyakeru-partage-un-moment-demotion-avec-les-enfants-de-lorphelinat-saint-joseph-bena-tshibuabua\/#breadcrumb"},"inLanguage":"fr-FR","potentialAction":[{"@type":"ReadAction","target":["https:\/\/congo-actu.net\/index.php\/2026\/09\/02\/mbujimayi-denise-nyakeru-partage-un-moment-demotion-avec-les-enfants-de-lorphelinat-saint-joseph-bena-tshibuabua\/"]}]},{"@type":"ImageObject","inLanguage":"fr-FR","@id":"https:\/\/congo-actu.net\/index.php\/2026\/09\/02\/mbujimayi-denise-nyakeru-partage-un-moment-demotion-avec-les-enfants-de-lorphelinat-saint-joseph-bena-tshibuabua\/#primaryimage","url":"https:\/\/congo-actu.net\/wp-content\/uploads\/2026\/09\/IMG-20260902-WA0000.jpg","contentUrl":"https:\/\/congo-actu.net\/wp-content\/uploads\/2026\/09\/IMG-20260902-WA0000.jpg","width":960,"height":640},{"@type":"BreadcrumbList","@id":"https:\/\/congo-actu.net\/index.php\/2026\/09\/02\/mbujimayi-denise-nyakeru-partage-un-moment-demotion-avec-les-enfants-de-lorphelinat-saint-joseph-bena-tshibuabua\/#breadcrumb","itemListElement":[{"@type":"ListItem","position":1,"name":"Accueil","item":"https:\/\/congo-actu.net\/"},{"@type":"ListItem","position":2,"name":"Mbujimayi : Denise Nyakeru partage un moment d\u2019\u00e9motion avec les enfants de l\u2019orphelinat Saint-Joseph Bena Tshibuabua"}]},{"@type":"WebSite","@id":"https:\/\/congo-actu.net\/#website","url":"https:\/\/congo-actu.net\/","name":"Congo-actu.net","description":"Les nouvelles de la RDC et d&#039;ailleurs en un clic","potentialAction":[{"@type":"SearchAction","target":{"@type":"EntryPoint","urlTemplate":"https:\/\/congo-actu.net\/?s={search_term_string}"},"query-input":{"@type":"PropertyValueSpecification","valueRequired":true,"valueName":"search_term_string"}}],"inLanguage":"fr-FR"},{"@type":"Person","@id":"https:\/\/congo-actu.net\/#\/schema\/person\/8c4f2b5b4ccb9e9eb30b6fc9186af543","name":"Christian Ngeleka","image":{"@type":"ImageObject","inLanguage":"fr-FR","@id":"https:\/\/congo-actu.net\/wp-content\/litespeed\/avatar\/267570a50b37451de19a5339884f28c8.jpg?ver=1787985945","url":"https:\/\/congo-actu.net\/wp-content\/litespeed\/avatar\/267570a50b37451de19a5339884f28c8.jpg?ver=1787985945","contentUrl":"https:\/\/congo-actu.net\/wp-content\/litespeed\/avatar\/267570a50b37451de19a5339884f28c8.jpg?ver=1787985945","caption":"Christian Ngeleka"},"url":"https:\/\/congo-actu.net\/index.php\/author\/chris-ngeleka\/"}]}},"amp_enabled":true,"_links":{"self":[{"href":"https:\/\/congo-actu.net\/index.php\/wp-json\/wp\/v2\/posts\/37015","targetHints":{"allow":["GET"]}}],"collection":[{"href":"https:\/\/congo-actu.net\/index.php\/wp-json\/wp\/v2\/posts"}],"about":[{"href":"https:\/\/congo-actu.net\/index.php\/wp-json\/wp\/v2\/types\/post"}],"author":[{"embeddable":true,"href":"https:\/\/congo-actu.net\/index.php\/wp-json\/wp\/v2\/users\/2"}],"replies":[{"embeddable":true,"href":"https:\/\/congo-actu.net\/index.php\/wp-json\/wp\/v2\/comments?post=37015"}],"version-history":[{"count":1,"href":"https:\/\/congo-actu.net\/index.php\/wp-json\/wp\/v2\/posts\/37015\/revisions"}],"predecessor-version":[{"id":37018,"href":"https:\/\/congo-actu.net\/index.php\/wp-json\/wp\/v2\/posts\/37015\/revisions\/37018"}],"wp:featuredmedia":[{"embeddable":true,"href":"https:\/\/congo-actu.net\/index.php\/wp-json\/wp\/v2\/media\/37017"}],"wp:attachment":[{"href":"https:\/\/congo-actu.net\/index.php\/wp-json\/wp\/v2\/media?parent=37015"}],"wp:term":[{"taxonomy":"category","embeddable":true,"href":"https:\/\/congo-actu.net\/index.php\/wp-json\/wp\/v2\/categories?post=37015"},{"taxonomy":"post_tag","embeddable":true,"href":"https:\/\/congo-actu.net\/index.php\/wp-json\/wp\/v2\/tags?post=37015"}],"curies":[{"name":"wp","href":"https:\/\/api.w.org\/{rel}","templated":true}]}}