{"id":37036,"date":"2026-09-02T15:15:46","date_gmt":"2026-09-02T13:15:46","guid":{"rendered":"https:\/\/congo-actu.net\/?p=37036"},"modified":"2026-09-02T15:15:47","modified_gmt":"2026-09-02T13:15:47","slug":"justice-le-verdict-dans-laffaire-frivao-renvoye-au-lundi-7-septembre","status":"publish","type":"post","link":"https:\/\/congo-actu.net\/index.php\/2026\/09\/02\/justice-le-verdict-dans-laffaire-frivao-renvoye-au-lundi-7-septembre\/","title":{"rendered":"Justice : Le verdict dans l\u2019affaire FRIVAO renvoy\u00e9 au lundi 7 septembre"},"content":{"rendered":"\n<p class=\"wp-block-paragraph\"><strong>Le prononc\u00e9 du verdict dans l\u2019affaire Frivao, initialement attendu ce mercredi 2 septembre devant la Cour de cassation, a \u00e9t\u00e9 officiellement prorog\u00e9 de cinq jours. L\u2019information a \u00e9t\u00e9 livr\u00e9e \u00e0 la presse par le greffier de la cour de cassation.<\/strong><\/p>\n\n\n\n<p class=\"wp-block-paragraph\">Le d\u00e9nouement est d\u00e9sormais attendu le lundi 7 septembre prochain.<\/p>\n\n\n\n<p class=\"wp-block-paragraph\">\u00ab <em>Le prononc\u00e9 du verdict a \u00e9t\u00e9 prorog\u00e9 de cinq jours pour m\u00fbrir la d\u00e9cision<\/em> \u00bb, a-t-il annonc\u00e9.<\/p>\n\n\n\n<p class=\"wp-block-paragraph\">Ce proc\u00e8s concerne la gestion des Fonds de r\u00e9paration et d&rsquo;indemnisation des victimes des activit\u00e9s illicites de l&rsquo;Ouganda.<\/p>\n\n\n\n<p class=\"wp-block-paragraph\">Le dossier met directement en cause Constant Mutamba, ancien ministre de la Justice, ainsi que Chan\u00e7ard Bolukola, ancien coordonnateur int\u00e9rimaire du FRIVAO. Tous deux sont poursuivis pour des faits de d\u00e9tournement de fonds publics.<\/p>\n\n\n\n<p class=\"wp-block-paragraph\">Les sommes \u00ab&nbsp;d\u00e9tourn\u00e9es \u00bb \u00e9taient sp\u00e9cifiquement r\u00e9serv\u00e9es \u00e0 l&rsquo;indemnisation des populations touch\u00e9es par les exactions et activit\u00e9s illicites attribu\u00e9es \u00e0 l&rsquo;Ouganda sur le territoire congolais. En priorit\u00e9, les victimes de la tragique guerre des Six Jours survenue \u00e0 Kisangani \u00e9taient les plus concern\u00e9es.<\/p>\n","protected":false},"excerpt":{"rendered":"<p>Le prononc\u00e9 du verdict dans l\u2019affaire Frivao, initialement attendu ce mercredi 2 septembre devant la Cour de cassation, a \u00e9t\u00e9 officiellement prorog\u00e9 de cinq jours. L\u2019information a \u00e9t\u00e9 livr\u00e9e \u00e0 la presse par le greffier de la cour de cassation. Le d\u00e9nouement est d\u00e9sormais attendu le lundi 7 septembre prochain. \u00ab Le prononc\u00e9 du verdict<\/p>\n","protected":false},"author":2,"featured_media":37037,"comment_status":"closed","ping_status":"closed","sticky":false,"template":"","format":"standard","meta":{"footnotes":""},"categories":[40],"tags":[6497,905,9400,906,93,1020],"class_list":["post-37036","post","type-post","status-publish","format-standard","has-post-thumbnail","category-politique","tag-constant-mutamba","tag-cour-de-cassation","tag-frivao","tag-justice","tag-rdc","tag-verdict"],"yoast_head":"<!-- This site is optimized with the Yoast SEO plugin v28.2 - https:\/\/yoast.com\/product\/yoast-seo-wordpress\/ -->\n<title>Justice : Le verdict dans l\u2019affaire FRIVAO renvoy\u00e9 au lundi 7 septembre - Congo-actu.net<\/title>\n<meta name=\"robots\" content=\"index, follow, max-snippet:-1, max-image-preview:large, max-video-preview:-1\" \/>\n<link rel=\"canonical\" href=\"https:\/\/congo-actu.net\/index.php\/2026\/09\/02\/justice-le-verdict-dans-laffaire-frivao-renvoye-au-lundi-7-septembre\/\" \/>\n<meta property=\"og:locale\" content=\"fr_FR\" \/>\n<meta property=\"og:type\" content=\"article\" \/>\n<meta property=\"og:title\" content=\"Justice : Le verdict dans l\u2019affaire FRIVAO renvoy\u00e9 au lundi 7 septembre - Congo-actu.net\" \/>\n<meta property=\"og:description\" content=\"Le prononc\u00e9 du verdict dans l\u2019affaire Frivao, initialement attendu ce mercredi 2 septembre devant la Cour de cassation, a \u00e9t\u00e9 officiellement prorog\u00e9 de cinq jours. L\u2019information a \u00e9t\u00e9 livr\u00e9e \u00e0 la presse par le greffier de la cour de cassation. Le d\u00e9nouement est d\u00e9sormais attendu le lundi 7 septembre prochain. \u00ab Le prononc\u00e9 du verdict\" \/>\n<meta property=\"og:url\" content=\"https:\/\/congo-actu.net\/index.php\/2026\/09\/02\/justice-le-verdict-dans-laffaire-frivao-renvoye-au-lundi-7-septembre\/\" \/>\n<meta property=\"og:site_name\" content=\"Congo-actu.net\" \/>\n<meta property=\"article:published_time\" content=\"2026-09-02T13:15:46+00:00\" \/>\n<meta property=\"article:modified_time\" content=\"2026-09-02T13:15:47+00:00\" \/>\n<meta property=\"og:image\" content=\"https:\/\/congo-actu.net\/wp-content\/uploads\/2026\/09\/HRNg8bUWAAkN2PW.jpg\" \/>\n\t<meta property=\"og:image:width\" content=\"2048\" \/>\n\t<meta property=\"og:image:height\" content=\"1062\" \/>\n\t<meta property=\"og:image:type\" content=\"image\/jpeg\" \/>\n<meta name=\"author\" content=\"Christian Ngeleka\" \/>\n<meta name=\"twitter:card\" content=\"summary_large_image\" \/>\n<meta name=\"twitter:label1\" content=\"\u00c9crit par\" \/>\n\t<meta name=\"twitter:data1\" content=\"Christian Ngeleka\" \/>\n\t<meta name=\"twitter:label2\" content=\"Dur\u00e9e de lecture estim\u00e9e\" \/>\n\t<meta name=\"twitter:data2\" content=\"2 minutes\" \/>\n<script type=\"application\/ld+json\" class=\"yoast-schema-graph\">{\"@context\":\"https:\\\/\\\/schema.org\",\"@graph\":[{\"@type\":\"Article\",\"@id\":\"https:\\\/\\\/congo-actu.net\\\/index.php\\\/2026\\\/09\\\/02\\\/justice-le-verdict-dans-laffaire-frivao-renvoye-au-lundi-7-septembre\\\/#article\",\"isPartOf\":{\"@id\":\"https:\\\/\\\/congo-actu.net\\\/index.php\\\/2026\\\/09\\\/02\\\/justice-le-verdict-dans-laffaire-frivao-renvoye-au-lundi-7-septembre\\\/\"},\"author\":{\"name\":\"Christian Ngeleka\",\"@id\":\"https:\\\/\\\/congo-actu.net\\\/#\\\/schema\\\/person\\\/8c4f2b5b4ccb9e9eb30b6fc9186af543\"},\"headline\":\"Justice : Le verdict dans l\u2019affaire FRIVAO renvoy\u00e9 au lundi 7 septembre\",\"datePublished\":\"2026-09-02T13:15:46+00:00\",\"dateModified\":\"2026-09-02T13:15:47+00:00\",\"mainEntityOfPage\":{\"@id\":\"https:\\\/\\\/congo-actu.net\\\/index.php\\\/2026\\\/09\\\/02\\\/justice-le-verdict-dans-laffaire-frivao-renvoye-au-lundi-7-septembre\\\/\"},\"wordCount\":192,\"image\":{\"@id\":\"https:\\\/\\\/congo-actu.net\\\/index.php\\\/2026\\\/09\\\/02\\\/justice-le-verdict-dans-laffaire-frivao-renvoye-au-lundi-7-septembre\\\/#primaryimage\"},\"thumbnailUrl\":\"https:\\\/\\\/congo-actu.net\\\/wp-content\\\/uploads\\\/2026\\\/09\\\/HRNg8bUWAAkN2PW.jpg\",\"keywords\":[\"Constant Mutamba\",\"Cour de cassation\",\"Frivao\",\"Justice\",\"RDC\",\"Verdict\"],\"articleSection\":[\"Politique\"],\"inLanguage\":\"fr-FR\"},{\"@type\":\"WebPage\",\"@id\":\"https:\\\/\\\/congo-actu.net\\\/index.php\\\/2026\\\/09\\\/02\\\/justice-le-verdict-dans-laffaire-frivao-renvoye-au-lundi-7-septembre\\\/\",\"url\":\"https:\\\/\\\/congo-actu.net\\\/index.php\\\/2026\\\/09\\\/02\\\/justice-le-verdict-dans-laffaire-frivao-renvoye-au-lundi-7-septembre\\\/\",\"name\":\"Justice : Le verdict dans l\u2019affaire FRIVAO renvoy\u00e9 au lundi 7 septembre - Congo-actu.net\",\"isPartOf\":{\"@id\":\"https:\\\/\\\/congo-actu.net\\\/#website\"},\"primaryImageOfPage\":{\"@id\":\"https:\\\/\\\/congo-actu.net\\\/index.php\\\/2026\\\/09\\\/02\\\/justice-le-verdict-dans-laffaire-frivao-renvoye-au-lundi-7-septembre\\\/#primaryimage\"},\"image\":{\"@id\":\"https:\\\/\\\/congo-actu.net\\\/index.php\\\/2026\\\/09\\\/02\\\/justice-le-verdict-dans-laffaire-frivao-renvoye-au-lundi-7-septembre\\\/#primaryimage\"},\"thumbnailUrl\":\"https:\\\/\\\/congo-actu.net\\\/wp-content\\\/uploads\\\/2026\\\/09\\\/HRNg8bUWAAkN2PW.jpg\",\"datePublished\":\"2026-09-02T13:15:46+00:00\",\"dateModified\":\"2026-09-02T13:15:47+00:00\",\"author\":{\"@id\":\"https:\\\/\\\/congo-actu.net\\\/#\\\/schema\\\/person\\\/8c4f2b5b4ccb9e9eb30b6fc9186af543\"},\"breadcrumb\":{\"@id\":\"https:\\\/\\\/congo-actu.net\\\/index.php\\\/2026\\\/09\\\/02\\\/justice-le-verdict-dans-laffaire-frivao-renvoye-au-lundi-7-septembre\\\/#breadcrumb\"},\"inLanguage\":\"fr-FR\",\"potentialAction\":[{\"@type\":\"ReadAction\",\"target\":[\"https:\\\/\\\/congo-actu.net\\\/index.php\\\/2026\\\/09\\\/02\\\/justice-le-verdict-dans-laffaire-frivao-renvoye-au-lundi-7-septembre\\\/\"]}]},{\"@type\":\"ImageObject\",\"inLanguage\":\"fr-FR\",\"@id\":\"https:\\\/\\\/congo-actu.net\\\/index.php\\\/2026\\\/09\\\/02\\\/justice-le-verdict-dans-laffaire-frivao-renvoye-au-lundi-7-septembre\\\/#primaryimage\",\"url\":\"https:\\\/\\\/congo-actu.net\\\/wp-content\\\/uploads\\\/2026\\\/09\\\/HRNg8bUWAAkN2PW.jpg\",\"contentUrl\":\"https:\\\/\\\/congo-actu.net\\\/wp-content\\\/uploads\\\/2026\\\/09\\\/HRNg8bUWAAkN2PW.jpg\",\"width\":2048,\"height\":1062},{\"@type\":\"BreadcrumbList\",\"@id\":\"https:\\\/\\\/congo-actu.net\\\/index.php\\\/2026\\\/09\\\/02\\\/justice-le-verdict-dans-laffaire-frivao-renvoye-au-lundi-7-septembre\\\/#breadcrumb\",\"itemListElement\":[{\"@type\":\"ListItem\",\"position\":1,\"name\":\"Accueil\",\"item\":\"https:\\\/\\\/congo-actu.net\\\/\"},{\"@type\":\"ListItem\",\"position\":2,\"name\":\"Justice : Le verdict dans l\u2019affaire FRIVAO renvoy\u00e9 au lundi 7 septembre\"}]},{\"@type\":\"WebSite\",\"@id\":\"https:\\\/\\\/congo-actu.net\\\/#website\",\"url\":\"https:\\\/\\\/congo-actu.net\\\/\",\"name\":\"Congo-actu.net\",\"description\":\"Les nouvelles de la RDC et d&#039;ailleurs en un clic\",\"potentialAction\":[{\"@type\":\"SearchAction\",\"target\":{\"@type\":\"EntryPoint\",\"urlTemplate\":\"https:\\\/\\\/congo-actu.net\\\/?s={search_term_string}\"},\"query-input\":{\"@type\":\"PropertyValueSpecification\",\"valueRequired\":true,\"valueName\":\"search_term_string\"}}],\"inLanguage\":\"fr-FR\"},{\"@type\":\"Person\",\"@id\":\"https:\\\/\\\/congo-actu.net\\\/#\\\/schema\\\/person\\\/8c4f2b5b4ccb9e9eb30b6fc9186af543\",\"name\":\"Christian Ngeleka\",\"image\":{\"@type\":\"ImageObject\",\"inLanguage\":\"fr-FR\",\"@id\":\"https:\\\/\\\/congo-actu.net\\\/wp-content\\\/litespeed\\\/avatar\\\/267570a50b37451de19a5339884f28c8.jpg?ver=1787985945\",\"url\":\"https:\\\/\\\/congo-actu.net\\\/wp-content\\\/litespeed\\\/avatar\\\/267570a50b37451de19a5339884f28c8.jpg?ver=1787985945\",\"contentUrl\":\"https:\\\/\\\/congo-actu.net\\\/wp-content\\\/litespeed\\\/avatar\\\/267570a50b37451de19a5339884f28c8.jpg?ver=1787985945\",\"caption\":\"Christian Ngeleka\"},\"url\":\"https:\\\/\\\/congo-actu.net\\\/index.php\\\/author\\\/chris-ngeleka\\\/\"}]}<\/script>\n<!-- \/ Yoast SEO plugin. -->","yoast_head_json":{"title":"Justice : Le verdict dans l\u2019affaire FRIVAO renvoy\u00e9 au lundi 7 septembre - Congo-actu.net","robots":{"index":"index","follow":"follow","max-snippet":"max-snippet:-1","max-image-preview":"max-image-preview:large","max-video-preview":"max-video-preview:-1"},"canonical":"https:\/\/congo-actu.net\/index.php\/2026\/09\/02\/justice-le-verdict-dans-laffaire-frivao-renvoye-au-lundi-7-septembre\/","og_locale":"fr_FR","og_type":"article","og_title":"Justice : Le verdict dans l\u2019affaire FRIVAO renvoy\u00e9 au lundi 7 septembre - Congo-actu.net","og_description":"Le prononc\u00e9 du verdict dans l\u2019affaire Frivao, initialement attendu ce mercredi 2 septembre devant la Cour de cassation, a \u00e9t\u00e9 officiellement prorog\u00e9 de cinq jours. L\u2019information a \u00e9t\u00e9 livr\u00e9e \u00e0 la presse par le greffier de la cour de cassation. Le d\u00e9nouement est d\u00e9sormais attendu le lundi 7 septembre prochain. \u00ab Le prononc\u00e9 du verdict","og_url":"https:\/\/congo-actu.net\/index.php\/2026\/09\/02\/justice-le-verdict-dans-laffaire-frivao-renvoye-au-lundi-7-septembre\/","og_site_name":"Congo-actu.net","article_published_time":"2026-09-02T13:15:46+00:00","article_modified_time":"2026-09-02T13:15:47+00:00","og_image":[{"width":2048,"height":1062,"url":"https:\/\/congo-actu.net\/wp-content\/uploads\/2026\/09\/HRNg8bUWAAkN2PW.jpg","type":"image\/jpeg"}],"author":"Christian Ngeleka","twitter_card":"summary_large_image","twitter_misc":{"\u00c9crit par":"Christian Ngeleka","Dur\u00e9e de lecture estim\u00e9e":"2 minutes"},"schema":{"@context":"https:\/\/schema.org","@graph":[{"@type":"Article","@id":"https:\/\/congo-actu.net\/index.php\/2026\/09\/02\/justice-le-verdict-dans-laffaire-frivao-renvoye-au-lundi-7-septembre\/#article","isPartOf":{"@id":"https:\/\/congo-actu.net\/index.php\/2026\/09\/02\/justice-le-verdict-dans-laffaire-frivao-renvoye-au-lundi-7-septembre\/"},"author":{"name":"Christian Ngeleka","@id":"https:\/\/congo-actu.net\/#\/schema\/person\/8c4f2b5b4ccb9e9eb30b6fc9186af543"},"headline":"Justice : Le verdict dans l\u2019affaire FRIVAO renvoy\u00e9 au lundi 7 septembre","datePublished":"2026-09-02T13:15:46+00:00","dateModified":"2026-09-02T13:15:47+00:00","mainEntityOfPage":{"@id":"https:\/\/congo-actu.net\/index.php\/2026\/09\/02\/justice-le-verdict-dans-laffaire-frivao-renvoye-au-lundi-7-septembre\/"},"wordCount":192,"image":{"@id":"https:\/\/congo-actu.net\/index.php\/2026\/09\/02\/justice-le-verdict-dans-laffaire-frivao-renvoye-au-lundi-7-septembre\/#primaryimage"},"thumbnailUrl":"https:\/\/congo-actu.net\/wp-content\/uploads\/2026\/09\/HRNg8bUWAAkN2PW.jpg","keywords":["Constant Mutamba","Cour de cassation","Frivao","Justice","RDC","Verdict"],"articleSection":["Politique"],"inLanguage":"fr-FR"},{"@type":"WebPage","@id":"https:\/\/congo-actu.net\/index.php\/2026\/09\/02\/justice-le-verdict-dans-laffaire-frivao-renvoye-au-lundi-7-septembre\/","url":"https:\/\/congo-actu.net\/index.php\/2026\/09\/02\/justice-le-verdict-dans-laffaire-frivao-renvoye-au-lundi-7-septembre\/","name":"Justice : Le verdict dans l\u2019affaire FRIVAO renvoy\u00e9 au lundi 7 septembre - Congo-actu.net","isPartOf":{"@id":"https:\/\/congo-actu.net\/#website"},"primaryImageOfPage":{"@id":"https:\/\/congo-actu.net\/index.php\/2026\/09\/02\/justice-le-verdict-dans-laffaire-frivao-renvoye-au-lundi-7-septembre\/#primaryimage"},"image":{"@id":"https:\/\/congo-actu.net\/index.php\/2026\/09\/02\/justice-le-verdict-dans-laffaire-frivao-renvoye-au-lundi-7-septembre\/#primaryimage"},"thumbnailUrl":"https:\/\/congo-actu.net\/wp-content\/uploads\/2026\/09\/HRNg8bUWAAkN2PW.jpg","datePublished":"2026-09-02T13:15:46+00:00","dateModified":"2026-09-02T13:15:47+00:00","author":{"@id":"https:\/\/congo-actu.net\/#\/schema\/person\/8c4f2b5b4ccb9e9eb30b6fc9186af543"},"breadcrumb":{"@id":"https:\/\/congo-actu.net\/index.php\/2026\/09\/02\/justice-le-verdict-dans-laffaire-frivao-renvoye-au-lundi-7-septembre\/#breadcrumb"},"inLanguage":"fr-FR","potentialAction":[{"@type":"ReadAction","target":["https:\/\/congo-actu.net\/index.php\/2026\/09\/02\/justice-le-verdict-dans-laffaire-frivao-renvoye-au-lundi-7-septembre\/"]}]},{"@type":"ImageObject","inLanguage":"fr-FR","@id":"https:\/\/congo-actu.net\/index.php\/2026\/09\/02\/justice-le-verdict-dans-laffaire-frivao-renvoye-au-lundi-7-septembre\/#primaryimage","url":"https:\/\/congo-actu.net\/wp-content\/uploads\/2026\/09\/HRNg8bUWAAkN2PW.jpg","contentUrl":"https:\/\/congo-actu.net\/wp-content\/uploads\/2026\/09\/HRNg8bUWAAkN2PW.jpg","width":2048,"height":1062},{"@type":"BreadcrumbList","@id":"https:\/\/congo-actu.net\/index.php\/2026\/09\/02\/justice-le-verdict-dans-laffaire-frivao-renvoye-au-lundi-7-septembre\/#breadcrumb","itemListElement":[{"@type":"ListItem","position":1,"name":"Accueil","item":"https:\/\/congo-actu.net\/"},{"@type":"ListItem","position":2,"name":"Justice : Le verdict dans l\u2019affaire FRIVAO renvoy\u00e9 au lundi 7 septembre"}]},{"@type":"WebSite","@id":"https:\/\/congo-actu.net\/#website","url":"https:\/\/congo-actu.net\/","name":"Congo-actu.net","description":"Les nouvelles de la RDC et d&#039;ailleurs en un clic","potentialAction":[{"@type":"SearchAction","target":{"@type":"EntryPoint","urlTemplate":"https:\/\/congo-actu.net\/?s={search_term_string}"},"query-input":{"@type":"PropertyValueSpecification","valueRequired":true,"valueName":"search_term_string"}}],"inLanguage":"fr-FR"},{"@type":"Person","@id":"https:\/\/congo-actu.net\/#\/schema\/person\/8c4f2b5b4ccb9e9eb30b6fc9186af543","name":"Christian Ngeleka","image":{"@type":"ImageObject","inLanguage":"fr-FR","@id":"https:\/\/congo-actu.net\/wp-content\/litespeed\/avatar\/267570a50b37451de19a5339884f28c8.jpg?ver=1787985945","url":"https:\/\/congo-actu.net\/wp-content\/litespeed\/avatar\/267570a50b37451de19a5339884f28c8.jpg?ver=1787985945","contentUrl":"https:\/\/congo-actu.net\/wp-content\/litespeed\/avatar\/267570a50b37451de19a5339884f28c8.jpg?ver=1787985945","caption":"Christian Ngeleka"},"url":"https:\/\/congo-actu.net\/index.php\/author\/chris-ngeleka\/"}]}},"amp_enabled":true,"_links":{"self":[{"href":"https:\/\/congo-actu.net\/index.php\/wp-json\/wp\/v2\/posts\/37036","targetHints":{"allow":["GET"]}}],"collection":[{"href":"https:\/\/congo-actu.net\/index.php\/wp-json\/wp\/v2\/posts"}],"about":[{"href":"https:\/\/congo-actu.net\/index.php\/wp-json\/wp\/v2\/types\/post"}],"author":[{"embeddable":true,"href":"https:\/\/congo-actu.net\/index.php\/wp-json\/wp\/v2\/users\/2"}],"replies":[{"embeddable":true,"href":"https:\/\/congo-actu.net\/index.php\/wp-json\/wp\/v2\/comments?post=37036"}],"version-history":[{"count":1,"href":"https:\/\/congo-actu.net\/index.php\/wp-json\/wp\/v2\/posts\/37036\/revisions"}],"predecessor-version":[{"id":37039,"href":"https:\/\/congo-actu.net\/index.php\/wp-json\/wp\/v2\/posts\/37036\/revisions\/37039"}],"wp:featuredmedia":[{"embeddable":true,"href":"https:\/\/congo-actu.net\/index.php\/wp-json\/wp\/v2\/media\/37037"}],"wp:attachment":[{"href":"https:\/\/congo-actu.net\/index.php\/wp-json\/wp\/v2\/media?parent=37036"}],"wp:term":[{"taxonomy":"category","embeddable":true,"href":"https:\/\/congo-actu.net\/index.php\/wp-json\/wp\/v2\/categories?post=37036"},{"taxonomy":"post_tag","embeddable":true,"href":"https:\/\/congo-actu.net\/index.php\/wp-json\/wp\/v2\/tags?post=37036"}],"curies":[{"name":"wp","href":"https:\/\/api.w.org\/{rel}","templated":true}]}}