{"id":37050,"date":"2026-09-03T13:25:13","date_gmt":"2026-09-03T11:25:13","guid":{"rendered":"https:\/\/congo-actu.net\/?p=37050"},"modified":"2026-09-03T13:25:15","modified_gmt":"2026-09-03T11:25:15","slug":"caf-ligue-des-champions-deplacement-express-de-lapr-fc-en-rdc-arrivee-le-jour-du-match-et-retour-a-kigali-dans-la-foulee","status":"publish","type":"post","link":"https:\/\/congo-actu.net\/index.php\/2026\/09\/03\/caf-ligue-des-champions-deplacement-express-de-lapr-fc-en-rdc-arrivee-le-jour-du-match-et-retour-a-kigali-dans-la-foulee\/","title":{"rendered":"CAF\u2013Ligue des Champions : d\u00e9placement express de l\u2019APR FC en RDC, arriv\u00e9e le jour du match et retour \u00e0 Kigali dans la foul\u00e9e"},"content":{"rendered":"\n<p class=\"wp-block-paragraph\"><strong>L\u2019APR FC du Rwanda va se rendre en R\u00e9publique d\u00e9mocratique du Congo, pr\u00e9cis\u00e9ment \u00e0 Lubumbashi o\u00f9 le cub va jouer pour le compte de la Ligue des Champions de la CAF. Pour ce d\u00e9placement, le club rwandais devrait rejoindre la capitale cuprif\u00e8re dimanche 6 septembre, le jour m\u00eame de sa rencontre face aux Aigles du Congo, \u00e0 bord d\u2019un jet priv\u00e9.<\/strong><\/p>\n\n\n\n<p class=\"wp-block-paragraph\">Selon certaines informations, la d\u00e9l\u00e9gation de l\u2019APR FC quittera Kigali tr\u00e8s t\u00f4t dans la matin\u00e9e afin de rejoindre Lubumbashi. L\u2019arriv\u00e9e est annonc\u00e9e aux alentours de 4 heures du matin.<\/p>\n\n\n\n<p class=\"wp-block-paragraph\">Apr\u00e8s un court repos, les joueurs devraient ainsi disputer directement la rencontre face aux Aigles du Congo. Une fois le match termin\u00e9, la d\u00e9l\u00e9gation rwandaise devrait reprendre le m\u00eame jet priv\u00e9 pour regagner Kigali dans la foul\u00e9e.<\/p>\n\n\n\n<p class=\"wp-block-paragraph\">Autre particularit\u00e9 annonc\u00e9e dans l\u2019organisation de ce d\u00e9placement : l\u2019APR FC aurait pr\u00e9vu de transporter depuis Kigali l\u2019ensemble de ses provisions alimentaires.<\/p>\n\n\n\n<p class=\"wp-block-paragraph\">Les repas, fruits ainsi que les diff\u00e9rentes boissons, y compris l\u2019eau, seraient pr\u00e9par\u00e9s et fournis depuis la capitale rwandaise plut\u00f4t que d\u2019\u00eatre achet\u00e9s ou pr\u00e9par\u00e9s sur place \u00e0 Lubumbashi.<\/p>\n\n\n\n<p class=\"wp-block-paragraph\">La rencontre entre les Aigles du Congo et l\u2019APR du Rwanda se jouera \u00e0 13h00 GMT au Stade Kibassa Maliba de Lubumbashi.<\/p>\n\n\n\n<p class=\"wp-block-paragraph\">Il sied de noter que ce dispositif t\u00e9moigne des relations tendues entre la R\u00e9publique D\u00e9mocratique du Congo et son voisin le Rwanda. Kigali est accus\u00e9 d\u2019entretenir l\u2019ins\u00e9curit\u00e9 dans l\u2019Est de la RDC en soutenant les rebelles de l\u2019AFC\/M23.<\/p>\n","protected":false},"excerpt":{"rendered":"<p>L\u2019APR FC du Rwanda va se rendre en R\u00e9publique d\u00e9mocratique du Congo, pr\u00e9cis\u00e9ment \u00e0 Lubumbashi o\u00f9 le cub va jouer pour le compte de la Ligue des Champions de la CAF. Pour ce d\u00e9placement, le club rwandais devrait rejoindre la capitale cuprif\u00e8re dimanche 6 septembre, le jour m\u00eame de sa rencontre face aux Aigles du<\/p>\n","protected":false},"author":2,"featured_media":37051,"comment_status":"closed","ping_status":"closed","sticky":false,"template":"","format":"standard","meta":{"footnotes":""},"categories":[196,204,108,45,155],"tags":[7371,9584,5450,3464,696,93,9585],"class_list":["post-37050","post","type-post","status-publish","format-standard","has-post-thumbnail","category-foot-afrique","category-leopards-foot","category-ligues-des-champions-uefa","category-sports","category-example-4","tag-aigles-du-congo","tag-apr-fc","tag-caf-champions-league","tag-ligue-des-champions","tag-lubumbashi","tag-rdc","tag-stade-kibassa-maliba"],"yoast_head":"<!-- This site is optimized with the Yoast SEO plugin v28.2 - https:\/\/yoast.com\/product\/yoast-seo-wordpress\/ -->\n<title>CAF\u2013Ligue des Champions : d\u00e9placement express de l\u2019APR FC en RDC, arriv\u00e9e le jour du match et retour \u00e0 Kigali dans la foul\u00e9e - Congo-actu.net<\/title>\n<meta name=\"robots\" content=\"index, follow, max-snippet:-1, max-image-preview:large, max-video-preview:-1\" \/>\n<link rel=\"canonical\" href=\"https:\/\/congo-actu.net\/index.php\/2026\/09\/03\/caf-ligue-des-champions-deplacement-express-de-lapr-fc-en-rdc-arrivee-le-jour-du-match-et-retour-a-kigali-dans-la-foulee\/\" \/>\n<meta property=\"og:locale\" content=\"fr_FR\" \/>\n<meta property=\"og:type\" content=\"article\" \/>\n<meta property=\"og:title\" content=\"CAF\u2013Ligue des Champions : d\u00e9placement express de l\u2019APR FC en RDC, arriv\u00e9e le jour du match et retour \u00e0 Kigali dans la foul\u00e9e - Congo-actu.net\" \/>\n<meta property=\"og:description\" content=\"L\u2019APR FC du Rwanda va se rendre en R\u00e9publique d\u00e9mocratique du Congo, pr\u00e9cis\u00e9ment \u00e0 Lubumbashi o\u00f9 le cub va jouer pour le compte de la Ligue des Champions de la CAF. Pour ce d\u00e9placement, le club rwandais devrait rejoindre la capitale cuprif\u00e8re dimanche 6 septembre, le jour m\u00eame de sa rencontre face aux Aigles du\" \/>\n<meta property=\"og:url\" content=\"https:\/\/congo-actu.net\/index.php\/2026\/09\/03\/caf-ligue-des-champions-deplacement-express-de-lapr-fc-en-rdc-arrivee-le-jour-du-match-et-retour-a-kigali-dans-la-foulee\/\" \/>\n<meta property=\"og:site_name\" content=\"Congo-actu.net\" \/>\n<meta property=\"article:published_time\" content=\"2026-09-03T11:25:13+00:00\" \/>\n<meta property=\"article:modified_time\" content=\"2026-09-03T11:25:15+00:00\" \/>\n<meta property=\"og:image\" content=\"https:\/\/congo-actu.net\/wp-content\/uploads\/2026\/09\/1788434302546.jpg\" \/>\n\t<meta property=\"og:image:width\" content=\"720\" \/>\n\t<meta property=\"og:image:height\" content=\"508\" \/>\n\t<meta property=\"og:image:type\" content=\"image\/jpeg\" \/>\n<meta name=\"author\" content=\"Christian Ngeleka\" \/>\n<meta name=\"twitter:card\" content=\"summary_large_image\" \/>\n<meta name=\"twitter:label1\" content=\"\u00c9crit par\" \/>\n\t<meta name=\"twitter:data1\" content=\"Christian Ngeleka\" \/>\n\t<meta name=\"twitter:label2\" content=\"Dur\u00e9e de lecture estim\u00e9e\" \/>\n\t<meta name=\"twitter:data2\" content=\"2 minutes\" \/>\n<script type=\"application\/ld+json\" class=\"yoast-schema-graph\">{\"@context\":\"https:\\\/\\\/schema.org\",\"@graph\":[{\"@type\":\"Article\",\"@id\":\"https:\\\/\\\/congo-actu.net\\\/index.php\\\/2026\\\/09\\\/03\\\/caf-ligue-des-champions-deplacement-express-de-lapr-fc-en-rdc-arrivee-le-jour-du-match-et-retour-a-kigali-dans-la-foulee\\\/#article\",\"isPartOf\":{\"@id\":\"https:\\\/\\\/congo-actu.net\\\/index.php\\\/2026\\\/09\\\/03\\\/caf-ligue-des-champions-deplacement-express-de-lapr-fc-en-rdc-arrivee-le-jour-du-match-et-retour-a-kigali-dans-la-foulee\\\/\"},\"author\":{\"name\":\"Christian Ngeleka\",\"@id\":\"https:\\\/\\\/congo-actu.net\\\/#\\\/schema\\\/person\\\/8c4f2b5b4ccb9e9eb30b6fc9186af543\"},\"headline\":\"CAF\u2013Ligue des Champions : d\u00e9placement express de l\u2019APR FC en RDC, arriv\u00e9e le jour du match et retour \u00e0 Kigali dans la foul\u00e9e\",\"datePublished\":\"2026-09-03T11:25:13+00:00\",\"dateModified\":\"2026-09-03T11:25:15+00:00\",\"mainEntityOfPage\":{\"@id\":\"https:\\\/\\\/congo-actu.net\\\/index.php\\\/2026\\\/09\\\/03\\\/caf-ligue-des-champions-deplacement-express-de-lapr-fc-en-rdc-arrivee-le-jour-du-match-et-retour-a-kigali-dans-la-foulee\\\/\"},\"wordCount\":305,\"image\":{\"@id\":\"https:\\\/\\\/congo-actu.net\\\/index.php\\\/2026\\\/09\\\/03\\\/caf-ligue-des-champions-deplacement-express-de-lapr-fc-en-rdc-arrivee-le-jour-du-match-et-retour-a-kigali-dans-la-foulee\\\/#primaryimage\"},\"thumbnailUrl\":\"https:\\\/\\\/congo-actu.net\\\/wp-content\\\/uploads\\\/2026\\\/09\\\/1788434302546.jpg\",\"keywords\":[\"Aigles du Congo\",\"APR FC\",\"CAF Champions League\",\"Ligue des Champions\",\"Lubumbashi\",\"RDC\",\"Stade Kibassa Maliba\"],\"articleSection\":[\"Foot Afrique\",\"Leopards Foot\",\"Ligues des Champions - UEFA\",\"Sports\",\"Sports\"],\"inLanguage\":\"fr-FR\"},{\"@type\":\"WebPage\",\"@id\":\"https:\\\/\\\/congo-actu.net\\\/index.php\\\/2026\\\/09\\\/03\\\/caf-ligue-des-champions-deplacement-express-de-lapr-fc-en-rdc-arrivee-le-jour-du-match-et-retour-a-kigali-dans-la-foulee\\\/\",\"url\":\"https:\\\/\\\/congo-actu.net\\\/index.php\\\/2026\\\/09\\\/03\\\/caf-ligue-des-champions-deplacement-express-de-lapr-fc-en-rdc-arrivee-le-jour-du-match-et-retour-a-kigali-dans-la-foulee\\\/\",\"name\":\"CAF\u2013Ligue des Champions : d\u00e9placement express de l\u2019APR FC en RDC, arriv\u00e9e le jour du match et retour \u00e0 Kigali dans la foul\u00e9e - Congo-actu.net\",\"isPartOf\":{\"@id\":\"https:\\\/\\\/congo-actu.net\\\/#website\"},\"primaryImageOfPage\":{\"@id\":\"https:\\\/\\\/congo-actu.net\\\/index.php\\\/2026\\\/09\\\/03\\\/caf-ligue-des-champions-deplacement-express-de-lapr-fc-en-rdc-arrivee-le-jour-du-match-et-retour-a-kigali-dans-la-foulee\\\/#primaryimage\"},\"image\":{\"@id\":\"https:\\\/\\\/congo-actu.net\\\/index.php\\\/2026\\\/09\\\/03\\\/caf-ligue-des-champions-deplacement-express-de-lapr-fc-en-rdc-arrivee-le-jour-du-match-et-retour-a-kigali-dans-la-foulee\\\/#primaryimage\"},\"thumbnailUrl\":\"https:\\\/\\\/congo-actu.net\\\/wp-content\\\/uploads\\\/2026\\\/09\\\/1788434302546.jpg\",\"datePublished\":\"2026-09-03T11:25:13+00:00\",\"dateModified\":\"2026-09-03T11:25:15+00:00\",\"author\":{\"@id\":\"https:\\\/\\\/congo-actu.net\\\/#\\\/schema\\\/person\\\/8c4f2b5b4ccb9e9eb30b6fc9186af543\"},\"breadcrumb\":{\"@id\":\"https:\\\/\\\/congo-actu.net\\\/index.php\\\/2026\\\/09\\\/03\\\/caf-ligue-des-champions-deplacement-express-de-lapr-fc-en-rdc-arrivee-le-jour-du-match-et-retour-a-kigali-dans-la-foulee\\\/#breadcrumb\"},\"inLanguage\":\"fr-FR\",\"potentialAction\":[{\"@type\":\"ReadAction\",\"target\":[\"https:\\\/\\\/congo-actu.net\\\/index.php\\\/2026\\\/09\\\/03\\\/caf-ligue-des-champions-deplacement-express-de-lapr-fc-en-rdc-arrivee-le-jour-du-match-et-retour-a-kigali-dans-la-foulee\\\/\"]}]},{\"@type\":\"ImageObject\",\"inLanguage\":\"fr-FR\",\"@id\":\"https:\\\/\\\/congo-actu.net\\\/index.php\\\/2026\\\/09\\\/03\\\/caf-ligue-des-champions-deplacement-express-de-lapr-fc-en-rdc-arrivee-le-jour-du-match-et-retour-a-kigali-dans-la-foulee\\\/#primaryimage\",\"url\":\"https:\\\/\\\/congo-actu.net\\\/wp-content\\\/uploads\\\/2026\\\/09\\\/1788434302546.jpg\",\"contentUrl\":\"https:\\\/\\\/congo-actu.net\\\/wp-content\\\/uploads\\\/2026\\\/09\\\/1788434302546.jpg\",\"width\":720,\"height\":508},{\"@type\":\"BreadcrumbList\",\"@id\":\"https:\\\/\\\/congo-actu.net\\\/index.php\\\/2026\\\/09\\\/03\\\/caf-ligue-des-champions-deplacement-express-de-lapr-fc-en-rdc-arrivee-le-jour-du-match-et-retour-a-kigali-dans-la-foulee\\\/#breadcrumb\",\"itemListElement\":[{\"@type\":\"ListItem\",\"position\":1,\"name\":\"Accueil\",\"item\":\"https:\\\/\\\/congo-actu.net\\\/\"},{\"@type\":\"ListItem\",\"position\":2,\"name\":\"CAF\u2013Ligue des Champions : d\u00e9placement express de l\u2019APR FC en RDC, arriv\u00e9e le jour du match et retour \u00e0 Kigali dans la foul\u00e9e\"}]},{\"@type\":\"WebSite\",\"@id\":\"https:\\\/\\\/congo-actu.net\\\/#website\",\"url\":\"https:\\\/\\\/congo-actu.net\\\/\",\"name\":\"Congo-actu.net\",\"description\":\"Les nouvelles de la RDC et d&#039;ailleurs en un clic\",\"potentialAction\":[{\"@type\":\"SearchAction\",\"target\":{\"@type\":\"EntryPoint\",\"urlTemplate\":\"https:\\\/\\\/congo-actu.net\\\/?s={search_term_string}\"},\"query-input\":{\"@type\":\"PropertyValueSpecification\",\"valueRequired\":true,\"valueName\":\"search_term_string\"}}],\"inLanguage\":\"fr-FR\"},{\"@type\":\"Person\",\"@id\":\"https:\\\/\\\/congo-actu.net\\\/#\\\/schema\\\/person\\\/8c4f2b5b4ccb9e9eb30b6fc9186af543\",\"name\":\"Christian Ngeleka\",\"image\":{\"@type\":\"ImageObject\",\"inLanguage\":\"fr-FR\",\"@id\":\"https:\\\/\\\/congo-actu.net\\\/wp-content\\\/litespeed\\\/avatar\\\/267570a50b37451de19a5339884f28c8.jpg?ver=1787985945\",\"url\":\"https:\\\/\\\/congo-actu.net\\\/wp-content\\\/litespeed\\\/avatar\\\/267570a50b37451de19a5339884f28c8.jpg?ver=1787985945\",\"contentUrl\":\"https:\\\/\\\/congo-actu.net\\\/wp-content\\\/litespeed\\\/avatar\\\/267570a50b37451de19a5339884f28c8.jpg?ver=1787985945\",\"caption\":\"Christian Ngeleka\"},\"url\":\"https:\\\/\\\/congo-actu.net\\\/index.php\\\/author\\\/chris-ngeleka\\\/\"}]}<\/script>\n<!-- \/ Yoast SEO plugin. -->","yoast_head_json":{"title":"CAF\u2013Ligue des Champions : d\u00e9placement express de l\u2019APR FC en RDC, arriv\u00e9e le jour du match et retour \u00e0 Kigali dans la foul\u00e9e - Congo-actu.net","robots":{"index":"index","follow":"follow","max-snippet":"max-snippet:-1","max-image-preview":"max-image-preview:large","max-video-preview":"max-video-preview:-1"},"canonical":"https:\/\/congo-actu.net\/index.php\/2026\/09\/03\/caf-ligue-des-champions-deplacement-express-de-lapr-fc-en-rdc-arrivee-le-jour-du-match-et-retour-a-kigali-dans-la-foulee\/","og_locale":"fr_FR","og_type":"article","og_title":"CAF\u2013Ligue des Champions : d\u00e9placement express de l\u2019APR FC en RDC, arriv\u00e9e le jour du match et retour \u00e0 Kigali dans la foul\u00e9e - Congo-actu.net","og_description":"L\u2019APR FC du Rwanda va se rendre en R\u00e9publique d\u00e9mocratique du Congo, pr\u00e9cis\u00e9ment \u00e0 Lubumbashi o\u00f9 le cub va jouer pour le compte de la Ligue des Champions de la CAF. Pour ce d\u00e9placement, le club rwandais devrait rejoindre la capitale cuprif\u00e8re dimanche 6 septembre, le jour m\u00eame de sa rencontre face aux Aigles du","og_url":"https:\/\/congo-actu.net\/index.php\/2026\/09\/03\/caf-ligue-des-champions-deplacement-express-de-lapr-fc-en-rdc-arrivee-le-jour-du-match-et-retour-a-kigali-dans-la-foulee\/","og_site_name":"Congo-actu.net","article_published_time":"2026-09-03T11:25:13+00:00","article_modified_time":"2026-09-03T11:25:15+00:00","og_image":[{"width":720,"height":508,"url":"https:\/\/congo-actu.net\/wp-content\/uploads\/2026\/09\/1788434302546.jpg","type":"image\/jpeg"}],"author":"Christian Ngeleka","twitter_card":"summary_large_image","twitter_misc":{"\u00c9crit par":"Christian Ngeleka","Dur\u00e9e de lecture estim\u00e9e":"2 minutes"},"schema":{"@context":"https:\/\/schema.org","@graph":[{"@type":"Article","@id":"https:\/\/congo-actu.net\/index.php\/2026\/09\/03\/caf-ligue-des-champions-deplacement-express-de-lapr-fc-en-rdc-arrivee-le-jour-du-match-et-retour-a-kigali-dans-la-foulee\/#article","isPartOf":{"@id":"https:\/\/congo-actu.net\/index.php\/2026\/09\/03\/caf-ligue-des-champions-deplacement-express-de-lapr-fc-en-rdc-arrivee-le-jour-du-match-et-retour-a-kigali-dans-la-foulee\/"},"author":{"name":"Christian Ngeleka","@id":"https:\/\/congo-actu.net\/#\/schema\/person\/8c4f2b5b4ccb9e9eb30b6fc9186af543"},"headline":"CAF\u2013Ligue des Champions : d\u00e9placement express de l\u2019APR FC en RDC, arriv\u00e9e le jour du match et retour \u00e0 Kigali dans la foul\u00e9e","datePublished":"2026-09-03T11:25:13+00:00","dateModified":"2026-09-03T11:25:15+00:00","mainEntityOfPage":{"@id":"https:\/\/congo-actu.net\/index.php\/2026\/09\/03\/caf-ligue-des-champions-deplacement-express-de-lapr-fc-en-rdc-arrivee-le-jour-du-match-et-retour-a-kigali-dans-la-foulee\/"},"wordCount":305,"image":{"@id":"https:\/\/congo-actu.net\/index.php\/2026\/09\/03\/caf-ligue-des-champions-deplacement-express-de-lapr-fc-en-rdc-arrivee-le-jour-du-match-et-retour-a-kigali-dans-la-foulee\/#primaryimage"},"thumbnailUrl":"https:\/\/congo-actu.net\/wp-content\/uploads\/2026\/09\/1788434302546.jpg","keywords":["Aigles du Congo","APR FC","CAF Champions League","Ligue des Champions","Lubumbashi","RDC","Stade Kibassa Maliba"],"articleSection":["Foot Afrique","Leopards Foot","Ligues des Champions - UEFA","Sports","Sports"],"inLanguage":"fr-FR"},{"@type":"WebPage","@id":"https:\/\/congo-actu.net\/index.php\/2026\/09\/03\/caf-ligue-des-champions-deplacement-express-de-lapr-fc-en-rdc-arrivee-le-jour-du-match-et-retour-a-kigali-dans-la-foulee\/","url":"https:\/\/congo-actu.net\/index.php\/2026\/09\/03\/caf-ligue-des-champions-deplacement-express-de-lapr-fc-en-rdc-arrivee-le-jour-du-match-et-retour-a-kigali-dans-la-foulee\/","name":"CAF\u2013Ligue des Champions : d\u00e9placement express de l\u2019APR FC en RDC, arriv\u00e9e le jour du match et retour \u00e0 Kigali dans la foul\u00e9e - Congo-actu.net","isPartOf":{"@id":"https:\/\/congo-actu.net\/#website"},"primaryImageOfPage":{"@id":"https:\/\/congo-actu.net\/index.php\/2026\/09\/03\/caf-ligue-des-champions-deplacement-express-de-lapr-fc-en-rdc-arrivee-le-jour-du-match-et-retour-a-kigali-dans-la-foulee\/#primaryimage"},"image":{"@id":"https:\/\/congo-actu.net\/index.php\/2026\/09\/03\/caf-ligue-des-champions-deplacement-express-de-lapr-fc-en-rdc-arrivee-le-jour-du-match-et-retour-a-kigali-dans-la-foulee\/#primaryimage"},"thumbnailUrl":"https:\/\/congo-actu.net\/wp-content\/uploads\/2026\/09\/1788434302546.jpg","datePublished":"2026-09-03T11:25:13+00:00","dateModified":"2026-09-03T11:25:15+00:00","author":{"@id":"https:\/\/congo-actu.net\/#\/schema\/person\/8c4f2b5b4ccb9e9eb30b6fc9186af543"},"breadcrumb":{"@id":"https:\/\/congo-actu.net\/index.php\/2026\/09\/03\/caf-ligue-des-champions-deplacement-express-de-lapr-fc-en-rdc-arrivee-le-jour-du-match-et-retour-a-kigali-dans-la-foulee\/#breadcrumb"},"inLanguage":"fr-FR","potentialAction":[{"@type":"ReadAction","target":["https:\/\/congo-actu.net\/index.php\/2026\/09\/03\/caf-ligue-des-champions-deplacement-express-de-lapr-fc-en-rdc-arrivee-le-jour-du-match-et-retour-a-kigali-dans-la-foulee\/"]}]},{"@type":"ImageObject","inLanguage":"fr-FR","@id":"https:\/\/congo-actu.net\/index.php\/2026\/09\/03\/caf-ligue-des-champions-deplacement-express-de-lapr-fc-en-rdc-arrivee-le-jour-du-match-et-retour-a-kigali-dans-la-foulee\/#primaryimage","url":"https:\/\/congo-actu.net\/wp-content\/uploads\/2026\/09\/1788434302546.jpg","contentUrl":"https:\/\/congo-actu.net\/wp-content\/uploads\/2026\/09\/1788434302546.jpg","width":720,"height":508},{"@type":"BreadcrumbList","@id":"https:\/\/congo-actu.net\/index.php\/2026\/09\/03\/caf-ligue-des-champions-deplacement-express-de-lapr-fc-en-rdc-arrivee-le-jour-du-match-et-retour-a-kigali-dans-la-foulee\/#breadcrumb","itemListElement":[{"@type":"ListItem","position":1,"name":"Accueil","item":"https:\/\/congo-actu.net\/"},{"@type":"ListItem","position":2,"name":"CAF\u2013Ligue des Champions : d\u00e9placement express de l\u2019APR FC en RDC, arriv\u00e9e le jour du match et retour \u00e0 Kigali dans la foul\u00e9e"}]},{"@type":"WebSite","@id":"https:\/\/congo-actu.net\/#website","url":"https:\/\/congo-actu.net\/","name":"Congo-actu.net","description":"Les nouvelles de la RDC et d&#039;ailleurs en un clic","potentialAction":[{"@type":"SearchAction","target":{"@type":"EntryPoint","urlTemplate":"https:\/\/congo-actu.net\/?s={search_term_string}"},"query-input":{"@type":"PropertyValueSpecification","valueRequired":true,"valueName":"search_term_string"}}],"inLanguage":"fr-FR"},{"@type":"Person","@id":"https:\/\/congo-actu.net\/#\/schema\/person\/8c4f2b5b4ccb9e9eb30b6fc9186af543","name":"Christian Ngeleka","image":{"@type":"ImageObject","inLanguage":"fr-FR","@id":"https:\/\/congo-actu.net\/wp-content\/litespeed\/avatar\/267570a50b37451de19a5339884f28c8.jpg?ver=1787985945","url":"https:\/\/congo-actu.net\/wp-content\/litespeed\/avatar\/267570a50b37451de19a5339884f28c8.jpg?ver=1787985945","contentUrl":"https:\/\/congo-actu.net\/wp-content\/litespeed\/avatar\/267570a50b37451de19a5339884f28c8.jpg?ver=1787985945","caption":"Christian Ngeleka"},"url":"https:\/\/congo-actu.net\/index.php\/author\/chris-ngeleka\/"}]}},"amp_enabled":true,"_links":{"self":[{"href":"https:\/\/congo-actu.net\/index.php\/wp-json\/wp\/v2\/posts\/37050","targetHints":{"allow":["GET"]}}],"collection":[{"href":"https:\/\/congo-actu.net\/index.php\/wp-json\/wp\/v2\/posts"}],"about":[{"href":"https:\/\/congo-actu.net\/index.php\/wp-json\/wp\/v2\/types\/post"}],"author":[{"embeddable":true,"href":"https:\/\/congo-actu.net\/index.php\/wp-json\/wp\/v2\/users\/2"}],"replies":[{"embeddable":true,"href":"https:\/\/congo-actu.net\/index.php\/wp-json\/wp\/v2\/comments?post=37050"}],"version-history":[{"count":1,"href":"https:\/\/congo-actu.net\/index.php\/wp-json\/wp\/v2\/posts\/37050\/revisions"}],"predecessor-version":[{"id":37053,"href":"https:\/\/congo-actu.net\/index.php\/wp-json\/wp\/v2\/posts\/37050\/revisions\/37053"}],"wp:featuredmedia":[{"embeddable":true,"href":"https:\/\/congo-actu.net\/index.php\/wp-json\/wp\/v2\/media\/37051"}],"wp:attachment":[{"href":"https:\/\/congo-actu.net\/index.php\/wp-json\/wp\/v2\/media?parent=37050"}],"wp:term":[{"taxonomy":"category","embeddable":true,"href":"https:\/\/congo-actu.net\/index.php\/wp-json\/wp\/v2\/categories?post=37050"},{"taxonomy":"post_tag","embeddable":true,"href":"https:\/\/congo-actu.net\/index.php\/wp-json\/wp\/v2\/tags?post=37050"}],"curies":[{"name":"wp","href":"https:\/\/api.w.org\/{rel}","templated":true}]}}