{"id":37062,"date":"2026-09-04T13:54:52","date_gmt":"2026-09-04T11:54:52","guid":{"rendered":"https:\/\/congo-actu.net\/?p=37062"},"modified":"2026-09-04T13:54:55","modified_gmt":"2026-09-04T11:54:55","slug":"mbujimayi-jean-marie-lutumba-remercie-denise-nyakeru-tshisekedi-pour-son-appui-a-lassainissement-des-marches-urbains","status":"publish","type":"post","link":"https:\/\/congo-actu.net\/index.php\/2026\/09\/04\/mbujimayi-jean-marie-lutumba-remercie-denise-nyakeru-tshisekedi-pour-son-appui-a-lassainissement-des-marches-urbains\/","title":{"rendered":"Mbujimayi : Jean-Marie Lutumba remercie Denise Nyakeru Tshisekedi pour son appui \u00e0 l\u2019assainissement des march\u00e9s urbains"},"content":{"rendered":"\n<p class=\"wp-block-paragraph\"><strong>Le maire de la ville Mbujimayi, dans la province du Kasa\u00ef oriental, a exprim\u00e9 sa reconnaissance \u00e0 la Premi\u00e8re Dame de la R\u00e9publique d\u00e9mocratique du Congo, Denise Nyakeru Tshisekedi, pour son soutien aux actions d\u2019assainissement des march\u00e9s urbains de sa juridiction. Jean Marie Lutumba Katupu Moyi l&rsquo;a fait savoir \u00e0 travers un communiqu\u00e9 ce jeudi 03 septembre.<\/strong><br>\u200e<br>\u200eL&rsquo;autorit\u00e9 urbaine a notamment salue la mise \u00e0 disposition de plusieurs \u00e9quipements destin\u00e9s \u00e0 am\u00e9liorer les conditions d\u2019hygi\u00e8ne dans les diff\u00e9rents march\u00e9s de la ville. Selon le maire, cet appui contribue \u00e9galement \u00e0 \u00ab\u00a0redorer davantage l\u2019image de la Ville pr\u00e9sidentielle \u00bb.<br>\u200e<br>\u200eJean-Marie Lutumba a, en outre, salu\u00e9 l\u2019initiative de la Premi\u00e8re Dame concernant la modernisation des infrastructures marchandes. Denise Nyakeru a pos\u00e9, \u00e0 cette occasion, la premi\u00e8re pierre pour la construction de hangars de type moderne au march\u00e9 Wetrafa, ex-SIMIS.<br>\u200e<br>\u200eLe maire de la ville de Mbujimayi a appel\u00e9 les b\u00e9n\u00e9ficiaires et les utilisateurs des \u00e9quipements mis \u00e0 leur disposition \u00e0 en faire un usage responsable.<br>\u200e<br>\u200e\u00ab <em>Par la m\u00eame occasion, l\u2019Autorit\u00e9 Urbaine invite les b\u00e9n\u00e9ficiaires et utilisateurs \u00e0 faire bon usage de mat\u00e9riels mis \u00e0 leur disposition<\/em> \u00bb, a-t-il conclu son message.<br>\u200e<br>\u200eIl sied de rappeler que la Premi\u00e8re Dame de la R\u00e9publique D\u00e9mocratique du Congo a, ce mercredi 02 septembre 2026, pos\u00e9 la premi\u00e8re pierre pour la modernisation du march\u00e9 Wetrafa Ex-SIMIS.<\/p>\n","protected":false},"excerpt":{"rendered":"<p>Le maire de la ville Mbujimayi, dans la province du Kasa\u00ef oriental, a exprim\u00e9 sa reconnaissance \u00e0 la Premi\u00e8re Dame de la R\u00e9publique d\u00e9mocratique du Congo, Denise Nyakeru Tshisekedi, pour son soutien aux actions d\u2019assainissement des march\u00e9s urbains de sa juridiction. Jean Marie Lutumba Katupu Moyi l&rsquo;a fait savoir \u00e0 travers un communiqu\u00e9 ce jeudi<\/p>\n","protected":false},"author":2,"featured_media":37064,"comment_status":"closed","ping_status":"closed","sticky":false,"template":"","format":"standard","meta":{"footnotes":""},"categories":[40],"tags":[9574,9588,82,9589,8806,93],"class_list":["post-37062","post","type-post","status-publish","format-standard","has-post-thumbnail","category-politique","tag-denise-nyakeru-2","tag-jean-marie-lutumba-2","tag-kasai-oriental","tag-maire-de-mbujimayi","tag-marche-simis","tag-rdc"],"yoast_head":"<!-- This site is optimized with the Yoast SEO plugin v28.2 - https:\/\/yoast.com\/product\/yoast-seo-wordpress\/ -->\n<title>Mbujimayi : Jean-Marie Lutumba remercie Denise Nyakeru Tshisekedi pour son appui \u00e0 l\u2019assainissement des march\u00e9s urbains - Congo-actu.net<\/title>\n<meta name=\"robots\" content=\"index, follow, max-snippet:-1, max-image-preview:large, max-video-preview:-1\" \/>\n<link rel=\"canonical\" href=\"https:\/\/congo-actu.net\/index.php\/2026\/09\/04\/mbujimayi-jean-marie-lutumba-remercie-denise-nyakeru-tshisekedi-pour-son-appui-a-lassainissement-des-marches-urbains\/\" \/>\n<meta property=\"og:locale\" content=\"fr_FR\" \/>\n<meta property=\"og:type\" content=\"article\" \/>\n<meta property=\"og:title\" content=\"Mbujimayi : Jean-Marie Lutumba remercie Denise Nyakeru Tshisekedi pour son appui \u00e0 l\u2019assainissement des march\u00e9s urbains - Congo-actu.net\" \/>\n<meta property=\"og:description\" content=\"Le maire de la ville Mbujimayi, dans la province du Kasa\u00ef oriental, a exprim\u00e9 sa reconnaissance \u00e0 la Premi\u00e8re Dame de la R\u00e9publique d\u00e9mocratique du Congo, Denise Nyakeru Tshisekedi, pour son soutien aux actions d\u2019assainissement des march\u00e9s urbains de sa juridiction. Jean Marie Lutumba Katupu Moyi l&rsquo;a fait savoir \u00e0 travers un communiqu\u00e9 ce jeudi\" \/>\n<meta property=\"og:url\" content=\"https:\/\/congo-actu.net\/index.php\/2026\/09\/04\/mbujimayi-jean-marie-lutumba-remercie-denise-nyakeru-tshisekedi-pour-son-appui-a-lassainissement-des-marches-urbains\/\" \/>\n<meta property=\"og:site_name\" content=\"Congo-actu.net\" \/>\n<meta property=\"article:published_time\" content=\"2026-09-04T11:54:52+00:00\" \/>\n<meta property=\"article:modified_time\" content=\"2026-09-04T11:54:55+00:00\" \/>\n<meta property=\"og:image\" content=\"https:\/\/congo-actu.net\/wp-content\/uploads\/2026\/09\/1788522421392.jpg\" \/>\n\t<meta property=\"og:image:width\" content=\"720\" \/>\n\t<meta property=\"og:image:height\" content=\"405\" \/>\n\t<meta property=\"og:image:type\" content=\"image\/jpeg\" \/>\n<meta name=\"author\" content=\"Christian Ngeleka\" \/>\n<meta name=\"twitter:card\" content=\"summary_large_image\" \/>\n<meta name=\"twitter:label1\" content=\"\u00c9crit par\" \/>\n\t<meta name=\"twitter:data1\" content=\"Christian Ngeleka\" \/>\n\t<meta name=\"twitter:label2\" content=\"Dur\u00e9e de lecture estim\u00e9e\" \/>\n\t<meta name=\"twitter:data2\" content=\"2 minutes\" \/>\n<script type=\"application\/ld+json\" class=\"yoast-schema-graph\">{\"@context\":\"https:\\\/\\\/schema.org\",\"@graph\":[{\"@type\":\"Article\",\"@id\":\"https:\\\/\\\/congo-actu.net\\\/index.php\\\/2026\\\/09\\\/04\\\/mbujimayi-jean-marie-lutumba-remercie-denise-nyakeru-tshisekedi-pour-son-appui-a-lassainissement-des-marches-urbains\\\/#article\",\"isPartOf\":{\"@id\":\"https:\\\/\\\/congo-actu.net\\\/index.php\\\/2026\\\/09\\\/04\\\/mbujimayi-jean-marie-lutumba-remercie-denise-nyakeru-tshisekedi-pour-son-appui-a-lassainissement-des-marches-urbains\\\/\"},\"author\":{\"name\":\"Christian Ngeleka\",\"@id\":\"https:\\\/\\\/congo-actu.net\\\/#\\\/schema\\\/person\\\/8c4f2b5b4ccb9e9eb30b6fc9186af543\"},\"headline\":\"Mbujimayi : Jean-Marie Lutumba remercie Denise Nyakeru Tshisekedi pour son appui \u00e0 l\u2019assainissement des march\u00e9s urbains\",\"datePublished\":\"2026-09-04T11:54:52+00:00\",\"dateModified\":\"2026-09-04T11:54:55+00:00\",\"mainEntityOfPage\":{\"@id\":\"https:\\\/\\\/congo-actu.net\\\/index.php\\\/2026\\\/09\\\/04\\\/mbujimayi-jean-marie-lutumba-remercie-denise-nyakeru-tshisekedi-pour-son-appui-a-lassainissement-des-marches-urbains\\\/\"},\"wordCount\":250,\"image\":{\"@id\":\"https:\\\/\\\/congo-actu.net\\\/index.php\\\/2026\\\/09\\\/04\\\/mbujimayi-jean-marie-lutumba-remercie-denise-nyakeru-tshisekedi-pour-son-appui-a-lassainissement-des-marches-urbains\\\/#primaryimage\"},\"thumbnailUrl\":\"https:\\\/\\\/congo-actu.net\\\/wp-content\\\/uploads\\\/2026\\\/09\\\/1788522421392.jpg\",\"keywords\":[\"Denise Nyakeru\",\"Jean-Marie Lutumba\",\"Kasa\u00ef Oriental\",\"Maire de Mbujimayi\",\"march\u00e9 simis\",\"RDC\"],\"articleSection\":[\"Politique\"],\"inLanguage\":\"fr-FR\"},{\"@type\":\"WebPage\",\"@id\":\"https:\\\/\\\/congo-actu.net\\\/index.php\\\/2026\\\/09\\\/04\\\/mbujimayi-jean-marie-lutumba-remercie-denise-nyakeru-tshisekedi-pour-son-appui-a-lassainissement-des-marches-urbains\\\/\",\"url\":\"https:\\\/\\\/congo-actu.net\\\/index.php\\\/2026\\\/09\\\/04\\\/mbujimayi-jean-marie-lutumba-remercie-denise-nyakeru-tshisekedi-pour-son-appui-a-lassainissement-des-marches-urbains\\\/\",\"name\":\"Mbujimayi : Jean-Marie Lutumba remercie Denise Nyakeru Tshisekedi pour son appui \u00e0 l\u2019assainissement des march\u00e9s urbains - Congo-actu.net\",\"isPartOf\":{\"@id\":\"https:\\\/\\\/congo-actu.net\\\/#website\"},\"primaryImageOfPage\":{\"@id\":\"https:\\\/\\\/congo-actu.net\\\/index.php\\\/2026\\\/09\\\/04\\\/mbujimayi-jean-marie-lutumba-remercie-denise-nyakeru-tshisekedi-pour-son-appui-a-lassainissement-des-marches-urbains\\\/#primaryimage\"},\"image\":{\"@id\":\"https:\\\/\\\/congo-actu.net\\\/index.php\\\/2026\\\/09\\\/04\\\/mbujimayi-jean-marie-lutumba-remercie-denise-nyakeru-tshisekedi-pour-son-appui-a-lassainissement-des-marches-urbains\\\/#primaryimage\"},\"thumbnailUrl\":\"https:\\\/\\\/congo-actu.net\\\/wp-content\\\/uploads\\\/2026\\\/09\\\/1788522421392.jpg\",\"datePublished\":\"2026-09-04T11:54:52+00:00\",\"dateModified\":\"2026-09-04T11:54:55+00:00\",\"author\":{\"@id\":\"https:\\\/\\\/congo-actu.net\\\/#\\\/schema\\\/person\\\/8c4f2b5b4ccb9e9eb30b6fc9186af543\"},\"breadcrumb\":{\"@id\":\"https:\\\/\\\/congo-actu.net\\\/index.php\\\/2026\\\/09\\\/04\\\/mbujimayi-jean-marie-lutumba-remercie-denise-nyakeru-tshisekedi-pour-son-appui-a-lassainissement-des-marches-urbains\\\/#breadcrumb\"},\"inLanguage\":\"fr-FR\",\"potentialAction\":[{\"@type\":\"ReadAction\",\"target\":[\"https:\\\/\\\/congo-actu.net\\\/index.php\\\/2026\\\/09\\\/04\\\/mbujimayi-jean-marie-lutumba-remercie-denise-nyakeru-tshisekedi-pour-son-appui-a-lassainissement-des-marches-urbains\\\/\"]}]},{\"@type\":\"ImageObject\",\"inLanguage\":\"fr-FR\",\"@id\":\"https:\\\/\\\/congo-actu.net\\\/index.php\\\/2026\\\/09\\\/04\\\/mbujimayi-jean-marie-lutumba-remercie-denise-nyakeru-tshisekedi-pour-son-appui-a-lassainissement-des-marches-urbains\\\/#primaryimage\",\"url\":\"https:\\\/\\\/congo-actu.net\\\/wp-content\\\/uploads\\\/2026\\\/09\\\/1788522421392.jpg\",\"contentUrl\":\"https:\\\/\\\/congo-actu.net\\\/wp-content\\\/uploads\\\/2026\\\/09\\\/1788522421392.jpg\",\"width\":720,\"height\":405},{\"@type\":\"BreadcrumbList\",\"@id\":\"https:\\\/\\\/congo-actu.net\\\/index.php\\\/2026\\\/09\\\/04\\\/mbujimayi-jean-marie-lutumba-remercie-denise-nyakeru-tshisekedi-pour-son-appui-a-lassainissement-des-marches-urbains\\\/#breadcrumb\",\"itemListElement\":[{\"@type\":\"ListItem\",\"position\":1,\"name\":\"Accueil\",\"item\":\"https:\\\/\\\/congo-actu.net\\\/\"},{\"@type\":\"ListItem\",\"position\":2,\"name\":\"Mbujimayi : Jean-Marie Lutumba remercie Denise Nyakeru Tshisekedi pour son appui \u00e0 l\u2019assainissement des march\u00e9s urbains\"}]},{\"@type\":\"WebSite\",\"@id\":\"https:\\\/\\\/congo-actu.net\\\/#website\",\"url\":\"https:\\\/\\\/congo-actu.net\\\/\",\"name\":\"Congo-actu.net\",\"description\":\"Les nouvelles de la RDC et d&#039;ailleurs en un clic\",\"potentialAction\":[{\"@type\":\"SearchAction\",\"target\":{\"@type\":\"EntryPoint\",\"urlTemplate\":\"https:\\\/\\\/congo-actu.net\\\/?s={search_term_string}\"},\"query-input\":{\"@type\":\"PropertyValueSpecification\",\"valueRequired\":true,\"valueName\":\"search_term_string\"}}],\"inLanguage\":\"fr-FR\"},{\"@type\":\"Person\",\"@id\":\"https:\\\/\\\/congo-actu.net\\\/#\\\/schema\\\/person\\\/8c4f2b5b4ccb9e9eb30b6fc9186af543\",\"name\":\"Christian Ngeleka\",\"image\":{\"@type\":\"ImageObject\",\"inLanguage\":\"fr-FR\",\"@id\":\"https:\\\/\\\/congo-actu.net\\\/wp-content\\\/litespeed\\\/avatar\\\/267570a50b37451de19a5339884f28c8.jpg?ver=1787985945\",\"url\":\"https:\\\/\\\/congo-actu.net\\\/wp-content\\\/litespeed\\\/avatar\\\/267570a50b37451de19a5339884f28c8.jpg?ver=1787985945\",\"contentUrl\":\"https:\\\/\\\/congo-actu.net\\\/wp-content\\\/litespeed\\\/avatar\\\/267570a50b37451de19a5339884f28c8.jpg?ver=1787985945\",\"caption\":\"Christian Ngeleka\"},\"url\":\"https:\\\/\\\/congo-actu.net\\\/index.php\\\/author\\\/chris-ngeleka\\\/\"}]}<\/script>\n<!-- \/ Yoast SEO plugin. -->","yoast_head_json":{"title":"Mbujimayi : Jean-Marie Lutumba remercie Denise Nyakeru Tshisekedi pour son appui \u00e0 l\u2019assainissement des march\u00e9s urbains - Congo-actu.net","robots":{"index":"index","follow":"follow","max-snippet":"max-snippet:-1","max-image-preview":"max-image-preview:large","max-video-preview":"max-video-preview:-1"},"canonical":"https:\/\/congo-actu.net\/index.php\/2026\/09\/04\/mbujimayi-jean-marie-lutumba-remercie-denise-nyakeru-tshisekedi-pour-son-appui-a-lassainissement-des-marches-urbains\/","og_locale":"fr_FR","og_type":"article","og_title":"Mbujimayi : Jean-Marie Lutumba remercie Denise Nyakeru Tshisekedi pour son appui \u00e0 l\u2019assainissement des march\u00e9s urbains - Congo-actu.net","og_description":"Le maire de la ville Mbujimayi, dans la province du Kasa\u00ef oriental, a exprim\u00e9 sa reconnaissance \u00e0 la Premi\u00e8re Dame de la R\u00e9publique d\u00e9mocratique du Congo, Denise Nyakeru Tshisekedi, pour son soutien aux actions d\u2019assainissement des march\u00e9s urbains de sa juridiction. Jean Marie Lutumba Katupu Moyi l&rsquo;a fait savoir \u00e0 travers un communiqu\u00e9 ce jeudi","og_url":"https:\/\/congo-actu.net\/index.php\/2026\/09\/04\/mbujimayi-jean-marie-lutumba-remercie-denise-nyakeru-tshisekedi-pour-son-appui-a-lassainissement-des-marches-urbains\/","og_site_name":"Congo-actu.net","article_published_time":"2026-09-04T11:54:52+00:00","article_modified_time":"2026-09-04T11:54:55+00:00","og_image":[{"width":720,"height":405,"url":"https:\/\/congo-actu.net\/wp-content\/uploads\/2026\/09\/1788522421392.jpg","type":"image\/jpeg"}],"author":"Christian Ngeleka","twitter_card":"summary_large_image","twitter_misc":{"\u00c9crit par":"Christian Ngeleka","Dur\u00e9e de lecture estim\u00e9e":"2 minutes"},"schema":{"@context":"https:\/\/schema.org","@graph":[{"@type":"Article","@id":"https:\/\/congo-actu.net\/index.php\/2026\/09\/04\/mbujimayi-jean-marie-lutumba-remercie-denise-nyakeru-tshisekedi-pour-son-appui-a-lassainissement-des-marches-urbains\/#article","isPartOf":{"@id":"https:\/\/congo-actu.net\/index.php\/2026\/09\/04\/mbujimayi-jean-marie-lutumba-remercie-denise-nyakeru-tshisekedi-pour-son-appui-a-lassainissement-des-marches-urbains\/"},"author":{"name":"Christian Ngeleka","@id":"https:\/\/congo-actu.net\/#\/schema\/person\/8c4f2b5b4ccb9e9eb30b6fc9186af543"},"headline":"Mbujimayi : Jean-Marie Lutumba remercie Denise Nyakeru Tshisekedi pour son appui \u00e0 l\u2019assainissement des march\u00e9s urbains","datePublished":"2026-09-04T11:54:52+00:00","dateModified":"2026-09-04T11:54:55+00:00","mainEntityOfPage":{"@id":"https:\/\/congo-actu.net\/index.php\/2026\/09\/04\/mbujimayi-jean-marie-lutumba-remercie-denise-nyakeru-tshisekedi-pour-son-appui-a-lassainissement-des-marches-urbains\/"},"wordCount":250,"image":{"@id":"https:\/\/congo-actu.net\/index.php\/2026\/09\/04\/mbujimayi-jean-marie-lutumba-remercie-denise-nyakeru-tshisekedi-pour-son-appui-a-lassainissement-des-marches-urbains\/#primaryimage"},"thumbnailUrl":"https:\/\/congo-actu.net\/wp-content\/uploads\/2026\/09\/1788522421392.jpg","keywords":["Denise Nyakeru","Jean-Marie Lutumba","Kasa\u00ef Oriental","Maire de Mbujimayi","march\u00e9 simis","RDC"],"articleSection":["Politique"],"inLanguage":"fr-FR"},{"@type":"WebPage","@id":"https:\/\/congo-actu.net\/index.php\/2026\/09\/04\/mbujimayi-jean-marie-lutumba-remercie-denise-nyakeru-tshisekedi-pour-son-appui-a-lassainissement-des-marches-urbains\/","url":"https:\/\/congo-actu.net\/index.php\/2026\/09\/04\/mbujimayi-jean-marie-lutumba-remercie-denise-nyakeru-tshisekedi-pour-son-appui-a-lassainissement-des-marches-urbains\/","name":"Mbujimayi : Jean-Marie Lutumba remercie Denise Nyakeru Tshisekedi pour son appui \u00e0 l\u2019assainissement des march\u00e9s urbains - Congo-actu.net","isPartOf":{"@id":"https:\/\/congo-actu.net\/#website"},"primaryImageOfPage":{"@id":"https:\/\/congo-actu.net\/index.php\/2026\/09\/04\/mbujimayi-jean-marie-lutumba-remercie-denise-nyakeru-tshisekedi-pour-son-appui-a-lassainissement-des-marches-urbains\/#primaryimage"},"image":{"@id":"https:\/\/congo-actu.net\/index.php\/2026\/09\/04\/mbujimayi-jean-marie-lutumba-remercie-denise-nyakeru-tshisekedi-pour-son-appui-a-lassainissement-des-marches-urbains\/#primaryimage"},"thumbnailUrl":"https:\/\/congo-actu.net\/wp-content\/uploads\/2026\/09\/1788522421392.jpg","datePublished":"2026-09-04T11:54:52+00:00","dateModified":"2026-09-04T11:54:55+00:00","author":{"@id":"https:\/\/congo-actu.net\/#\/schema\/person\/8c4f2b5b4ccb9e9eb30b6fc9186af543"},"breadcrumb":{"@id":"https:\/\/congo-actu.net\/index.php\/2026\/09\/04\/mbujimayi-jean-marie-lutumba-remercie-denise-nyakeru-tshisekedi-pour-son-appui-a-lassainissement-des-marches-urbains\/#breadcrumb"},"inLanguage":"fr-FR","potentialAction":[{"@type":"ReadAction","target":["https:\/\/congo-actu.net\/index.php\/2026\/09\/04\/mbujimayi-jean-marie-lutumba-remercie-denise-nyakeru-tshisekedi-pour-son-appui-a-lassainissement-des-marches-urbains\/"]}]},{"@type":"ImageObject","inLanguage":"fr-FR","@id":"https:\/\/congo-actu.net\/index.php\/2026\/09\/04\/mbujimayi-jean-marie-lutumba-remercie-denise-nyakeru-tshisekedi-pour-son-appui-a-lassainissement-des-marches-urbains\/#primaryimage","url":"https:\/\/congo-actu.net\/wp-content\/uploads\/2026\/09\/1788522421392.jpg","contentUrl":"https:\/\/congo-actu.net\/wp-content\/uploads\/2026\/09\/1788522421392.jpg","width":720,"height":405},{"@type":"BreadcrumbList","@id":"https:\/\/congo-actu.net\/index.php\/2026\/09\/04\/mbujimayi-jean-marie-lutumba-remercie-denise-nyakeru-tshisekedi-pour-son-appui-a-lassainissement-des-marches-urbains\/#breadcrumb","itemListElement":[{"@type":"ListItem","position":1,"name":"Accueil","item":"https:\/\/congo-actu.net\/"},{"@type":"ListItem","position":2,"name":"Mbujimayi : Jean-Marie Lutumba remercie Denise Nyakeru Tshisekedi pour son appui \u00e0 l\u2019assainissement des march\u00e9s urbains"}]},{"@type":"WebSite","@id":"https:\/\/congo-actu.net\/#website","url":"https:\/\/congo-actu.net\/","name":"Congo-actu.net","description":"Les nouvelles de la RDC et d&#039;ailleurs en un clic","potentialAction":[{"@type":"SearchAction","target":{"@type":"EntryPoint","urlTemplate":"https:\/\/congo-actu.net\/?s={search_term_string}"},"query-input":{"@type":"PropertyValueSpecification","valueRequired":true,"valueName":"search_term_string"}}],"inLanguage":"fr-FR"},{"@type":"Person","@id":"https:\/\/congo-actu.net\/#\/schema\/person\/8c4f2b5b4ccb9e9eb30b6fc9186af543","name":"Christian Ngeleka","image":{"@type":"ImageObject","inLanguage":"fr-FR","@id":"https:\/\/congo-actu.net\/wp-content\/litespeed\/avatar\/267570a50b37451de19a5339884f28c8.jpg?ver=1787985945","url":"https:\/\/congo-actu.net\/wp-content\/litespeed\/avatar\/267570a50b37451de19a5339884f28c8.jpg?ver=1787985945","contentUrl":"https:\/\/congo-actu.net\/wp-content\/litespeed\/avatar\/267570a50b37451de19a5339884f28c8.jpg?ver=1787985945","caption":"Christian Ngeleka"},"url":"https:\/\/congo-actu.net\/index.php\/author\/chris-ngeleka\/"}]}},"amp_enabled":true,"_links":{"self":[{"href":"https:\/\/congo-actu.net\/index.php\/wp-json\/wp\/v2\/posts\/37062","targetHints":{"allow":["GET"]}}],"collection":[{"href":"https:\/\/congo-actu.net\/index.php\/wp-json\/wp\/v2\/posts"}],"about":[{"href":"https:\/\/congo-actu.net\/index.php\/wp-json\/wp\/v2\/types\/post"}],"author":[{"embeddable":true,"href":"https:\/\/congo-actu.net\/index.php\/wp-json\/wp\/v2\/users\/2"}],"replies":[{"embeddable":true,"href":"https:\/\/congo-actu.net\/index.php\/wp-json\/wp\/v2\/comments?post=37062"}],"version-history":[{"count":1,"href":"https:\/\/congo-actu.net\/index.php\/wp-json\/wp\/v2\/posts\/37062\/revisions"}],"predecessor-version":[{"id":37065,"href":"https:\/\/congo-actu.net\/index.php\/wp-json\/wp\/v2\/posts\/37062\/revisions\/37065"}],"wp:featuredmedia":[{"embeddable":true,"href":"https:\/\/congo-actu.net\/index.php\/wp-json\/wp\/v2\/media\/37064"}],"wp:attachment":[{"href":"https:\/\/congo-actu.net\/index.php\/wp-json\/wp\/v2\/media?parent=37062"}],"wp:term":[{"taxonomy":"category","embeddable":true,"href":"https:\/\/congo-actu.net\/index.php\/wp-json\/wp\/v2\/categories?post=37062"},{"taxonomy":"post_tag","embeddable":true,"href":"https:\/\/congo-actu.net\/index.php\/wp-json\/wp\/v2\/tags?post=37062"}],"curies":[{"name":"wp","href":"https:\/\/api.w.org\/{rel}","templated":true}]}}