{"id":37067,"date":"2026-09-04T14:07:40","date_gmt":"2026-09-04T12:07:40","guid":{"rendered":"https:\/\/congo-actu.net\/?p=37067"},"modified":"2026-09-04T14:07:43","modified_gmt":"2026-09-04T12:07:43","slug":"kasai-sur-recommandation-de-lassemblee-provinciale-le-gouverneur-crispin-mukendi-suspend-le-ministre-des-mines","status":"publish","type":"post","link":"https:\/\/congo-actu.net\/index.php\/2026\/09\/04\/kasai-sur-recommandation-de-lassemblee-provinciale-le-gouverneur-crispin-mukendi-suspend-le-ministre-des-mines\/","title":{"rendered":"Kasa\u00ef : sur recommandation de l\u2019Assembl\u00e9e provinciale, le Gouverneur Crispin Mukendi suspend le ministre des Mines"},"content":{"rendered":"\n<p class=\"wp-block-paragraph\"><strong>Le ministre provincial des Mines, \u00c9nergie et Hydrocarbures de la province du Kasa\u00ef, a \u00e9t\u00e9 suspendu de ses fonctions par le gouverneur, Crispin Mukendi. Dans sa d\u00e9cision datant du mercredi 2 septembre, l&rsquo;ex\u00e9cutif dot avoir r\u00e9pondu \u00e0 une \u00ab\u00a0recommandation\u00a0\u00bb de l\u2019Assembl\u00e9e provinciale.<\/strong><br>\u200e<br>\u200eDans sa correspondance adress\u00e9e au ministre suspendu, Crispin Mukendi indique agir conform\u00e9ment \u00e0 une pr\u00e9c\u00e9dente lettre dat\u00e9e du 20 juillet 2026.<br>\u200e<br>\u200e\u00ab <em>Faisant suite \u00e0 la recommandation de l&rsquo;Assembl\u00e9e provinciale du Kasa\u00ef et me conformant \u00e0 ma lettre du 20 juillet 2026, j&rsquo;ai le regret de vous notifier la suspension de vos fonctions de membre du gouvernement provincial en attendant votre remplacement dans le prochain r\u00e9am\u00e9nagement du gouvernement provincial<\/em> \u00bb, \u00e9crit le gouverneur Crispin Mukendi.<br>\u200e<br>\u200eCrispin Mukendi pr\u00e9cise que l\u2019int\u00e9rim est confi\u00e9 au ministre des Finances<br>\u200eAfin d\u2019assurer la continuit\u00e9 du fonctionnement de l\u2019administration provinciale.<br>\u200e<br>\u200e\u00ab <em>Pour assurer la continuit\u00e9 des services, l&rsquo;int\u00e9rim du minist\u00e8re des Mines, \u00e9nergie et hydrocarbures sera assum\u00e9 par le ministre provincial en charge des Finances <\/em>\u00bb, pr\u00e9cise la correspondance.<br>\u200e<br>\u200eIl sied de noter que cette suspension intervient alors que l\u2019ex\u00e9cutif provincial du Kasa\u00ef s\u2019appr\u00eate \u00e0 proc\u00e9der \u00e0 un r\u00e9am\u00e9nagement du gouvernement. Celui-ci devrait notamment permettre de remplacer le ministre provincial des Mines.<\/p>\n\n\n\n<p class=\"wp-block-paragraph\"><\/p>\n","protected":false},"excerpt":{"rendered":"<p>Le ministre provincial des Mines, \u00c9nergie et Hydrocarbures de la province du Kasa\u00ef, a \u00e9t\u00e9 suspendu de ses fonctions par le gouverneur, Crispin Mukendi. Dans sa d\u00e9cision datant du mercredi 2 septembre, l&rsquo;ex\u00e9cutif dot avoir r\u00e9pondu \u00e0 une \u00ab\u00a0recommandation\u00a0\u00bb de l\u2019Assembl\u00e9e provinciale.\u200e\u200eDans sa correspondance adress\u00e9e au ministre suspendu, Crispin Mukendi indique agir conform\u00e9ment \u00e0 une<\/p>\n","protected":false},"author":2,"featured_media":37069,"comment_status":"closed","ping_status":"closed","sticky":false,"template":"","format":"standard","meta":{"footnotes":""},"categories":[40],"tags":[9100,55,9203,643,93,1053],"class_list":["post-37067","post","type-post","status-publish","format-standard","has-post-thumbnail","category-politique","tag-assemblee-province","tag-assemblee-provinciale","tag-crispin-mukendi","tag-kasai","tag-rdc","tag-tshikapa"],"yoast_head":"<!-- This site is optimized with the Yoast SEO plugin v28.2 - https:\/\/yoast.com\/product\/yoast-seo-wordpress\/ -->\n<title>Kasa\u00ef : sur recommandation de l\u2019Assembl\u00e9e provinciale, le Gouverneur Crispin Mukendi suspend le ministre des Mines - Congo-actu.net<\/title>\n<meta name=\"robots\" content=\"index, follow, max-snippet:-1, max-image-preview:large, max-video-preview:-1\" \/>\n<link rel=\"canonical\" href=\"https:\/\/congo-actu.net\/index.php\/2026\/09\/04\/kasai-sur-recommandation-de-lassemblee-provinciale-le-gouverneur-crispin-mukendi-suspend-le-ministre-des-mines\/\" \/>\n<meta property=\"og:locale\" content=\"fr_FR\" \/>\n<meta property=\"og:type\" content=\"article\" \/>\n<meta property=\"og:title\" content=\"Kasa\u00ef : sur recommandation de l\u2019Assembl\u00e9e provinciale, le Gouverneur Crispin Mukendi suspend le ministre des Mines - Congo-actu.net\" \/>\n<meta property=\"og:description\" content=\"Le ministre provincial des Mines, \u00c9nergie et Hydrocarbures de la province du Kasa\u00ef, a \u00e9t\u00e9 suspendu de ses fonctions par le gouverneur, Crispin Mukendi. Dans sa d\u00e9cision datant du mercredi 2 septembre, l&rsquo;ex\u00e9cutif dot avoir r\u00e9pondu \u00e0 une \u00ab\u00a0recommandation\u00a0\u00bb de l\u2019Assembl\u00e9e provinciale.\u200e\u200eDans sa correspondance adress\u00e9e au ministre suspendu, Crispin Mukendi indique agir conform\u00e9ment \u00e0 une\" \/>\n<meta property=\"og:url\" content=\"https:\/\/congo-actu.net\/index.php\/2026\/09\/04\/kasai-sur-recommandation-de-lassemblee-provinciale-le-gouverneur-crispin-mukendi-suspend-le-ministre-des-mines\/\" \/>\n<meta property=\"og:site_name\" content=\"Congo-actu.net\" \/>\n<meta property=\"article:published_time\" content=\"2026-09-04T12:07:40+00:00\" \/>\n<meta property=\"article:modified_time\" content=\"2026-09-04T12:07:43+00:00\" \/>\n<meta property=\"og:image\" content=\"https:\/\/congo-actu.net\/wp-content\/uploads\/2026\/09\/HRXb6cSXoAIzHgb.jpg\" \/>\n\t<meta property=\"og:image:width\" content=\"720\" \/>\n\t<meta property=\"og:image:height\" content=\"540\" \/>\n\t<meta property=\"og:image:type\" content=\"image\/jpeg\" \/>\n<meta name=\"author\" content=\"Christian Ngeleka\" \/>\n<meta name=\"twitter:card\" content=\"summary_large_image\" \/>\n<meta name=\"twitter:label1\" content=\"\u00c9crit par\" \/>\n\t<meta name=\"twitter:data1\" content=\"Christian Ngeleka\" \/>\n\t<meta name=\"twitter:label2\" content=\"Dur\u00e9e de lecture estim\u00e9e\" \/>\n\t<meta name=\"twitter:data2\" content=\"2 minutes\" \/>\n<script type=\"application\/ld+json\" class=\"yoast-schema-graph\">{\"@context\":\"https:\\\/\\\/schema.org\",\"@graph\":[{\"@type\":\"Article\",\"@id\":\"https:\\\/\\\/congo-actu.net\\\/index.php\\\/2026\\\/09\\\/04\\\/kasai-sur-recommandation-de-lassemblee-provinciale-le-gouverneur-crispin-mukendi-suspend-le-ministre-des-mines\\\/#article\",\"isPartOf\":{\"@id\":\"https:\\\/\\\/congo-actu.net\\\/index.php\\\/2026\\\/09\\\/04\\\/kasai-sur-recommandation-de-lassemblee-provinciale-le-gouverneur-crispin-mukendi-suspend-le-ministre-des-mines\\\/\"},\"author\":{\"name\":\"Christian Ngeleka\",\"@id\":\"https:\\\/\\\/congo-actu.net\\\/#\\\/schema\\\/person\\\/8c4f2b5b4ccb9e9eb30b6fc9186af543\"},\"headline\":\"Kasa\u00ef : sur recommandation de l\u2019Assembl\u00e9e provinciale, le Gouverneur Crispin Mukendi suspend le ministre des Mines\",\"datePublished\":\"2026-09-04T12:07:40+00:00\",\"dateModified\":\"2026-09-04T12:07:43+00:00\",\"mainEntityOfPage\":{\"@id\":\"https:\\\/\\\/congo-actu.net\\\/index.php\\\/2026\\\/09\\\/04\\\/kasai-sur-recommandation-de-lassemblee-provinciale-le-gouverneur-crispin-mukendi-suspend-le-ministre-des-mines\\\/\"},\"wordCount\":233,\"image\":{\"@id\":\"https:\\\/\\\/congo-actu.net\\\/index.php\\\/2026\\\/09\\\/04\\\/kasai-sur-recommandation-de-lassemblee-provinciale-le-gouverneur-crispin-mukendi-suspend-le-ministre-des-mines\\\/#primaryimage\"},\"thumbnailUrl\":\"https:\\\/\\\/congo-actu.net\\\/wp-content\\\/uploads\\\/2026\\\/09\\\/HRXb6cSXoAIzHgb.jpg\",\"keywords\":[\"Assembl\u00e9e province\",\"Assembl\u00e9e Provinciale\",\"Crispin Mukendi\",\"Kasa\u00ef\",\"RDC\",\"Tshikapa\"],\"articleSection\":[\"Politique\"],\"inLanguage\":\"fr-FR\"},{\"@type\":\"WebPage\",\"@id\":\"https:\\\/\\\/congo-actu.net\\\/index.php\\\/2026\\\/09\\\/04\\\/kasai-sur-recommandation-de-lassemblee-provinciale-le-gouverneur-crispin-mukendi-suspend-le-ministre-des-mines\\\/\",\"url\":\"https:\\\/\\\/congo-actu.net\\\/index.php\\\/2026\\\/09\\\/04\\\/kasai-sur-recommandation-de-lassemblee-provinciale-le-gouverneur-crispin-mukendi-suspend-le-ministre-des-mines\\\/\",\"name\":\"Kasa\u00ef : sur recommandation de l\u2019Assembl\u00e9e provinciale, le Gouverneur Crispin Mukendi suspend le ministre des Mines - Congo-actu.net\",\"isPartOf\":{\"@id\":\"https:\\\/\\\/congo-actu.net\\\/#website\"},\"primaryImageOfPage\":{\"@id\":\"https:\\\/\\\/congo-actu.net\\\/index.php\\\/2026\\\/09\\\/04\\\/kasai-sur-recommandation-de-lassemblee-provinciale-le-gouverneur-crispin-mukendi-suspend-le-ministre-des-mines\\\/#primaryimage\"},\"image\":{\"@id\":\"https:\\\/\\\/congo-actu.net\\\/index.php\\\/2026\\\/09\\\/04\\\/kasai-sur-recommandation-de-lassemblee-provinciale-le-gouverneur-crispin-mukendi-suspend-le-ministre-des-mines\\\/#primaryimage\"},\"thumbnailUrl\":\"https:\\\/\\\/congo-actu.net\\\/wp-content\\\/uploads\\\/2026\\\/09\\\/HRXb6cSXoAIzHgb.jpg\",\"datePublished\":\"2026-09-04T12:07:40+00:00\",\"dateModified\":\"2026-09-04T12:07:43+00:00\",\"author\":{\"@id\":\"https:\\\/\\\/congo-actu.net\\\/#\\\/schema\\\/person\\\/8c4f2b5b4ccb9e9eb30b6fc9186af543\"},\"breadcrumb\":{\"@id\":\"https:\\\/\\\/congo-actu.net\\\/index.php\\\/2026\\\/09\\\/04\\\/kasai-sur-recommandation-de-lassemblee-provinciale-le-gouverneur-crispin-mukendi-suspend-le-ministre-des-mines\\\/#breadcrumb\"},\"inLanguage\":\"fr-FR\",\"potentialAction\":[{\"@type\":\"ReadAction\",\"target\":[\"https:\\\/\\\/congo-actu.net\\\/index.php\\\/2026\\\/09\\\/04\\\/kasai-sur-recommandation-de-lassemblee-provinciale-le-gouverneur-crispin-mukendi-suspend-le-ministre-des-mines\\\/\"]}]},{\"@type\":\"ImageObject\",\"inLanguage\":\"fr-FR\",\"@id\":\"https:\\\/\\\/congo-actu.net\\\/index.php\\\/2026\\\/09\\\/04\\\/kasai-sur-recommandation-de-lassemblee-provinciale-le-gouverneur-crispin-mukendi-suspend-le-ministre-des-mines\\\/#primaryimage\",\"url\":\"https:\\\/\\\/congo-actu.net\\\/wp-content\\\/uploads\\\/2026\\\/09\\\/HRXb6cSXoAIzHgb.jpg\",\"contentUrl\":\"https:\\\/\\\/congo-actu.net\\\/wp-content\\\/uploads\\\/2026\\\/09\\\/HRXb6cSXoAIzHgb.jpg\",\"width\":720,\"height\":540},{\"@type\":\"BreadcrumbList\",\"@id\":\"https:\\\/\\\/congo-actu.net\\\/index.php\\\/2026\\\/09\\\/04\\\/kasai-sur-recommandation-de-lassemblee-provinciale-le-gouverneur-crispin-mukendi-suspend-le-ministre-des-mines\\\/#breadcrumb\",\"itemListElement\":[{\"@type\":\"ListItem\",\"position\":1,\"name\":\"Accueil\",\"item\":\"https:\\\/\\\/congo-actu.net\\\/\"},{\"@type\":\"ListItem\",\"position\":2,\"name\":\"Kasa\u00ef : sur recommandation de l\u2019Assembl\u00e9e provinciale, le Gouverneur Crispin Mukendi suspend le ministre des Mines\"}]},{\"@type\":\"WebSite\",\"@id\":\"https:\\\/\\\/congo-actu.net\\\/#website\",\"url\":\"https:\\\/\\\/congo-actu.net\\\/\",\"name\":\"Congo-actu.net\",\"description\":\"Les nouvelles de la RDC et d&#039;ailleurs en un clic\",\"potentialAction\":[{\"@type\":\"SearchAction\",\"target\":{\"@type\":\"EntryPoint\",\"urlTemplate\":\"https:\\\/\\\/congo-actu.net\\\/?s={search_term_string}\"},\"query-input\":{\"@type\":\"PropertyValueSpecification\",\"valueRequired\":true,\"valueName\":\"search_term_string\"}}],\"inLanguage\":\"fr-FR\"},{\"@type\":\"Person\",\"@id\":\"https:\\\/\\\/congo-actu.net\\\/#\\\/schema\\\/person\\\/8c4f2b5b4ccb9e9eb30b6fc9186af543\",\"name\":\"Christian Ngeleka\",\"image\":{\"@type\":\"ImageObject\",\"inLanguage\":\"fr-FR\",\"@id\":\"https:\\\/\\\/congo-actu.net\\\/wp-content\\\/litespeed\\\/avatar\\\/267570a50b37451de19a5339884f28c8.jpg?ver=1787985945\",\"url\":\"https:\\\/\\\/congo-actu.net\\\/wp-content\\\/litespeed\\\/avatar\\\/267570a50b37451de19a5339884f28c8.jpg?ver=1787985945\",\"contentUrl\":\"https:\\\/\\\/congo-actu.net\\\/wp-content\\\/litespeed\\\/avatar\\\/267570a50b37451de19a5339884f28c8.jpg?ver=1787985945\",\"caption\":\"Christian Ngeleka\"},\"url\":\"https:\\\/\\\/congo-actu.net\\\/index.php\\\/author\\\/chris-ngeleka\\\/\"}]}<\/script>\n<!-- \/ Yoast SEO plugin. -->","yoast_head_json":{"title":"Kasa\u00ef : sur recommandation de l\u2019Assembl\u00e9e provinciale, le Gouverneur Crispin Mukendi suspend le ministre des Mines - Congo-actu.net","robots":{"index":"index","follow":"follow","max-snippet":"max-snippet:-1","max-image-preview":"max-image-preview:large","max-video-preview":"max-video-preview:-1"},"canonical":"https:\/\/congo-actu.net\/index.php\/2026\/09\/04\/kasai-sur-recommandation-de-lassemblee-provinciale-le-gouverneur-crispin-mukendi-suspend-le-ministre-des-mines\/","og_locale":"fr_FR","og_type":"article","og_title":"Kasa\u00ef : sur recommandation de l\u2019Assembl\u00e9e provinciale, le Gouverneur Crispin Mukendi suspend le ministre des Mines - Congo-actu.net","og_description":"Le ministre provincial des Mines, \u00c9nergie et Hydrocarbures de la province du Kasa\u00ef, a \u00e9t\u00e9 suspendu de ses fonctions par le gouverneur, Crispin Mukendi. Dans sa d\u00e9cision datant du mercredi 2 septembre, l&rsquo;ex\u00e9cutif dot avoir r\u00e9pondu \u00e0 une \u00ab\u00a0recommandation\u00a0\u00bb de l\u2019Assembl\u00e9e provinciale.\u200e\u200eDans sa correspondance adress\u00e9e au ministre suspendu, Crispin Mukendi indique agir conform\u00e9ment \u00e0 une","og_url":"https:\/\/congo-actu.net\/index.php\/2026\/09\/04\/kasai-sur-recommandation-de-lassemblee-provinciale-le-gouverneur-crispin-mukendi-suspend-le-ministre-des-mines\/","og_site_name":"Congo-actu.net","article_published_time":"2026-09-04T12:07:40+00:00","article_modified_time":"2026-09-04T12:07:43+00:00","og_image":[{"width":720,"height":540,"url":"https:\/\/congo-actu.net\/wp-content\/uploads\/2026\/09\/HRXb6cSXoAIzHgb.jpg","type":"image\/jpeg"}],"author":"Christian Ngeleka","twitter_card":"summary_large_image","twitter_misc":{"\u00c9crit par":"Christian Ngeleka","Dur\u00e9e de lecture estim\u00e9e":"2 minutes"},"schema":{"@context":"https:\/\/schema.org","@graph":[{"@type":"Article","@id":"https:\/\/congo-actu.net\/index.php\/2026\/09\/04\/kasai-sur-recommandation-de-lassemblee-provinciale-le-gouverneur-crispin-mukendi-suspend-le-ministre-des-mines\/#article","isPartOf":{"@id":"https:\/\/congo-actu.net\/index.php\/2026\/09\/04\/kasai-sur-recommandation-de-lassemblee-provinciale-le-gouverneur-crispin-mukendi-suspend-le-ministre-des-mines\/"},"author":{"name":"Christian Ngeleka","@id":"https:\/\/congo-actu.net\/#\/schema\/person\/8c4f2b5b4ccb9e9eb30b6fc9186af543"},"headline":"Kasa\u00ef : sur recommandation de l\u2019Assembl\u00e9e provinciale, le Gouverneur Crispin Mukendi suspend le ministre des Mines","datePublished":"2026-09-04T12:07:40+00:00","dateModified":"2026-09-04T12:07:43+00:00","mainEntityOfPage":{"@id":"https:\/\/congo-actu.net\/index.php\/2026\/09\/04\/kasai-sur-recommandation-de-lassemblee-provinciale-le-gouverneur-crispin-mukendi-suspend-le-ministre-des-mines\/"},"wordCount":233,"image":{"@id":"https:\/\/congo-actu.net\/index.php\/2026\/09\/04\/kasai-sur-recommandation-de-lassemblee-provinciale-le-gouverneur-crispin-mukendi-suspend-le-ministre-des-mines\/#primaryimage"},"thumbnailUrl":"https:\/\/congo-actu.net\/wp-content\/uploads\/2026\/09\/HRXb6cSXoAIzHgb.jpg","keywords":["Assembl\u00e9e province","Assembl\u00e9e Provinciale","Crispin Mukendi","Kasa\u00ef","RDC","Tshikapa"],"articleSection":["Politique"],"inLanguage":"fr-FR"},{"@type":"WebPage","@id":"https:\/\/congo-actu.net\/index.php\/2026\/09\/04\/kasai-sur-recommandation-de-lassemblee-provinciale-le-gouverneur-crispin-mukendi-suspend-le-ministre-des-mines\/","url":"https:\/\/congo-actu.net\/index.php\/2026\/09\/04\/kasai-sur-recommandation-de-lassemblee-provinciale-le-gouverneur-crispin-mukendi-suspend-le-ministre-des-mines\/","name":"Kasa\u00ef : sur recommandation de l\u2019Assembl\u00e9e provinciale, le Gouverneur Crispin Mukendi suspend le ministre des Mines - Congo-actu.net","isPartOf":{"@id":"https:\/\/congo-actu.net\/#website"},"primaryImageOfPage":{"@id":"https:\/\/congo-actu.net\/index.php\/2026\/09\/04\/kasai-sur-recommandation-de-lassemblee-provinciale-le-gouverneur-crispin-mukendi-suspend-le-ministre-des-mines\/#primaryimage"},"image":{"@id":"https:\/\/congo-actu.net\/index.php\/2026\/09\/04\/kasai-sur-recommandation-de-lassemblee-provinciale-le-gouverneur-crispin-mukendi-suspend-le-ministre-des-mines\/#primaryimage"},"thumbnailUrl":"https:\/\/congo-actu.net\/wp-content\/uploads\/2026\/09\/HRXb6cSXoAIzHgb.jpg","datePublished":"2026-09-04T12:07:40+00:00","dateModified":"2026-09-04T12:07:43+00:00","author":{"@id":"https:\/\/congo-actu.net\/#\/schema\/person\/8c4f2b5b4ccb9e9eb30b6fc9186af543"},"breadcrumb":{"@id":"https:\/\/congo-actu.net\/index.php\/2026\/09\/04\/kasai-sur-recommandation-de-lassemblee-provinciale-le-gouverneur-crispin-mukendi-suspend-le-ministre-des-mines\/#breadcrumb"},"inLanguage":"fr-FR","potentialAction":[{"@type":"ReadAction","target":["https:\/\/congo-actu.net\/index.php\/2026\/09\/04\/kasai-sur-recommandation-de-lassemblee-provinciale-le-gouverneur-crispin-mukendi-suspend-le-ministre-des-mines\/"]}]},{"@type":"ImageObject","inLanguage":"fr-FR","@id":"https:\/\/congo-actu.net\/index.php\/2026\/09\/04\/kasai-sur-recommandation-de-lassemblee-provinciale-le-gouverneur-crispin-mukendi-suspend-le-ministre-des-mines\/#primaryimage","url":"https:\/\/congo-actu.net\/wp-content\/uploads\/2026\/09\/HRXb6cSXoAIzHgb.jpg","contentUrl":"https:\/\/congo-actu.net\/wp-content\/uploads\/2026\/09\/HRXb6cSXoAIzHgb.jpg","width":720,"height":540},{"@type":"BreadcrumbList","@id":"https:\/\/congo-actu.net\/index.php\/2026\/09\/04\/kasai-sur-recommandation-de-lassemblee-provinciale-le-gouverneur-crispin-mukendi-suspend-le-ministre-des-mines\/#breadcrumb","itemListElement":[{"@type":"ListItem","position":1,"name":"Accueil","item":"https:\/\/congo-actu.net\/"},{"@type":"ListItem","position":2,"name":"Kasa\u00ef : sur recommandation de l\u2019Assembl\u00e9e provinciale, le Gouverneur Crispin Mukendi suspend le ministre des Mines"}]},{"@type":"WebSite","@id":"https:\/\/congo-actu.net\/#website","url":"https:\/\/congo-actu.net\/","name":"Congo-actu.net","description":"Les nouvelles de la RDC et d&#039;ailleurs en un clic","potentialAction":[{"@type":"SearchAction","target":{"@type":"EntryPoint","urlTemplate":"https:\/\/congo-actu.net\/?s={search_term_string}"},"query-input":{"@type":"PropertyValueSpecification","valueRequired":true,"valueName":"search_term_string"}}],"inLanguage":"fr-FR"},{"@type":"Person","@id":"https:\/\/congo-actu.net\/#\/schema\/person\/8c4f2b5b4ccb9e9eb30b6fc9186af543","name":"Christian Ngeleka","image":{"@type":"ImageObject","inLanguage":"fr-FR","@id":"https:\/\/congo-actu.net\/wp-content\/litespeed\/avatar\/267570a50b37451de19a5339884f28c8.jpg?ver=1787985945","url":"https:\/\/congo-actu.net\/wp-content\/litespeed\/avatar\/267570a50b37451de19a5339884f28c8.jpg?ver=1787985945","contentUrl":"https:\/\/congo-actu.net\/wp-content\/litespeed\/avatar\/267570a50b37451de19a5339884f28c8.jpg?ver=1787985945","caption":"Christian Ngeleka"},"url":"https:\/\/congo-actu.net\/index.php\/author\/chris-ngeleka\/"}]}},"amp_enabled":true,"_links":{"self":[{"href":"https:\/\/congo-actu.net\/index.php\/wp-json\/wp\/v2\/posts\/37067","targetHints":{"allow":["GET"]}}],"collection":[{"href":"https:\/\/congo-actu.net\/index.php\/wp-json\/wp\/v2\/posts"}],"about":[{"href":"https:\/\/congo-actu.net\/index.php\/wp-json\/wp\/v2\/types\/post"}],"author":[{"embeddable":true,"href":"https:\/\/congo-actu.net\/index.php\/wp-json\/wp\/v2\/users\/2"}],"replies":[{"embeddable":true,"href":"https:\/\/congo-actu.net\/index.php\/wp-json\/wp\/v2\/comments?post=37067"}],"version-history":[{"count":1,"href":"https:\/\/congo-actu.net\/index.php\/wp-json\/wp\/v2\/posts\/37067\/revisions"}],"predecessor-version":[{"id":37070,"href":"https:\/\/congo-actu.net\/index.php\/wp-json\/wp\/v2\/posts\/37067\/revisions\/37070"}],"wp:featuredmedia":[{"embeddable":true,"href":"https:\/\/congo-actu.net\/index.php\/wp-json\/wp\/v2\/media\/37069"}],"wp:attachment":[{"href":"https:\/\/congo-actu.net\/index.php\/wp-json\/wp\/v2\/media?parent=37067"}],"wp:term":[{"taxonomy":"category","embeddable":true,"href":"https:\/\/congo-actu.net\/index.php\/wp-json\/wp\/v2\/categories?post=37067"},{"taxonomy":"post_tag","embeddable":true,"href":"https:\/\/congo-actu.net\/index.php\/wp-json\/wp\/v2\/tags?post=37067"}],"curies":[{"name":"wp","href":"https:\/\/api.w.org\/{rel}","templated":true}]}}