{"id":37072,"date":"2026-09-04T20:25:20","date_gmt":"2026-09-04T18:25:20","guid":{"rendered":"https:\/\/congo-actu.net\/?p=37072"},"modified":"2026-09-04T20:25:23","modified_gmt":"2026-09-04T18:25:23","slug":"kinshasa-college-bonsomi-ep-sona-pangu-shaumbafelix-tshisekedi-sassure-de-la-reprise-effective-des-cours","status":"publish","type":"post","link":"https:\/\/congo-actu.net\/index.php\/2026\/09\/04\/kinshasa-college-bonsomi-ep-sona-pangu-shaumbafelix-tshisekedi-sassure-de-la-reprise-effective-des-cours\/","title":{"rendered":"Kinshasa : Coll\u00e8ge Bonsomi, EP Sona Pangu, Shaumba\u2026F\u00e9lix Tshisekedi s\u2019assure de la reprise effective des cours"},"content":{"rendered":"\n<p class=\"wp-block-paragraph\"><strong>Le President de la R\u00e9publique D\u00e9mocratique du Congo s\u2019est rendu, ce vendredi 04 septembre, dans trois \u00e9tablissements scolaires de Kinshasa pour constater la reprise effective des activit\u00e9s scolaires. Cette descente intervient \u00e0 l\u2019occasion de la rentr\u00e9e scolaire 2026-2027.<\/strong><\/p>\n\n\n\n<p class=\"wp-block-paragraph\">Accompagn\u00e9 de la ministre d\u2019\u00c9tat, ministre de l\u2019\u00c9ducation nationale et Nouvelle Citoyennet\u00e9, F\u00e9lix Tshisekedi a effectu\u00e9 une immersion dans plusieurs \u00e9coles de la capitale. Il a \u00e9t\u00e9 au Coll\u00e8ge Bonsomi, \u00e0 l\u2019EP1 &amp; 2 Sona Pangu et au Lyc\u00e9e Monseigneur Shaumba.<\/p>\n\n\n\n<p class=\"wp-block-paragraph\">\u00c0 l\u2019EP1 &amp; 2 Sona Pangu, le pr\u00e9sident Tshisekedi a proc\u00e9d\u00e9 \u00e0 l\u2019installation d\u2019une cantine scolaire. Cette initiative s\u2019inscrit dans le cadre de la mise en \u0153uvre du programme national d\u2019alimentation scolaire. Les deux \u00e9tablissements ont b\u00e9n\u00e9fici\u00e9 d\u2019un lot de bancs-pupitres destin\u00e9s \u00e0 contribuer \u00e0 l\u2019am\u00e9lioration des conditions d\u2019apprentissage des \u00e9l\u00e8ves.<\/p>\n\n\n\n<p class=\"wp-block-paragraph\">Selon le minist\u00e8re de l\u2019\u00c9ducation nationale, trois cantines scolaires pilotes sont pr\u00e9vues par province administrative dans le cadre de ce programme.<\/p>\n\n\n\n<p class=\"wp-block-paragraph\">Tshisekedi Tshilombo s\u2019est ensuite rendu au Lyc\u00e9e Monseigneur Shaumba o\u00f9 il a visit\u00e9 plusieurs salles de classe et assist\u00e9 aux activit\u00e9s d\u2019apprentissage.<\/p>\n\n\n\n<p class=\"wp-block-paragraph\">Cette descente a permis au permis au pr\u00e9sident de la R\u00e9publique d\u2019\u00e9chang\u00e9 avec les \u00e9l\u00e8ves et les enseignants afin de s\u2019impr\u00e9gner des r\u00e9alit\u00e9s v\u00e9cues dans les \u00e9tablissements scolaires.<\/p>\n\n\n\n<p class=\"wp-block-paragraph\">Il sied de noter que la rentr\u00e9e scolaire 2026-2027 a eu lieu le mardi 01 septembre dernier.<\/p>\n","protected":false},"excerpt":{"rendered":"<p>Le President de la R\u00e9publique D\u00e9mocratique du Congo s\u2019est rendu, ce vendredi 04 septembre, dans trois \u00e9tablissements scolaires de Kinshasa pour constater la reprise effective des activit\u00e9s scolaires. Cette descente intervient \u00e0 l\u2019occasion de la rentr\u00e9e scolaire 2026-2027. Accompagn\u00e9 de la ministre d\u2019\u00c9tat, ministre de l\u2019\u00c9ducation nationale et Nouvelle Citoyennet\u00e9, F\u00e9lix Tshisekedi a effectu\u00e9 une<\/p>\n","protected":false},"author":2,"featured_media":37073,"comment_status":"closed","ping_status":"closed","sticky":false,"template":"","format":"standard","meta":{"footnotes":""},"categories":[37],"tags":[71,7741,93,9572],"class_list":["post-37072","post","type-post","status-publish","format-standard","has-post-thumbnail","category-education","tag-felix-tshisekedi","tag-raissa-malu","tag-rdc","tag-rentree-scolaire-2026-2027"],"yoast_head":"<!-- This site is optimized with the Yoast SEO plugin v28.2 - https:\/\/yoast.com\/product\/yoast-seo-wordpress\/ -->\n<title>Kinshasa : Coll\u00e8ge Bonsomi, EP Sona Pangu, Shaumba\u2026F\u00e9lix Tshisekedi s\u2019assure de la reprise effective des cours - Congo-actu.net<\/title>\n<meta name=\"robots\" content=\"index, follow, max-snippet:-1, max-image-preview:large, max-video-preview:-1\" \/>\n<link rel=\"canonical\" href=\"https:\/\/congo-actu.net\/index.php\/2026\/09\/04\/kinshasa-college-bonsomi-ep-sona-pangu-shaumbafelix-tshisekedi-sassure-de-la-reprise-effective-des-cours\/\" \/>\n<meta property=\"og:locale\" content=\"fr_FR\" \/>\n<meta property=\"og:type\" content=\"article\" \/>\n<meta property=\"og:title\" content=\"Kinshasa : Coll\u00e8ge Bonsomi, EP Sona Pangu, Shaumba\u2026F\u00e9lix Tshisekedi s\u2019assure de la reprise effective des cours - Congo-actu.net\" \/>\n<meta property=\"og:description\" content=\"Le President de la R\u00e9publique D\u00e9mocratique du Congo s\u2019est rendu, ce vendredi 04 septembre, dans trois \u00e9tablissements scolaires de Kinshasa pour constater la reprise effective des activit\u00e9s scolaires. Cette descente intervient \u00e0 l\u2019occasion de la rentr\u00e9e scolaire 2026-2027. Accompagn\u00e9 de la ministre d\u2019\u00c9tat, ministre de l\u2019\u00c9ducation nationale et Nouvelle Citoyennet\u00e9, F\u00e9lix Tshisekedi a effectu\u00e9 une\" \/>\n<meta property=\"og:url\" content=\"https:\/\/congo-actu.net\/index.php\/2026\/09\/04\/kinshasa-college-bonsomi-ep-sona-pangu-shaumbafelix-tshisekedi-sassure-de-la-reprise-effective-des-cours\/\" \/>\n<meta property=\"og:site_name\" content=\"Congo-actu.net\" \/>\n<meta property=\"article:published_time\" content=\"2026-09-04T18:25:20+00:00\" \/>\n<meta property=\"article:modified_time\" content=\"2026-09-04T18:25:23+00:00\" \/>\n<meta property=\"og:image\" content=\"https:\/\/congo-actu.net\/wp-content\/uploads\/2026\/09\/IMG-20260904-WA0002.jpg\" \/>\n\t<meta property=\"og:image:width\" content=\"1010\" \/>\n\t<meta property=\"og:image:height\" content=\"674\" \/>\n\t<meta property=\"og:image:type\" content=\"image\/jpeg\" \/>\n<meta name=\"author\" content=\"Christian Ngeleka\" \/>\n<meta name=\"twitter:card\" content=\"summary_large_image\" \/>\n<meta name=\"twitter:label1\" content=\"\u00c9crit par\" \/>\n\t<meta name=\"twitter:data1\" content=\"Christian Ngeleka\" \/>\n\t<meta name=\"twitter:label2\" content=\"Dur\u00e9e de lecture estim\u00e9e\" \/>\n\t<meta name=\"twitter:data2\" content=\"2 minutes\" \/>\n<script type=\"application\/ld+json\" class=\"yoast-schema-graph\">{\"@context\":\"https:\\\/\\\/schema.org\",\"@graph\":[{\"@type\":\"Article\",\"@id\":\"https:\\\/\\\/congo-actu.net\\\/index.php\\\/2026\\\/09\\\/04\\\/kinshasa-college-bonsomi-ep-sona-pangu-shaumbafelix-tshisekedi-sassure-de-la-reprise-effective-des-cours\\\/#article\",\"isPartOf\":{\"@id\":\"https:\\\/\\\/congo-actu.net\\\/index.php\\\/2026\\\/09\\\/04\\\/kinshasa-college-bonsomi-ep-sona-pangu-shaumbafelix-tshisekedi-sassure-de-la-reprise-effective-des-cours\\\/\"},\"author\":{\"name\":\"Christian Ngeleka\",\"@id\":\"https:\\\/\\\/congo-actu.net\\\/#\\\/schema\\\/person\\\/8c4f2b5b4ccb9e9eb30b6fc9186af543\"},\"headline\":\"Kinshasa : Coll\u00e8ge Bonsomi, EP Sona Pangu, Shaumba\u2026F\u00e9lix Tshisekedi s\u2019assure de la reprise effective des cours\",\"datePublished\":\"2026-09-04T18:25:20+00:00\",\"dateModified\":\"2026-09-04T18:25:23+00:00\",\"mainEntityOfPage\":{\"@id\":\"https:\\\/\\\/congo-actu.net\\\/index.php\\\/2026\\\/09\\\/04\\\/kinshasa-college-bonsomi-ep-sona-pangu-shaumbafelix-tshisekedi-sassure-de-la-reprise-effective-des-cours\\\/\"},\"wordCount\":271,\"image\":{\"@id\":\"https:\\\/\\\/congo-actu.net\\\/index.php\\\/2026\\\/09\\\/04\\\/kinshasa-college-bonsomi-ep-sona-pangu-shaumbafelix-tshisekedi-sassure-de-la-reprise-effective-des-cours\\\/#primaryimage\"},\"thumbnailUrl\":\"https:\\\/\\\/congo-actu.net\\\/wp-content\\\/uploads\\\/2026\\\/09\\\/IMG-20260904-WA0002.jpg\",\"keywords\":[\"F\u00e9lix Tshisekedi\",\"Ra\u00efssa Malu\",\"RDC\",\"Rentr\u00e9e scolaire 2026-2027\"],\"articleSection\":[\"Education\"],\"inLanguage\":\"fr-FR\"},{\"@type\":\"WebPage\",\"@id\":\"https:\\\/\\\/congo-actu.net\\\/index.php\\\/2026\\\/09\\\/04\\\/kinshasa-college-bonsomi-ep-sona-pangu-shaumbafelix-tshisekedi-sassure-de-la-reprise-effective-des-cours\\\/\",\"url\":\"https:\\\/\\\/congo-actu.net\\\/index.php\\\/2026\\\/09\\\/04\\\/kinshasa-college-bonsomi-ep-sona-pangu-shaumbafelix-tshisekedi-sassure-de-la-reprise-effective-des-cours\\\/\",\"name\":\"Kinshasa : Coll\u00e8ge Bonsomi, EP Sona Pangu, Shaumba\u2026F\u00e9lix Tshisekedi s\u2019assure de la reprise effective des cours - Congo-actu.net\",\"isPartOf\":{\"@id\":\"https:\\\/\\\/congo-actu.net\\\/#website\"},\"primaryImageOfPage\":{\"@id\":\"https:\\\/\\\/congo-actu.net\\\/index.php\\\/2026\\\/09\\\/04\\\/kinshasa-college-bonsomi-ep-sona-pangu-shaumbafelix-tshisekedi-sassure-de-la-reprise-effective-des-cours\\\/#primaryimage\"},\"image\":{\"@id\":\"https:\\\/\\\/congo-actu.net\\\/index.php\\\/2026\\\/09\\\/04\\\/kinshasa-college-bonsomi-ep-sona-pangu-shaumbafelix-tshisekedi-sassure-de-la-reprise-effective-des-cours\\\/#primaryimage\"},\"thumbnailUrl\":\"https:\\\/\\\/congo-actu.net\\\/wp-content\\\/uploads\\\/2026\\\/09\\\/IMG-20260904-WA0002.jpg\",\"datePublished\":\"2026-09-04T18:25:20+00:00\",\"dateModified\":\"2026-09-04T18:25:23+00:00\",\"author\":{\"@id\":\"https:\\\/\\\/congo-actu.net\\\/#\\\/schema\\\/person\\\/8c4f2b5b4ccb9e9eb30b6fc9186af543\"},\"breadcrumb\":{\"@id\":\"https:\\\/\\\/congo-actu.net\\\/index.php\\\/2026\\\/09\\\/04\\\/kinshasa-college-bonsomi-ep-sona-pangu-shaumbafelix-tshisekedi-sassure-de-la-reprise-effective-des-cours\\\/#breadcrumb\"},\"inLanguage\":\"fr-FR\",\"potentialAction\":[{\"@type\":\"ReadAction\",\"target\":[\"https:\\\/\\\/congo-actu.net\\\/index.php\\\/2026\\\/09\\\/04\\\/kinshasa-college-bonsomi-ep-sona-pangu-shaumbafelix-tshisekedi-sassure-de-la-reprise-effective-des-cours\\\/\"]}]},{\"@type\":\"ImageObject\",\"inLanguage\":\"fr-FR\",\"@id\":\"https:\\\/\\\/congo-actu.net\\\/index.php\\\/2026\\\/09\\\/04\\\/kinshasa-college-bonsomi-ep-sona-pangu-shaumbafelix-tshisekedi-sassure-de-la-reprise-effective-des-cours\\\/#primaryimage\",\"url\":\"https:\\\/\\\/congo-actu.net\\\/wp-content\\\/uploads\\\/2026\\\/09\\\/IMG-20260904-WA0002.jpg\",\"contentUrl\":\"https:\\\/\\\/congo-actu.net\\\/wp-content\\\/uploads\\\/2026\\\/09\\\/IMG-20260904-WA0002.jpg\",\"width\":1010,\"height\":674},{\"@type\":\"BreadcrumbList\",\"@id\":\"https:\\\/\\\/congo-actu.net\\\/index.php\\\/2026\\\/09\\\/04\\\/kinshasa-college-bonsomi-ep-sona-pangu-shaumbafelix-tshisekedi-sassure-de-la-reprise-effective-des-cours\\\/#breadcrumb\",\"itemListElement\":[{\"@type\":\"ListItem\",\"position\":1,\"name\":\"Accueil\",\"item\":\"https:\\\/\\\/congo-actu.net\\\/\"},{\"@type\":\"ListItem\",\"position\":2,\"name\":\"Kinshasa : Coll\u00e8ge Bonsomi, EP Sona Pangu, Shaumba\u2026F\u00e9lix Tshisekedi s\u2019assure de la reprise effective des cours\"}]},{\"@type\":\"WebSite\",\"@id\":\"https:\\\/\\\/congo-actu.net\\\/#website\",\"url\":\"https:\\\/\\\/congo-actu.net\\\/\",\"name\":\"Congo-actu.net\",\"description\":\"Les nouvelles de la RDC et d&#039;ailleurs en un clic\",\"potentialAction\":[{\"@type\":\"SearchAction\",\"target\":{\"@type\":\"EntryPoint\",\"urlTemplate\":\"https:\\\/\\\/congo-actu.net\\\/?s={search_term_string}\"},\"query-input\":{\"@type\":\"PropertyValueSpecification\",\"valueRequired\":true,\"valueName\":\"search_term_string\"}}],\"inLanguage\":\"fr-FR\"},{\"@type\":\"Person\",\"@id\":\"https:\\\/\\\/congo-actu.net\\\/#\\\/schema\\\/person\\\/8c4f2b5b4ccb9e9eb30b6fc9186af543\",\"name\":\"Christian Ngeleka\",\"image\":{\"@type\":\"ImageObject\",\"inLanguage\":\"fr-FR\",\"@id\":\"https:\\\/\\\/congo-actu.net\\\/wp-content\\\/litespeed\\\/avatar\\\/267570a50b37451de19a5339884f28c8.jpg?ver=1787985945\",\"url\":\"https:\\\/\\\/congo-actu.net\\\/wp-content\\\/litespeed\\\/avatar\\\/267570a50b37451de19a5339884f28c8.jpg?ver=1787985945\",\"contentUrl\":\"https:\\\/\\\/congo-actu.net\\\/wp-content\\\/litespeed\\\/avatar\\\/267570a50b37451de19a5339884f28c8.jpg?ver=1787985945\",\"caption\":\"Christian Ngeleka\"},\"url\":\"https:\\\/\\\/congo-actu.net\\\/index.php\\\/author\\\/chris-ngeleka\\\/\"}]}<\/script>\n<!-- \/ Yoast SEO plugin. -->","yoast_head_json":{"title":"Kinshasa : Coll\u00e8ge Bonsomi, EP Sona Pangu, Shaumba\u2026F\u00e9lix Tshisekedi s\u2019assure de la reprise effective des cours - Congo-actu.net","robots":{"index":"index","follow":"follow","max-snippet":"max-snippet:-1","max-image-preview":"max-image-preview:large","max-video-preview":"max-video-preview:-1"},"canonical":"https:\/\/congo-actu.net\/index.php\/2026\/09\/04\/kinshasa-college-bonsomi-ep-sona-pangu-shaumbafelix-tshisekedi-sassure-de-la-reprise-effective-des-cours\/","og_locale":"fr_FR","og_type":"article","og_title":"Kinshasa : Coll\u00e8ge Bonsomi, EP Sona Pangu, Shaumba\u2026F\u00e9lix Tshisekedi s\u2019assure de la reprise effective des cours - Congo-actu.net","og_description":"Le President de la R\u00e9publique D\u00e9mocratique du Congo s\u2019est rendu, ce vendredi 04 septembre, dans trois \u00e9tablissements scolaires de Kinshasa pour constater la reprise effective des activit\u00e9s scolaires. Cette descente intervient \u00e0 l\u2019occasion de la rentr\u00e9e scolaire 2026-2027. Accompagn\u00e9 de la ministre d\u2019\u00c9tat, ministre de l\u2019\u00c9ducation nationale et Nouvelle Citoyennet\u00e9, F\u00e9lix Tshisekedi a effectu\u00e9 une","og_url":"https:\/\/congo-actu.net\/index.php\/2026\/09\/04\/kinshasa-college-bonsomi-ep-sona-pangu-shaumbafelix-tshisekedi-sassure-de-la-reprise-effective-des-cours\/","og_site_name":"Congo-actu.net","article_published_time":"2026-09-04T18:25:20+00:00","article_modified_time":"2026-09-04T18:25:23+00:00","og_image":[{"width":1010,"height":674,"url":"https:\/\/congo-actu.net\/wp-content\/uploads\/2026\/09\/IMG-20260904-WA0002.jpg","type":"image\/jpeg"}],"author":"Christian Ngeleka","twitter_card":"summary_large_image","twitter_misc":{"\u00c9crit par":"Christian Ngeleka","Dur\u00e9e de lecture estim\u00e9e":"2 minutes"},"schema":{"@context":"https:\/\/schema.org","@graph":[{"@type":"Article","@id":"https:\/\/congo-actu.net\/index.php\/2026\/09\/04\/kinshasa-college-bonsomi-ep-sona-pangu-shaumbafelix-tshisekedi-sassure-de-la-reprise-effective-des-cours\/#article","isPartOf":{"@id":"https:\/\/congo-actu.net\/index.php\/2026\/09\/04\/kinshasa-college-bonsomi-ep-sona-pangu-shaumbafelix-tshisekedi-sassure-de-la-reprise-effective-des-cours\/"},"author":{"name":"Christian Ngeleka","@id":"https:\/\/congo-actu.net\/#\/schema\/person\/8c4f2b5b4ccb9e9eb30b6fc9186af543"},"headline":"Kinshasa : Coll\u00e8ge Bonsomi, EP Sona Pangu, Shaumba\u2026F\u00e9lix Tshisekedi s\u2019assure de la reprise effective des cours","datePublished":"2026-09-04T18:25:20+00:00","dateModified":"2026-09-04T18:25:23+00:00","mainEntityOfPage":{"@id":"https:\/\/congo-actu.net\/index.php\/2026\/09\/04\/kinshasa-college-bonsomi-ep-sona-pangu-shaumbafelix-tshisekedi-sassure-de-la-reprise-effective-des-cours\/"},"wordCount":271,"image":{"@id":"https:\/\/congo-actu.net\/index.php\/2026\/09\/04\/kinshasa-college-bonsomi-ep-sona-pangu-shaumbafelix-tshisekedi-sassure-de-la-reprise-effective-des-cours\/#primaryimage"},"thumbnailUrl":"https:\/\/congo-actu.net\/wp-content\/uploads\/2026\/09\/IMG-20260904-WA0002.jpg","keywords":["F\u00e9lix Tshisekedi","Ra\u00efssa Malu","RDC","Rentr\u00e9e scolaire 2026-2027"],"articleSection":["Education"],"inLanguage":"fr-FR"},{"@type":"WebPage","@id":"https:\/\/congo-actu.net\/index.php\/2026\/09\/04\/kinshasa-college-bonsomi-ep-sona-pangu-shaumbafelix-tshisekedi-sassure-de-la-reprise-effective-des-cours\/","url":"https:\/\/congo-actu.net\/index.php\/2026\/09\/04\/kinshasa-college-bonsomi-ep-sona-pangu-shaumbafelix-tshisekedi-sassure-de-la-reprise-effective-des-cours\/","name":"Kinshasa : Coll\u00e8ge Bonsomi, EP Sona Pangu, Shaumba\u2026F\u00e9lix Tshisekedi s\u2019assure de la reprise effective des cours - Congo-actu.net","isPartOf":{"@id":"https:\/\/congo-actu.net\/#website"},"primaryImageOfPage":{"@id":"https:\/\/congo-actu.net\/index.php\/2026\/09\/04\/kinshasa-college-bonsomi-ep-sona-pangu-shaumbafelix-tshisekedi-sassure-de-la-reprise-effective-des-cours\/#primaryimage"},"image":{"@id":"https:\/\/congo-actu.net\/index.php\/2026\/09\/04\/kinshasa-college-bonsomi-ep-sona-pangu-shaumbafelix-tshisekedi-sassure-de-la-reprise-effective-des-cours\/#primaryimage"},"thumbnailUrl":"https:\/\/congo-actu.net\/wp-content\/uploads\/2026\/09\/IMG-20260904-WA0002.jpg","datePublished":"2026-09-04T18:25:20+00:00","dateModified":"2026-09-04T18:25:23+00:00","author":{"@id":"https:\/\/congo-actu.net\/#\/schema\/person\/8c4f2b5b4ccb9e9eb30b6fc9186af543"},"breadcrumb":{"@id":"https:\/\/congo-actu.net\/index.php\/2026\/09\/04\/kinshasa-college-bonsomi-ep-sona-pangu-shaumbafelix-tshisekedi-sassure-de-la-reprise-effective-des-cours\/#breadcrumb"},"inLanguage":"fr-FR","potentialAction":[{"@type":"ReadAction","target":["https:\/\/congo-actu.net\/index.php\/2026\/09\/04\/kinshasa-college-bonsomi-ep-sona-pangu-shaumbafelix-tshisekedi-sassure-de-la-reprise-effective-des-cours\/"]}]},{"@type":"ImageObject","inLanguage":"fr-FR","@id":"https:\/\/congo-actu.net\/index.php\/2026\/09\/04\/kinshasa-college-bonsomi-ep-sona-pangu-shaumbafelix-tshisekedi-sassure-de-la-reprise-effective-des-cours\/#primaryimage","url":"https:\/\/congo-actu.net\/wp-content\/uploads\/2026\/09\/IMG-20260904-WA0002.jpg","contentUrl":"https:\/\/congo-actu.net\/wp-content\/uploads\/2026\/09\/IMG-20260904-WA0002.jpg","width":1010,"height":674},{"@type":"BreadcrumbList","@id":"https:\/\/congo-actu.net\/index.php\/2026\/09\/04\/kinshasa-college-bonsomi-ep-sona-pangu-shaumbafelix-tshisekedi-sassure-de-la-reprise-effective-des-cours\/#breadcrumb","itemListElement":[{"@type":"ListItem","position":1,"name":"Accueil","item":"https:\/\/congo-actu.net\/"},{"@type":"ListItem","position":2,"name":"Kinshasa : Coll\u00e8ge Bonsomi, EP Sona Pangu, Shaumba\u2026F\u00e9lix Tshisekedi s\u2019assure de la reprise effective des cours"}]},{"@type":"WebSite","@id":"https:\/\/congo-actu.net\/#website","url":"https:\/\/congo-actu.net\/","name":"Congo-actu.net","description":"Les nouvelles de la RDC et d&#039;ailleurs en un clic","potentialAction":[{"@type":"SearchAction","target":{"@type":"EntryPoint","urlTemplate":"https:\/\/congo-actu.net\/?s={search_term_string}"},"query-input":{"@type":"PropertyValueSpecification","valueRequired":true,"valueName":"search_term_string"}}],"inLanguage":"fr-FR"},{"@type":"Person","@id":"https:\/\/congo-actu.net\/#\/schema\/person\/8c4f2b5b4ccb9e9eb30b6fc9186af543","name":"Christian Ngeleka","image":{"@type":"ImageObject","inLanguage":"fr-FR","@id":"https:\/\/congo-actu.net\/wp-content\/litespeed\/avatar\/267570a50b37451de19a5339884f28c8.jpg?ver=1787985945","url":"https:\/\/congo-actu.net\/wp-content\/litespeed\/avatar\/267570a50b37451de19a5339884f28c8.jpg?ver=1787985945","contentUrl":"https:\/\/congo-actu.net\/wp-content\/litespeed\/avatar\/267570a50b37451de19a5339884f28c8.jpg?ver=1787985945","caption":"Christian Ngeleka"},"url":"https:\/\/congo-actu.net\/index.php\/author\/chris-ngeleka\/"}]}},"amp_enabled":true,"_links":{"self":[{"href":"https:\/\/congo-actu.net\/index.php\/wp-json\/wp\/v2\/posts\/37072","targetHints":{"allow":["GET"]}}],"collection":[{"href":"https:\/\/congo-actu.net\/index.php\/wp-json\/wp\/v2\/posts"}],"about":[{"href":"https:\/\/congo-actu.net\/index.php\/wp-json\/wp\/v2\/types\/post"}],"author":[{"embeddable":true,"href":"https:\/\/congo-actu.net\/index.php\/wp-json\/wp\/v2\/users\/2"}],"replies":[{"embeddable":true,"href":"https:\/\/congo-actu.net\/index.php\/wp-json\/wp\/v2\/comments?post=37072"}],"version-history":[{"count":1,"href":"https:\/\/congo-actu.net\/index.php\/wp-json\/wp\/v2\/posts\/37072\/revisions"}],"predecessor-version":[{"id":37075,"href":"https:\/\/congo-actu.net\/index.php\/wp-json\/wp\/v2\/posts\/37072\/revisions\/37075"}],"wp:featuredmedia":[{"embeddable":true,"href":"https:\/\/congo-actu.net\/index.php\/wp-json\/wp\/v2\/media\/37073"}],"wp:attachment":[{"href":"https:\/\/congo-actu.net\/index.php\/wp-json\/wp\/v2\/media?parent=37072"}],"wp:term":[{"taxonomy":"category","embeddable":true,"href":"https:\/\/congo-actu.net\/index.php\/wp-json\/wp\/v2\/categories?post=37072"},{"taxonomy":"post_tag","embeddable":true,"href":"https:\/\/congo-actu.net\/index.php\/wp-json\/wp\/v2\/tags?post=37072"}],"curies":[{"name":"wp","href":"https:\/\/api.w.org\/{rel}","templated":true}]}}